{"id":88695,"date":"2025-11-16T17:20:09","date_gmt":"2025-11-16T17:20:09","guid":{"rendered":"https:\/\/www.europesays.com\/no\/88695\/"},"modified":"2025-11-16T17:20:09","modified_gmt":"2025-11-16T17:20:09","slug":"barnekonvensjonen-kan-vi-leve-med-en-dobbeltmoral","status":"publish","type":"post","link":"https:\/\/www.europesays.com\/no\/88695\/","title":{"rendered":"Barnekonvensjonen: Kan vi leve med en dobbeltmoral?"},"content":{"rendered":"\n<p>Nassira Essahli Vik  F\u00f8rsteamanuensis, Institutt for pedagogikk og livslang l\u00e6ring, NTNU<\/p>\n<p>Ingvill Stuv\u00f8y  F\u00f8rsteamanuensis<br \/>\nInstitutt for sosiologi og statsvitenskap, NTNU<\/p>\n<p><img decoding=\"async\" src=\"data:image\/gif;base64,R0lGODlhEAAJAIAAAP\/\/\/wAAACH5BAEAAAAALAAAAAAQAAkAAAIKhI+py+0Po5yUFQA7\" alt=\"\"\/>  <\/p>\n<p>Aurora Terjesdatter S\u00f8rsveen  Stipendiat, Institutt for sosiologi og statsvitenskap, NTNU<\/p>\n<p><img decoding=\"async\" src=\"data:image\/gif;base64,R0lGODlhEAAJAIAAAP\/\/\/wAAACH5BAEAAAAALAAAAAAQAAkAAAIKhI+py+0Po5yUFQA7\" alt=\"\"\/>  <\/p>\n<p>Ida Marie Lys\u00e5  F\u00f8rsteamanuensis, Institutt for pedagogikk og livslang l\u00e6ring, NTNU<\/p>\n<p>Publisert:<br \/>\n  16. november 2025 kl. 17:20<br \/>\n  Oppdatert:<br \/>\n  16. november 2025 kl. 17:20\n <\/p>\n<p>Dette er et debattinnlegg. Det gir uttrykk for debattantens egen holdning.<\/p>\n<p><strong>20. november<\/strong> 2025 er det 36 \u00e5r siden FNs barnekonvensjon ble vedtatt og etter hvert ratifisert av mange land (unntatt USA). Den sl\u00e5r fast at alle barn skal ha de samme rettighetene uavhengig av hvor de bor, hvem de er, eller hva foreldrene deres gj\u00f8r. Konvensjonen har v\u00e6rt med \u00e5 endre synet p\u00e5 barn ved blant annet \u00e5 erkl\u00e6re at barn ikke bare skal beskyttes, men ogs\u00e5 lyttes til og tas med i avgj\u00f8relser som ang\u00e5r dem. If\u00f8lge Redd Barna har over 20\u00a0000 barn blitt drept i Gaza og over 100 har d\u00f8dd som f\u00f8lge av hungersn\u00f8d. S\u00e5 hvorfor ble ikke disse barna beskyttet? Gjelder ikke denne internasjonale konvensjonen for dem?<\/p>\n<p>Norge er uten tvil et av landene i verden med de beste oppvekstvilk\u00e5rene for barn. Barns rettigheter blir stadig styrket, og de fleste nordmenn liker \u00e5 se p\u00e5 Norge som et foregangsland p\u00e5 dette omr\u00e5det.<\/p>\n<p>Situasjonen i Gaza har vist oss en helt annen virkelighet hvor barn har v\u00e6rt et eksplisitt m\u00e5l for den israelske h\u00e6ren. Dette ser ikke ut til \u00e5 ha endret seg selv om Israel har f\u00e5tt ut sine gisler. Angrepene p\u00e5 palestinere fortsetter b\u00e5de i Gaza og p\u00e5 Vestbredden. Hvordan vi \u2013 som verdenssamfunn og her i Norge \u2013 lyktes med \u00e5 etterleve prinsippene som er nedfelt for barns rettigheter?<\/p>\n<p><a href=\"https:\/\/www.adressa.no\/debatt\/i\/0VP7xg\/gazas-biologiske-undergang\" rel=\"nofollow noopener\" target=\"_blank\"> <img decoding=\"async\" src=\"data:image\/gif;base64,R0lGODlhEAAJAIAAAP\/\/\/wAAACH5BAEAAAAALAAAAAAQAAkAAAIKhI+py+0Po5yUFQA7\" alt=\"\"\/>   Gazas biologiske undergang  <\/a> <\/p>\n<p><strong>Den tidligere israelske forsvarsministeren<\/strong>, Yoav Gallant, erkl\u00e6rte 9. oktober 2023 f\u00f8lgende: <a href=\"https:\/\/www.vg.no\/nyheter\/i\/bmpRAl\/naa-granskes-israelske-lederes-uttalelser-med-lupe\" rel=\"noopener nofollow\" target=\"_blank\">\u00abJeg har beordret en fullstendig beleiring. Ingen str\u00f8m, ingen mat og ingen drivstoff. Vi kjemper mot menneskelige dyr\u00bb<\/a>. Han er ikke alene om slike inhumane uttalelser. Den tidligere generalmajor i IDF, Aharon Haliva, sa til israelske\u00a0Kanal 12.: \u00abFor alt som skjedde p\u00e5 7. oktober, for hver person som d\u00f8de 7. oktober, s\u00e5 m\u00e5 50 palestinere d\u00f8 (\u2026). Det spiller ingen rolle om de er barn\u00bb.<\/p>\n<p>Tall fra Gaza viser en grusom og inhuman virkelighet hinsides det vi kan forestille oss. <a href=\"https:\/\/www.aftenposten.no\/verden\/i\/qPK3Ko\/gazas-helsemyndigheter-oppjusterer-antallet-drepte-i-krigen-til-69000\" rel=\"noopener nofollow\" target=\"_blank\">Mer enn 69\u00a0000 palestinere ble drept av Israel i deres angrepskrig mot Gaza<\/a>. 170\u00a0000 ble s\u00e5ret. <a href=\"https:\/\/www.theguardian.com\/world\/2025\/may\/06\/hamas-israel-hunger-war-in-gaza\" rel=\"noopener nofollow\" target=\"_blank\">Anslag tyder p\u00e5 at ca. 80 prosent av de drepte var sivile<\/a>. <a href=\"https:\/\/www.aftenposten.no\/verden\/i\/KMdKBy\/tallet-paa-drepte-stiger-etter-nye-israelske-angrep-i-gaza\" rel=\"noopener nofollow\" target=\"_blank\">Aftenposten meldte<\/a> at flertallet av de drepte og s\u00e5rede var barn og kvinner. Det vil si mer enn 21\u00a0000 drepte barn. Andelen barn blant de s\u00e5rede var sannsynligvis like stor. <a href=\"https:\/\/www.vg.no\/nyheter\/i\/8qKOMw\/doedslisten-fra-gaza-876-drepte-babyer#:~:text=Blant%20de%20drepte%20er%20det,drepte%20i%20Gaza%20er%20barn.\" rel=\"noopener nofollow\" target=\"_blank\">VG rapporterte i mars at det var 876 spedbarn blant de drepte<\/a>. I tillegg til de drepte foregikk en fordrivelse av folk p\u00e5 bakken. Familier ble jagd fra sted til sted, sultet, og var ikke trygge noe sted. Til tross for v\u00e5penhvilen er 60 prosent av Gaza fortsatt kontrollert av Israelske soldater, og Israel nekter tilstrekkelig med n\u00f8dhjelp \u00e5 slippe inn.<\/p>\n<p>Vi kan ikke la disse tallene reduseres til ren statistikk. Hvert tall representerer et menneske \u2013 et liv med dr\u00f8mmer, h\u00e5p og en urokkelig lengsel etter verdighet, frihet og en framtid som aldri m\u00e5 glemmes. Likevel er ikke tallene uvesentlige. De sier noe om det enorme omfanget av Israels angrepskrig.<\/p>\n<p><img decoding=\"async\" src=\"data:image\/gif;base64,R0lGODlhEAAJAIAAAP\/\/\/wAAACH5BAEAAAAALAAAAAAQAAkAAAIKhI+py+0Po5yUFQA7\" alt=\"\"\/><br \/>\n  Barn i matk\u00f8 p\u00e5 Gaza.<br \/>\n  <strong>Foto:<\/strong> Ramadan Abed \/ Reuters<\/p>\n<p><strong>Hva betyr egentlig<\/strong> en internasjonal konvensjon om barns rettigheter n\u00e5r vi ser barn bli drept, lemlestet, traumatisert, utsultet og fengslet uten lov og dom? Og hva betyr det for Norge at vi har ratifisert en slik internasjonal konvensjon? Om det ikke inneb\u00e6rer noen forpliktelser for oss som nasjon, hva er da poenget? Skal vi n\u00f8ye oss med \u00e5 sikre barns rettigheter hjemme, men tie n\u00e5r barn andre steder lider under systematiske overgrep? Er rettighetene og normene som ligger i FN egentlig universelle \u2013 like for alle? Hvordan ville vi i vestlige land forholdt oss til en slik angrepskrig og slike overgrep mot en sivilbefolkning hvis den skjedde i et europeisk land. Ville man handlet annerledes? Ville man grepet inn? Ville man tydd til blokader, boikott, og sanksjoner? Hvis svaret er ja inneb\u00e6rer det at vi har doble standarder.<\/p>\n<p><img decoding=\"async\" src=\"data:image\/gif;base64,R0lGODlhEAAJAIAAAP\/\/\/wAAACH5BAEAAAAALAAAAAAQAAkAAAIKhI+py+0Po5yUFQA7\" alt=\"\"\/><br \/>\n  Barn som hviler etter \u00e5 ha blitt evakuert fra hjemmene sine p\u00e5 Gaza.<br \/>\n  <strong>Foto:<\/strong> Mohammed Salem \/ Reuters<\/p>\n<p><strong>Under FNs hovedforsamling<\/strong> i september 2025 sa Islands utenriksminister <a href=\"https:\/\/gadebate.un.org\/en\/80\/iceland\" rel=\"noopener nofollow\" target=\"_blank\">Thorgerdur Katrin Gunnarsdottir at Internasjonal lov forplikter det internasjonale samfunnet til \u00e5 beskytte barna i Gaza, men at vi \u00abfeiler i dette n\u00e5\u00bb.<\/a> \u00c5 ta barnekonvensjonen p\u00e5 alvor krever at Norge \u2013 og verdenssamfunnet \u2013 bruker b\u00e5de politisk press, diplomati og handling. Ellers blir konvensjonen redusert til et papir uten reell betydning for dem som trenger den mest. Konsekvensene av dette vil v\u00e6re katastrofale i fremtiden b\u00e5de i Norge og utenfor Norges grenser.<\/p>\n<p>Situasjonen i Gaza minner oss om at konvensjoner i seg selv ikke redder liv. Hvis vi virkelig mener alvor med barns rettigheter m\u00e5 vi v\u00e5ge \u00e5 heve stemmen, ogs\u00e5 n\u00e5r det gjelder de barna som ikke selv kan bli h\u00f8rt og som ikke tilh\u00f8rer den vestlige verden. Kan vi leve med en dobbeltmoral hvor internasjonale konvensjoner bare gjelder noen barn?<\/p>\n<p><strong>Hva mener du? Send inn din tekst til <a href=\"https:\/\/www.adressa.no\/debatt\/i\/wgyBrG\/mailto:debatt@adresseavisen.no\" rel=\"noopener nofollow\" target=\"_blank\">debatt@adresseavisen.no<\/a> eller delta i debatten i kommentarfeltet nederst \u2013 og husk fullt navn!<\/strong><\/p>\n","protected":false},"excerpt":{"rendered":"Nassira Essahli Vik F\u00f8rsteamanuensis, Institutt for pedagogikk og livslang l\u00e6ring, NTNU Ingvill Stuv\u00f8y F\u00f8rsteamanuensis Institutt for sosiologi og&hellip;\n","protected":false},"author":2,"featured_media":88696,"comment_status":"","ping_status":"","sticky":false,"template":"","format":"standard","meta":{"footnotes":""},"categories":[12],"tags":[10647,20,21,37,24,25,332,11724,53,15,52,474,22,23,13,30,28,29,1567,14,1622,16,26,27,50,42,1694,43,44,45],"class_list":{"0":"post-88695","1":"post","2":"type-post","3":"status-publish","4":"format-standard","5":"has-post-thumbnail","7":"category-verden","8":"tag-barneloven","9":"tag-breaking-news","10":"tag-breakingnews","11":"tag-debatt","12":"tag-featured-news","13":"tag-featurednews","14":"tag-fn","15":"tag-fns-barnekonvensjon","16":"tag-gaza","17":"tag-headlines","18":"tag-israel","19":"tag-krig","20":"tag-latest-news","21":"tag-latestnews","22":"tag-news","23":"tag-no","24":"tag-norge","25":"tag-norway","26":"tag-ntnu","27":"tag-nyheter","28":"tag-overgrep","29":"tag-overskrifter","30":"tag-top-stories","31":"tag-topstories","32":"tag-usa","33":"tag-verden","34":"tag-vestbredden","35":"tag-world","36":"tag-world-news","37":"tag-worldnews"},"share_on_mastodon":{"url":"https:\/\/pubeurope.com\/@no\/115560528199784044","error":""},"_links":{"self":[{"href":"https:\/\/www.europesays.com\/no\/wp-json\/wp\/v2\/posts\/88695","targetHints":{"allow":["GET"]}}],"collection":[{"href":"https:\/\/www.europesays.com\/no\/wp-json\/wp\/v2\/posts"}],"about":[{"href":"https:\/\/www.europesays.com\/no\/wp-json\/wp\/v2\/types\/post"}],"author":[{"embeddable":true,"href":"https:\/\/www.europesays.com\/no\/wp-json\/wp\/v2\/users\/2"}],"replies":[{"embeddable":true,"href":"https:\/\/www.europesays.com\/no\/wp-json\/wp\/v2\/comments?post=88695"}],"version-history":[{"count":0,"href":"https:\/\/www.europesays.com\/no\/wp-json\/wp\/v2\/posts\/88695\/revisions"}],"wp:featuredmedia":[{"embeddable":true,"href":"https:\/\/www.europesays.com\/no\/wp-json\/wp\/v2\/media\/88696"}],"wp:attachment":[{"href":"https:\/\/www.europesays.com\/no\/wp-json\/wp\/v2\/media?parent=88695"}],"wp:term":[{"taxonomy":"category","embeddable":true,"href":"https:\/\/www.europesays.com\/no\/wp-json\/wp\/v2\/categories?post=88695"},{"taxonomy":"post_tag","embeddable":true,"href":"https:\/\/www.europesays.com\/no\/wp-json\/wp\/v2\/tags?post=88695"}],"curies":[{"name":"wp","href":"https:\/\/api.w.org\/{rel}","templated":true}]}}