{"id":88711,"date":"2025-11-16T17:35:10","date_gmt":"2025-11-16T17:35:10","guid":{"rendered":"https:\/\/www.europesays.com\/no\/88711\/"},"modified":"2025-11-16T17:35:10","modified_gmt":"2025-11-16T17:35:10","slug":"trafikkulykke-politi-rykker-ut-til-ulykke-sjafor-har-mistet-kontroll-over-bilen","status":"publish","type":"post","link":"https:\/\/www.europesays.com\/no\/88711\/","title":{"rendered":"Trafikkulykke, Politi | Rykker ut til ulykke \u2013 sj\u00e5f\u00f8r har mistet kontroll over bilen"},"content":{"rendered":"\n<p>N\u00f8detatene er p\u00e5 vei til H\u00e5rstadkrysset, hvor en sj\u00e5f\u00f8r har mistet kontroll over bilen og strandet opp\u00e5 rundkj\u00f8ringen. <\/p>\n<p>\u2013 \u00d8vrig trafikk kan passere, skriver operasjonsleder Trond Hangaas i politiloggen klokka 16:08.<\/p>\n<p>Uhellet skjedde under \u00f8velseskj\u00f8ring, opplyser Hangaas klokka 17:14.<\/p>\n<p>Bilen hadde sommerdekk.<\/p>\n<p>\u2013 Det er ikke helt sommerdekk-f\u00f8re n\u00e5. Bilen var ikke riktig skodd og det var ingen erfaren sj\u00e5f\u00f8r, sier Hangaas.<\/p>\n<p>Klokka 17:26 st\u00e5r bilen enn\u00e5 i rundkj\u00f8ringa og venter p\u00e5 berging. Politiet har forlatt stedet.<\/p>\n<p>Det opprettes sak p\u00e5 hendelsen og ledsagers f\u00f8rerkort er beslaglagt.<\/p>\n","protected":false},"excerpt":{"rendered":"N\u00f8detatene er p\u00e5 vei til H\u00e5rstadkrysset, hvor en sj\u00e5f\u00f8r har mistet kontroll over bilen og strandet opp\u00e5 rundkj\u00f8ringen.&hellip;\n","protected":false},"author":2,"featured_media":88712,"comment_status":"","ping_status":"","sticky":false,"template":"","format":"standard","meta":{"footnotes":""},"categories":[10],"tags":[36,20,21,24,25,15,22,23,13,30,28,29,14,16,254,1510,26,27,666,596],"class_list":{"0":"post-88711","1":"post","2":"type-post","3":"status-publish","4":"format-standard","5":"has-post-thumbnail","7":"category-norge","8":"tag-art","9":"tag-breaking-news","10":"tag-breakingnews","11":"tag-featured-news","12":"tag-featurednews","13":"tag-headlines","14":"tag-latest-news","15":"tag-latestnews","16":"tag-news","17":"tag-no","18":"tag-norge","19":"tag-norway","20":"tag-nyheter","21":"tag-overskrifter","22":"tag-politi","23":"tag-story","24":"tag-top-stories","25":"tag-topstories","26":"tag-trafikkulykke","27":"tag-trondheim"},"share_on_mastodon":{"url":"https:\/\/pubeurope.com\/@no\/115560587231758766","error":""},"_links":{"self":[{"href":"https:\/\/www.europesays.com\/no\/wp-json\/wp\/v2\/posts\/88711","targetHints":{"allow":["GET"]}}],"collection":[{"href":"https:\/\/www.europesays.com\/no\/wp-json\/wp\/v2\/posts"}],"about":[{"href":"https:\/\/www.europesays.com\/no\/wp-json\/wp\/v2\/types\/post"}],"author":[{"embeddable":true,"href":"https:\/\/www.europesays.com\/no\/wp-json\/wp\/v2\/users\/2"}],"replies":[{"embeddable":true,"href":"https:\/\/www.europesays.com\/no\/wp-json\/wp\/v2\/comments?post=88711"}],"version-history":[{"count":0,"href":"https:\/\/www.europesays.com\/no\/wp-json\/wp\/v2\/posts\/88711\/revisions"}],"wp:featuredmedia":[{"embeddable":true,"href":"https:\/\/www.europesays.com\/no\/wp-json\/wp\/v2\/media\/88712"}],"wp:attachment":[{"href":"https:\/\/www.europesays.com\/no\/wp-json\/wp\/v2\/media?parent=88711"}],"wp:term":[{"taxonomy":"category","embeddable":true,"href":"https:\/\/www.europesays.com\/no\/wp-json\/wp\/v2\/categories?post=88711"},{"taxonomy":"post_tag","embeddable":true,"href":"https:\/\/www.europesays.com\/no\/wp-json\/wp\/v2\/tags?post=88711"}],"curies":[{"name":"wp","href":"https:\/\/api.w.org\/{rel}","templated":true}]}}