{"id":88713,"date":"2025-11-16T17:36:11","date_gmt":"2025-11-16T17:36:11","guid":{"rendered":"https:\/\/www.europesays.com\/no\/88713\/"},"modified":"2025-11-16T17:36:11","modified_gmt":"2025-11-16T17:36:11","slug":"sport-skiskyting-imponerte-igjen-internasjonal-topploper-tronder-avisa","status":"publish","type":"post","link":"https:\/\/www.europesays.com\/no\/88713\/","title":{"rendered":"Sport, Skiskyting | Imponerte igjen: \u2013 Internasjonal toppl\u00f8per &#8211; Tr\u00f8nder-Avisa"},"content":{"rendered":"<ol>\n<li><a href=\"https:\/\/news.google.com\/rss\/articles\/CBMif0FVX3lxTFBkbEZuNzlJUllEdUQ0REs5TVh2Nm80MXAwNWt2OG40eHBZOVozVmVUbGMtWHhlS2IyY1ZrU1daeGNSVUQxMS1hdDVOWDZiNXM2ckcxRjRWN014STN5cjRDb21ubTV2Um9kOHgwM19fOWFPRm45Y2k4Zk83VXhaR2s?oc=5\" target=\"_blank\" rel=\"nofollow noopener\">Sport, Skiskyting | Imponerte igjen: \u2013 Internasjonal toppl\u00f8per<\/a>&nbsp;&nbsp;Tr\u00f8nder-Avisa<\/li>\n<li><a href=\"https:\/\/news.google.com\/rss\/articles\/CBMiuwFBVV95cUxQS3paQlYtZHphVF9STm9OLU5DZm9Ud2luMmtQaWRwSl92OGhKc1FsVHFGVlA2ZlY2Z2JERExRU1FVSUlMcFFsZzlhNHhHdmJfQXY5dHJpVTIyNWpMRFZRRXFpWFFxZGozV2xCUmZlLV9LWXRZa1VOVFdPd3RpckN6amZ0SUFMZEFBLWFyM0pkYl9GQ1loS1JVOHRpWVJwRXZzZnhUQktic0pLSnFJQUU3WHBWZXhaUDc5bG8w?oc=5\" target=\"_blank\" rel=\"nofollow noopener\">Skiskyting: Marit \u00d8ygard (26) la opp for \u00e5 studere \u2013 n\u00e5 meldes hun klar for verdens<\/a>&nbsp;&nbsp;NRK<\/li>\n<li><a href=\"https:\/\/news.google.com\/rss\/articles\/CBMisgFBVV95cUxPaUtSZDVrVjV4SmI1TTZSa0tLQ05paUU4LV9oMU95ZzlYLVY0bi1YeDBMckxGTFg5X0JjaGJUSWduOVJFaUIzMDA3VmxjV2FIcWxuQnYzSG1RT0htbGVWWS1DRTRQWVlhZ0xZTGFCZzQtZ0JqOXgzQmpGSEtXcXdncVZJX3BQNXpPVFBZb08wdTBHQUFyZkFqRTJWckdLbWg4Z2ZuNE9HcVc0bklxREh4WTRB?oc=5\" target=\"_blank\" rel=\"nofollow noopener\">Maren Hjelmeset Kirkeeide vant sprinten i skiskytter\u00e5pningen etter sekundstrid<\/a>&nbsp;&nbsp;VG<\/li>\n<li><a href=\"https:\/\/news.google.com\/rss\/articles\/CBMitgFBVV95cUxQaEJTQkstZk5NRGhXOVltaUlpb0pYNXdtRktxOTQta2xjLVdfZ2dSYmtxYlB2TjFSMU1BbDdZSnhoakF5XzBqZ1NEd1MzYTRJaDhRM01CMVNfYld1MzVuSUFmN2pEbTJVQWNjdmJYWkRfNmpqZTVLdjY5WjJNZzB6VG45VWhjTnNaSFF5TEcwbmlfWmp6SDNJdW1DM3Q5bGtYYkNJOENPWDlEeC04RG92a2txNDlXdw?oc=5\" target=\"_blank\" rel=\"nofollow noopener\">Botn best i skiskytterstarten \u2013 flere landslagsl\u00f8pere sviktet<\/a>&nbsp;&nbsp;fvn.no<\/li>\n<li><a href=\"https:\/\/news.google.com\/rss\/articles\/CBMilgFBVV95cUxPTHgwell3M01tQWV3SzJSVElaYUxZV1hNdnl2WkhOVjluWFZmMmhYR25pd2dxU29oVHZyYkNESHlrXzMwYkVHZnNOOEd0MWpQV0dXdVpyeWVVUGpzWVhxZkVkMzZwbnFjWWhuNnZsSFg0czQ3NFA3NHp4NTJCVkkyblhSZWdxR2MzMmIxS05rb1E2TllVQ3c?oc=5\" target=\"_blank\" rel=\"nofollow noopener\">Viste seg frem da stjernene sviktet: \u2013 Himmel eller helvete<\/a>&nbsp;&nbsp;TV2.no<\/li>\n<\/ol>\n","protected":false},"excerpt":{"rendered":"Sport, Skiskyting | Imponerte igjen: \u2013 Internasjonal toppl\u00f8per&nbsp;&nbsp;Tr\u00f8nder-Avisa Skiskyting: Marit \u00d8ygard (26) la opp for \u00e5 studere \u2013&hellip;\n","protected":false},"author":2,"featured_media":88714,"comment_status":"","ping_status":"","sticky":false,"template":"","format":"standard","meta":{"footnotes":""},"categories":[5],"tags":[20,21,24,25,15,19,22,23,17,18,13,30,28,29,14,16,26,27],"class_list":{"0":"post-88713","1":"post","2":"type-post","3":"status-publish","4":"format-standard","5":"has-post-thumbnail","7":"category-overskrifter","8":"tag-breaking-news","9":"tag-breakingnews","10":"tag-featured-news","11":"tag-featurednews","12":"tag-headlines","13":"tag-hovedoppslag","14":"tag-latest-news","15":"tag-latestnews","16":"tag-main-news","17":"tag-mainnews","18":"tag-news","19":"tag-no","20":"tag-norge","21":"tag-norway","22":"tag-nyheter","23":"tag-overskrifter","24":"tag-top-stories","25":"tag-topstories"},"share_on_mastodon":{"url":"https:\/\/pubeurope.com\/@no\/115560591175467194","error":""},"_links":{"self":[{"href":"https:\/\/www.europesays.com\/no\/wp-json\/wp\/v2\/posts\/88713","targetHints":{"allow":["GET"]}}],"collection":[{"href":"https:\/\/www.europesays.com\/no\/wp-json\/wp\/v2\/posts"}],"about":[{"href":"https:\/\/www.europesays.com\/no\/wp-json\/wp\/v2\/types\/post"}],"author":[{"embeddable":true,"href":"https:\/\/www.europesays.com\/no\/wp-json\/wp\/v2\/users\/2"}],"replies":[{"embeddable":true,"href":"https:\/\/www.europesays.com\/no\/wp-json\/wp\/v2\/comments?post=88713"}],"version-history":[{"count":0,"href":"https:\/\/www.europesays.com\/no\/wp-json\/wp\/v2\/posts\/88713\/revisions"}],"wp:featuredmedia":[{"embeddable":true,"href":"https:\/\/www.europesays.com\/no\/wp-json\/wp\/v2\/media\/88714"}],"wp:attachment":[{"href":"https:\/\/www.europesays.com\/no\/wp-json\/wp\/v2\/media?parent=88713"}],"wp:term":[{"taxonomy":"category","embeddable":true,"href":"https:\/\/www.europesays.com\/no\/wp-json\/wp\/v2\/categories?post=88713"},{"taxonomy":"post_tag","embeddable":true,"href":"https:\/\/www.europesays.com\/no\/wp-json\/wp\/v2\/tags?post=88713"}],"curies":[{"name":"wp","href":"https:\/\/api.w.org\/{rel}","templated":true}]}}