{"id":88723,"date":"2025-11-16T17:49:12","date_gmt":"2025-11-16T17:49:12","guid":{"rendered":"https:\/\/www.europesays.com\/no\/88723\/"},"modified":"2025-11-16T17:49:12","modified_gmt":"2025-11-16T17:49:12","slug":"derfor-deler-hun-har-folt-meg-alene","status":"publish","type":"post","link":"https:\/\/www.europesays.com\/no\/88723\/","title":{"rendered":"Derfor deler hun: &#8211; Har f\u00f8lt meg alene"},"content":{"rendered":"<p>Som de fleste faste \u00abSkal vi danse\u00bb-seere vet, byr programmet p\u00e5 mer enn bare wienervals og argentinsk tango. Like vanlig er t\u00e5rer og personlige historier.<\/p>\n<p>Tidligere justis- og beredskapsminister Emilie Enger Mehl er blant kjendisene som svinger seg p\u00e5 parketten i \u00e5rets sesong av \u00abSkal vi danse\u00bb. S\u00e5 langt i sesongen har hun \u00e5pnet seg om b\u00e5de en <a href=\"https:\/\/www.tv2.no\/underholdning\/apner-om-turbulent-barndom-mot-alle-instinkter\/18199070\/\" rel=\"nofollow noopener\" target=\"_blank\">turbulent barndom der moren slet med psykisk sykdom<\/a>, samt<a href=\"https:\/\/www.tv2.no\/underholdning\/bar-pa-vond-hemmelighet-nytt-niva-av-smerte\/18249516\/\" rel=\"nofollow noopener\" target=\"_blank\"> farmorens selvmord.<\/a><\/p>\n<p>        Trenger du noen \u00e5 snakke med?<\/p>\n<p>Hvis du trenger noen \u00e5 snakke med, kan du benytte noen av disse lavterskeltilbudene:<\/p>\n<p>Mental Helse Hjelpetelefonen: Ring 116 123. Tast 2 for foreldresupport og tast 3 for studenttelefonen p\u00e5 samme nummer. Tilbyr ogs\u00e5 chat: sidetmedord.no.<\/p>\n<p>Mental Helse Ungdom: Chattetjeneste \u00e5pen hver dag klokken 18\u201321. Tjenesten er rettet mot unge voksne (18-35 \u00e5r).<\/p>\n<p>Kirkens SOS: Ring 22 40 00 40.<\/p>\n<p>Kors p\u00e5 halsen: Ring 800 333 21. Tjenesten tilbys av R\u00f8de Kors og er for deg under 18 \u00e5r.<\/p>\n<p>R\u00e5dgiving om spiseforstyrrelser: De har b\u00e5de chattetjeneste og telefonlinje.<\/p>\n<p>Akutt selvmordsfare? Ring 113 n\u00e5r det er akutt og st\u00e5r om liv. Ring legevakt p\u00e5 tlf. 116117 for \u00f8yeblikkelig hjelp.<\/p>\n<p>Leve Landsforeningen for etterlatte ved selvmord: Tar imot henvendelser p\u00e5 epost: post@leve.no eller telefon 22 36 17 00 (hverdager 9-15)<\/p>\n<p>Spillavhengighet Norge: Ring 4770200 eller skriv til kontakt@spillavhengighet.no.<\/p>\n<p>Hjelpelinjen: Hjelp i forbindelse med penge- eller dataspill. Ring 800 800 40.<\/p>\n<p>\u2013 M\u00e5 ut av komfortsonen<\/p>\n<p>N\u00e5r TV 2 m\u00f8ter Enger Mehl etter sendeslutt p\u00e5 l\u00f8rdag, er hun takknemlig for at hun f\u00e5r en uke til med dans.<\/p>\n<p>\u2013 Dette er en arena som har utfordret meg p\u00e5 flere m\u00e5ter, og hvor jeg kan v\u00e6re mer personlig og l\u00e6re noe helt nytt. Jeg danser med J\u00f8rgen som b\u00e5de er fantastisk, b\u00e5de som danser og som person. S\u00e5 selvf\u00f8lgelig blir man glad for \u00e5 f\u00e5 en uke til.\u00a0<\/p>\n<p>        <img class=\"image__img lazyload\" itemprop=\"image\" title=\"Foto: Aurora Pevik Haugn\u00e6ss \/ TV 2\" alt=\"UT AV KOMFORTSONEN: J\u00f8rgen Nilsen og Emilie Enger Mehls some-dans. Foto: Aurora Pevik Haugn\u00e6ss \/ TV 2\" width=\"978\" height=\"551\" bad-src=\"https:\/\/www.europesays.com\/no\/wp-content\/uploads\/2025\/11\/18294534.webp\" fetchpriority=\"auto\" \/><\/p>\n<p>      UT AV KOMFORTSONEN: J\u00f8rgen Nilsen og Emilie Enger Mehls some-dans.<br \/>\n         Foto: Aurora Pevik Haugn\u00e6ss \/ TV 2<\/p>\n<p>Selv om livet har forandret seg stort p\u00e5 kort tid, fra \u00e5 v\u00e6re justis- og beredskapsminister til \u00e5 danse salsa i beste sendetid, mener Enger Mehl at det er flere likhetstrekk mellom politikerrollen og \u00abSkal vi danse\u00bb-deltaker.<\/p>\n<p>\u2013 Livet mitt har endret seg mye gjennom de siste \u00e5rene. Rett f\u00f8r jeg kom hit, var det noen m\u00e5neder med intens valgkamp, og f\u00f8r det var det en innspurt p\u00e5 Stortinget, og i regjering. S\u00e5 det har g\u00e5tt litt slag i slag.\u00a0<\/p>\n<p>\u2013 Men dansingen og det jeg har gjort tidligere har jo det til felles at man blir satt i litt ukomfortable situasjoner og f\u00e5r en problemstilling man m\u00e5 l\u00f8se som man ikke er kjent med fra f\u00f8r. Man m\u00e5 ut av komfortsonen. Det er jo veldig l\u00e6rerikt, og man vokser p\u00e5 det, sier 32-\u00e5ringen.<\/p>\n<p>\u2013 Hvis man ikke tar litt risiko, kan man heller ikke oppn\u00e5 gevinst.\u00a0<\/p>\n<p>\u2013 Har f\u00f8lt meg alene<\/p>\n<p>Som deltaker i dansekonkurransen har hun b\u00e5de l\u00e6rt nye dansestiler, men ogs\u00e5 bydd p\u00e5 sterke, personlige historier fra eget liv.\u00a0<\/p>\n<p>Da Mehl var rundt fem-seks \u00e5r gammel, ble moren psykisk syk. I tidlig 20-\u00e5rene tok farmoren sitt eget liv.<\/p>\n<p>Overfor TV 2 forteller politikeren at det har f\u00f8ltes fint \u00e5 \u00e5pne seg mer.<\/p>\n<p>\u2013 Jeg har ogs\u00e5 tidligere sagt ting om meg selv og mitt privatliv innenfor noen ganske klare rammer for min del, men jeg synes fortsatt det er viktig \u00e5 ha noen grenser rundt hva man deler, understreker hun.\u00a0<\/p>\n<p>Samtidig mener hun at det er positivt \u00e5 v\u00e6re s\u00e5rbar og dele om de mer s\u00e5re tingene i livet.<\/p>\n<p>\u2013 Det \u00e5pner jo for at folk kan mene noe om deg p\u00e5 et veldig n\u00e6rt plan. Men jeg tror ogs\u00e5 at det er viktig at det ikke blir for stor avstand mellom de som tar beslutninger i Norge og de som bor rundt omkring i landet. Det er ting som jeg har b\u00e5ret p\u00e5 i mange \u00e5r som jeg har f\u00f8lt tidligere at jeg gjerne skulle ha sagt noe om, fordi jeg har blitt konfrontert med det i situasjoner jeg selv har v\u00e6rt i eller ansvaret jeg har hatt.\u00a0<\/p>\n<p>\u2013 S\u00e5 er det s\u00e5nn at mange kjenner seg igjen i det, noen ganger har jeg f\u00f8lt meg alene om de tingene jeg har delt. Men s\u00e5 er realiteten at jeg ikke er det. Det er s\u00e5 mange som har st\u00e5tt i det samme. S\u00e5 det har v\u00e6rt fint.<\/p>\n<p>Dette nekter hun \u00e5 svare p\u00e5<\/p>\n<p>Hvor ferden g\u00e5r for Mehl etter \u00abSkal vi danse\u00bb-deltakelsen, holder hun derimot tett til brystet.<\/p>\n<p>\u2013 Mellom cha cha-trinn og salsa, s\u00e5 jobber jeg i kulissene med \u00e5 legge en plan for fremtiden. S\u00e5 jeg m\u00e5 komme tilbake til hva den er. H\u00f8sten g\u00e5r fort.<\/p>\n<p class=\"italic m-italic\" data-lab-italic=\"italic\">\u2013 Vet du selv hva du skal?<\/p>\n<p>\u2013 Jeg vil holde ting for meg selv en stund.<\/p>\n","protected":false},"excerpt":{"rendered":"Som de fleste faste \u00abSkal vi danse\u00bb-seere vet, byr programmet p\u00e5 mer enn bare wienervals og argentinsk tango.&hellip;\n","protected":false},"author":2,"featured_media":88724,"comment_status":"","ping_status":"","sticky":false,"template":"","format":"standard","meta":{"footnotes":""},"categories":[10],"tags":[20,21,24,25,15,22,23,13,30,28,29,14,16,26,27],"class_list":{"0":"post-88723","1":"post","2":"type-post","3":"status-publish","4":"format-standard","5":"has-post-thumbnail","7":"category-norge","8":"tag-breaking-news","9":"tag-breakingnews","10":"tag-featured-news","11":"tag-featurednews","12":"tag-headlines","13":"tag-latest-news","14":"tag-latestnews","15":"tag-news","16":"tag-no","17":"tag-norge","18":"tag-norway","19":"tag-nyheter","20":"tag-overskrifter","21":"tag-top-stories","22":"tag-topstories"},"share_on_mastodon":{"url":"https:\/\/pubeurope.com\/@no\/115560642268081021","error":""},"_links":{"self":[{"href":"https:\/\/www.europesays.com\/no\/wp-json\/wp\/v2\/posts\/88723","targetHints":{"allow":["GET"]}}],"collection":[{"href":"https:\/\/www.europesays.com\/no\/wp-json\/wp\/v2\/posts"}],"about":[{"href":"https:\/\/www.europesays.com\/no\/wp-json\/wp\/v2\/types\/post"}],"author":[{"embeddable":true,"href":"https:\/\/www.europesays.com\/no\/wp-json\/wp\/v2\/users\/2"}],"replies":[{"embeddable":true,"href":"https:\/\/www.europesays.com\/no\/wp-json\/wp\/v2\/comments?post=88723"}],"version-history":[{"count":0,"href":"https:\/\/www.europesays.com\/no\/wp-json\/wp\/v2\/posts\/88723\/revisions"}],"wp:featuredmedia":[{"embeddable":true,"href":"https:\/\/www.europesays.com\/no\/wp-json\/wp\/v2\/media\/88724"}],"wp:attachment":[{"href":"https:\/\/www.europesays.com\/no\/wp-json\/wp\/v2\/media?parent=88723"}],"wp:term":[{"taxonomy":"category","embeddable":true,"href":"https:\/\/www.europesays.com\/no\/wp-json\/wp\/v2\/categories?post=88723"},{"taxonomy":"post_tag","embeddable":true,"href":"https:\/\/www.europesays.com\/no\/wp-json\/wp\/v2\/tags?post=88723"}],"curies":[{"name":"wp","href":"https:\/\/api.w.org\/{rel}","templated":true}]}}