{"id":88727,"date":"2025-11-16T17:51:18","date_gmt":"2025-11-16T17:51:18","guid":{"rendered":"https:\/\/www.europesays.com\/no\/88727\/"},"modified":"2025-11-16T17:51:18","modified_gmt":"2025-11-16T17:51:18","slug":"ble-tatt-litt-pa-senga","status":"publish","type":"post","link":"https:\/\/www.europesays.com\/no\/88727\/","title":{"rendered":"&#8211; Ble tatt litt p\u00e5 senga"},"content":{"rendered":"<p>  Flere m\u00e5tte snu i d\u00f8ra p\u00e5 utestedet Carls i Oslo f\u00f8r VM-kvalifiseringskampen torsdag. Daglig leder lover \u00e5 komme sterkere tilbake s\u00f8ndag.\u00a0<\/p>\n<p>\n    FULLT: At Norge kan n\u00e5 sitt f\u00f8rste VM-sluttspill p\u00e5 28 \u00e5r interesserer mange fotballfans. Carls storstue var full av folk torsdag kveld. Foto: Vemund Hegland \/ Dagbladet\n  <\/p>\n<p class=\"no_italic m-no_italic\" data-lab-font_weight=\"\" data-lab-italic=\"\">Dagbladet ble vitne til mange skuffa VM-entusiaster\u00a0<a href=\"https:\/\/www.dagbladet.no\/sport\/vill-jubel\/83848802\" target=\"_blank\" rel=\"nofollow noopener\">torsdag<\/a> kveld utenfor Carls p\u00e5 Carl Berner i Oslo. I forkant av Norge mot Estland vokste k\u00f8en inn til utestedet raskt, og mange opplevde frustrasjon over lang ventetid og manglende informasjon om innslipp. <\/p>\n<p class=\"font-weight-bold m-font-weight-bold\" data-lab-font_weight=\"font-weight-bold\">S\u00f8ndag er det duket for ny kamp mot Italia, og Carls er igjen klar for \u00e5 vise kampen for ivrige fans. Flere er allerede, i skrivende stund, p\u00e5 plass.\u00a0<\/p>\n<p>Martin Enge var blant dem som til slutt m\u00e5tte gi opp torsdag.\u00a0<\/p>\n<p>          <img loading=\"lazy\" decoding=\"async\" src=\"https:\/\/www.europesays.com\/no\/wp-content\/uploads\/2025\/11\/83854373.webp\" width=\"980\" height=\"559\" title=\"K\u00d8: Dagbladets reporter p\u00e5 stedet meldte om folksomme tilstander utenfor Carls i Oslo tidligere torsdag kveld. Foto: Vemund Hegland \/ Dagbladet\" alt=\"\" class=\"\" style=\"--aspect-ratio-image: 1.75; \"\/><\/p>\n<p>\n          K\u00d8: Dagbladets reporter p\u00e5 stedet meldte om folksomme tilstander utenfor Carls i Oslo tidligere torsdag kveld. Foto: Vemund Hegland \/ Dagbladet\n      <\/p>\n<p>&#8211; Jeg m\u00e5tte etter hvert gi opp. Sto der vel i 20 minutter, men k\u00f8en beveget seg utrolig sakte, sier han til Dagbladet.\u00a0\u00a0<\/p>\n<p>Han mener klar kommunikasjon manglet:<\/p>\n<p>    <a itemprop=\"url\" href=\"https:\/\/www.dagbladet.no\/video\/vill-jubel-norge-skal-til-vm\/zdPZkjE9\" rel=\"nofollow noopener\" target=\"_blank\"><\/p>\n<p>      <img loading=\"lazy\" decoding=\"async\" src=\"https:\/\/www.europesays.com\/no\/wp-content\/uploads\/2025\/11\/83854661.webp\" width=\"980\" height=\"441\" title=\"Vill jubel: - Norge skal til VM\" alt=\"\" class=\"lazyload\" style=\"--aspect-ratio-image: 2.22; \"\/><\/p>\n<p>        Vill jubel: &#8211; Norge skal til VM<\/p>\n<p>    <\/a><\/p>\n<p>&#8211; Det kunne v\u00e6rt mer klarhet i hvor lang tid k\u00f8en tar, eller n\u00e5r det er fullt. Det var umulig \u00e5 vite da jeg sto der, sier han.<\/p>\n<p>Til slutt dro han hjem for \u00e5 rekke kampstart.<\/p>\n<p>          <img loading=\"lazy\" decoding=\"async\" src=\"https:\/\/www.europesays.com\/no\/wp-content\/uploads\/2025\/11\/83854374.webp\" width=\"980\" height=\"559\" title=\"SKUFFA: Hans Torstein L\u00e6rum (t.v.), Martin Enge og Tobias Nyg\u00e5rd (t.h.) alle klare til \u00e5 dra inn p\u00e5 Carls for \u00e5 se kamp. Martin forteller at han m\u00e5tte gi opp k\u00f8en. Foto: Vemund Hegland \/ Dagbladet\" alt=\"\" class=\"\" style=\"--aspect-ratio-image: 1.75; \"\/><\/p>\n<p>\n          SKUFFA: Hans Torstein L\u00e6rum (t.v.), Martin Enge og Tobias Nyg\u00e5rd (t.h.) alle klare til \u00e5 dra inn p\u00e5 Carls for \u00e5 se kamp. Martin forteller at han m\u00e5tte gi opp k\u00f8en. Foto: Vemund Hegland \/ Dagbladet\n      <\/p>\n<p>\u00a0&#8211; Det er avgj\u00f8rende at b\u00e5de arenaer og puber er bedre rigget til \u00e5 takle trykket, slik at supporterne f\u00e5r den feiringen de fortjener. <\/p>\n<p>Utenfor Carls klokka 17.15 torsdag ettermiddag, var det allerede k\u00f8 halvveis rundt kvartalet. Det gikk sakte framover.<\/p>\n<p>\u00a0Dagbladet var vitne til at flere valgte \u00e5 gi opp og dra andre steder.<\/p>\n<p>          <img loading=\"lazy\" decoding=\"async\" src=\"https:\/\/www.europesays.com\/no\/wp-content\/uploads\/2025\/11\/83854466.webp\" width=\"980\" height=\"559\" title=\"LANG K\u00d8: Flere fotballinteresserte sto i k\u00f8 for \u00e5 komme inn p\u00e5 Carls p\u00e5 Carl Berner i Oslo torsdag ettermiddag. Foto: H\u00e5vard Tanche-Larsen Knutsen \/ Dagbladet\" alt=\"\" class=\"\" style=\"--aspect-ratio-image: 1.75; \"\/><\/p>\n<p>\n          LANG K\u00d8: Flere fotballinteresserte sto i k\u00f8 for \u00e5 komme inn p\u00e5 Carls p\u00e5 Carl Berner i Oslo torsdag ettermiddag. Foto: H\u00e5vard Tanche-Larsen Knutsen \/ Dagbladet\n      <\/p>\n<p>Daglig leder ved Carls, Emil Sebastian Reinton, erkjenner at publikum hadde grunn til \u00e5 oppleve frustrasjon, og at de tar selvkritikk.<\/p>\n<p>&#8211; Vi skj\u00f8nner at det ble litt frustrasjon der ute, og det er rett og slett et resultat av at vi ble tatt litt p\u00e5 senga med antall mennesker som skulle inn p\u00e5 Carls, sier han.<\/p>\n<p class=\"no_italic m-no_italic font-weight-bold m-font-weight-bold\" data-lab-italic=\"\" data-lab-font_weight=\"font-weight-bold\">If\u00f8lge ledelsen m\u00f8tte langt flere opp enn ved tidligere landskamper, og mange kom samtidig.<\/p>\n<p>&#8211; For \u00e5 ha 100 prosent kontroll p\u00e5 det som skjedde inne og passe p\u00e5 at forskriftene i forhold til brannsikkerhet ble fulgt, m\u00e5tte vi stoppe innslipp.<\/p>\n<p>    <a itemprop=\"url\" href=\"https:\/\/dinside.dagbladet.no\/fritid\/fotball-kebabene-klasseforskjell\/83819424\" rel=\"nofollow noopener\" target=\"_blank\"><\/p>\n<p>      <img loading=\"lazy\" decoding=\"async\" src=\"https:\/\/www.europesays.com\/no\/wp-content\/uploads\/2025\/11\/83827117.webp\" width=\"980\" height=\"441\" title=\"Fotball-kebabene: - Klasseforskjell\" alt=\"\" class=\"lazyload\" style=\"--aspect-ratio-image: 2.22; \"\/><\/p>\n<p>        Fotball-kebabene: &#8211; Klasseforskjell<\/p>\n<p>    <\/a><\/p>\n<p>Han sier puben har tatt l\u00e6rdom av det som skjedde:<\/p>\n<p>&#8211; Vi har l\u00e6rt mye av g\u00e5rsdagen og har g\u00e5tt gjennom hvert punkt der vi stilte svakt, for \u00e5 komme sterkere tilbake til s\u00f8ndagen.<\/p>\n<p>Torsdag kveld handlet det om \u00e5 ikke dumme seg ut p\u00e5 Norges vei mot sitt f\u00f8rste sluttspill p\u00e5 28 \u00e5r.<\/p>\n<p>Seier mot estlenderne ga Norge et kjempesteg mot VM, men laget kunne ikke v\u00e6re helt VM-klare etter egen kamp. Italias m\u00f8te med Moldova startet f\u00f8rst senere p\u00e5 kvelden. N\u00e5 endte den kampen med at Italia tok to poeng, noe som gir Norge et solid utgangspunkt f\u00f8r s\u00f8ndagens oppgj\u00f8r i Milano: <a href=\"https:\/\/www.dagbladet.no\/sport\/slapp-med-skrekken\/83849377\" rel=\"nofollow noopener\" target=\"_blank\">Norge trenger bare \u00e5 unng\u00e5 at Italia vinner med mer enn 8\u20130.<\/a><\/p>\n<p>Med dagens m\u00e5lforskjell og poengstatus har Solbakken og co. et kraftig forsprang. Italia m\u00e5 levere et lite \u00abmirakel\u00bb for \u00e5 frata Norge gruppeseieren, men for \u00e5 sikre VM-plass p\u00e5 egen h\u00e5nd m\u00e5 Norge fortsatt st\u00e5 imot presset p\u00e5 San Siro.<\/p>\n","protected":false},"excerpt":{"rendered":"Flere m\u00e5tte snu i d\u00f8ra p\u00e5 utestedet Carls i Oslo f\u00f8r VM-kvalifiseringskampen torsdag. Daglig leder lover \u00e5 komme&hellip;\n","protected":false},"author":2,"featured_media":88728,"comment_status":"","ping_status":"","sticky":false,"template":"","format":"standard","meta":{"footnotes":""},"categories":[59],"tags":[30,28,29,83,82,1871],"class_list":{"0":"post-88727","1":"post","2":"type-post","3":"status-publish","4":"format-standard","5":"has-post-thumbnail","7":"category-sport","8":"tag-no","9":"tag-norge","10":"tag-norway","11":"tag-sport","12":"tag-sports","13":"tag-vm"},"share_on_mastodon":{"url":"https:\/\/pubeurope.com\/@no\/115560650195629615","error":""},"_links":{"self":[{"href":"https:\/\/www.europesays.com\/no\/wp-json\/wp\/v2\/posts\/88727","targetHints":{"allow":["GET"]}}],"collection":[{"href":"https:\/\/www.europesays.com\/no\/wp-json\/wp\/v2\/posts"}],"about":[{"href":"https:\/\/www.europesays.com\/no\/wp-json\/wp\/v2\/types\/post"}],"author":[{"embeddable":true,"href":"https:\/\/www.europesays.com\/no\/wp-json\/wp\/v2\/users\/2"}],"replies":[{"embeddable":true,"href":"https:\/\/www.europesays.com\/no\/wp-json\/wp\/v2\/comments?post=88727"}],"version-history":[{"count":0,"href":"https:\/\/www.europesays.com\/no\/wp-json\/wp\/v2\/posts\/88727\/revisions"}],"wp:featuredmedia":[{"embeddable":true,"href":"https:\/\/www.europesays.com\/no\/wp-json\/wp\/v2\/media\/88728"}],"wp:attachment":[{"href":"https:\/\/www.europesays.com\/no\/wp-json\/wp\/v2\/media?parent=88727"}],"wp:term":[{"taxonomy":"category","embeddable":true,"href":"https:\/\/www.europesays.com\/no\/wp-json\/wp\/v2\/categories?post=88727"},{"taxonomy":"post_tag","embeddable":true,"href":"https:\/\/www.europesays.com\/no\/wp-json\/wp\/v2\/tags?post=88727"}],"curies":[{"name":"wp","href":"https:\/\/api.w.org\/{rel}","templated":true}]}}