{"id":88731,"date":"2025-11-16T17:57:15","date_gmt":"2025-11-16T17:57:15","guid":{"rendered":"https:\/\/www.europesays.com\/no\/88731\/"},"modified":"2025-11-16T17:57:15","modified_gmt":"2025-11-16T17:57:15","slug":"italia-reagerer-pinlig","status":"publish","type":"post","link":"https:\/\/www.europesays.com\/no\/88731\/","title":{"rendered":"Italia reagerer: &#8211; Pinlig"},"content":{"rendered":"<p>MILANO\/OSLO (Dagbladet): If\u00f8lge Dagbladets reporter p\u00e5 stedet skal hundrevis av fremm\u00f8tte ha buet da Klaveness entret pre-festen p\u00e5 utestedet Alcatraz i Milano.\u00a0<\/p>\n<p class=\"font-weight-bold m-font-weight-bold\" data-lab-font_weight=\"font-weight-bold\">Det var flere tusen p\u00e5 plass s\u00f8ndag ettermiddag for \u00e5 lade opp til kampen mot Italia klokken 20.45 i kveld.\u00a0<\/p>\n<p>Dagbladets reporter melder at Klaveness holdt en tale p\u00e5 utestedet foran de norske supporterne. Hun skal ha f\u00e5tt mikrofonen like f\u00f8r marsjen mot stadion. Fotballpresidenten pr\u00f8vde \u00e5 si noen ord, men man h\u00f8rte lite p\u00e5 grunn av buingen.\u00a0<\/p>\n<p>\u00abVi skal snakke litt om VM, s\u00e5 kan vi ta VAR siden\u00bb, sa Klaveness fra scenen. <\/p>\n<p>        VM: Henrik Borg og Bernt Hulsker tar tempen p\u00e5 Oljebergets fest f\u00f8r kveldens kamp mot Italia. Video: S\u00f8r\u00f8 Olsen\/Skingen\/Dagbladet TV-sporten<\/p>\n<p>Etterp\u00e5\u00a0signaliserte Klaveness med h\u00e5ndbevegelser at buingen m\u00e5tte roe seg ned. <\/p>\n<p class=\"font-weight-bold m-font-weight-bold\" data-lab-font_weight=\"font-weight-bold\">&#8211; Som vanlig n\u00e5r jeg m\u00f8ter supportere s\u00e5 er det noen som vil juble, ogs\u00e5 er det noen som henger fast i VAR-saken. S\u00e5 det er jeg rett og slett veldig vant til, sier Klaveness som har snakket med <a href=\"https:\/\/www.nettavisen.no\/sport\/nff-president-lise-klavenes-mott-med-pipekonsert-av-norske-supportere-i-milano\/s\/5-95-2730618\" rel=\"nofollow noopener\" target=\"_blank\">Nettavisen<\/a>.<\/p>\n<p>&#8211; Du tror det er VAR det handler om?<\/p>\n<p>&#8211; Ja. Det kan sikkert v\u00e6re andre ting ogs\u00e5. Men det er en sak som har v\u00e6rt symbolsk for supportere og det forst\u00e5r jeg godt, sier hun videre fra den norske festen i Milano.<\/p>\n<p> Sebastian Husvik, leder for Oljeberget, har snakket med <a href=\"https:\/\/www.tv2.no\/video\/sport\/massiv-pipekonsert-mot-klaveness-synd\/ySAifDp9SA-20316073?abgroup=neste1b\" rel=\"nofollow noopener\" target=\"_blank\">TV 2<\/a> i etterkant.<\/p>\n<p>&#8211; Vi vet at det dessverre kan skje. Jeg synes det er sporty av fotballpresidenten \u00e5 ville ta turen innom og takke oss, samtidig som hun \u00f8nsker oss en god fest. Jeg synes det er veldig fint. Hun vet ogs\u00e5 hva som m\u00f8ter henne innimellom, dessverre. <\/p>\n<p>Klaveness f\u00f8lger naturlig nok landslaget tett som f\u00f8lge av sin posisjon som fotballpresident, og er alts\u00e5 p\u00e5 plass i Milano.\u00a0<\/p>\n<p>Fredag fulgte hun lagets trening sammen med Erling Braut Haaland.\u00a0<\/p>\n<p>        SJEFENE: Fotballpresident Lise Klaveness og superspiss Erling Braut Haaland brukte deler av treningen p\u00e5 \u00e5 snakke sammen, mon tro hva det handlet om. Video: NTB, Grieg\/S\u00f8r\u00f8 Olsen\/Dagbladet TV-sporten<\/p>\n","protected":false},"excerpt":{"rendered":"MILANO\/OSLO (Dagbladet): If\u00f8lge Dagbladets reporter p\u00e5 stedet skal hundrevis av fremm\u00f8tte ha buet da Klaveness entret pre-festen p\u00e5&hellip;\n","protected":false},"author":2,"featured_media":88732,"comment_status":"","ping_status":"","sticky":false,"template":"","format":"standard","meta":{"footnotes":""},"categories":[5],"tags":[20,21,24,25,92,15,19,22,23,17,18,13,30,28,29,14,16,83,26,27],"class_list":{"0":"post-88731","1":"post","2":"type-post","3":"status-publish","4":"format-standard","5":"has-post-thumbnail","7":"category-overskrifter","8":"tag-breaking-news","9":"tag-breakingnews","10":"tag-featured-news","11":"tag-featurednews","12":"tag-fotball","13":"tag-headlines","14":"tag-hovedoppslag","15":"tag-latest-news","16":"tag-latestnews","17":"tag-main-news","18":"tag-mainnews","19":"tag-news","20":"tag-no","21":"tag-norge","22":"tag-norway","23":"tag-nyheter","24":"tag-overskrifter","25":"tag-sport","26":"tag-top-stories","27":"tag-topstories"},"share_on_mastodon":{"url":"https:\/\/pubeurope.com\/@no\/115560673718350996","error":""},"_links":{"self":[{"href":"https:\/\/www.europesays.com\/no\/wp-json\/wp\/v2\/posts\/88731","targetHints":{"allow":["GET"]}}],"collection":[{"href":"https:\/\/www.europesays.com\/no\/wp-json\/wp\/v2\/posts"}],"about":[{"href":"https:\/\/www.europesays.com\/no\/wp-json\/wp\/v2\/types\/post"}],"author":[{"embeddable":true,"href":"https:\/\/www.europesays.com\/no\/wp-json\/wp\/v2\/users\/2"}],"replies":[{"embeddable":true,"href":"https:\/\/www.europesays.com\/no\/wp-json\/wp\/v2\/comments?post=88731"}],"version-history":[{"count":0,"href":"https:\/\/www.europesays.com\/no\/wp-json\/wp\/v2\/posts\/88731\/revisions"}],"wp:featuredmedia":[{"embeddable":true,"href":"https:\/\/www.europesays.com\/no\/wp-json\/wp\/v2\/media\/88732"}],"wp:attachment":[{"href":"https:\/\/www.europesays.com\/no\/wp-json\/wp\/v2\/media?parent=88731"}],"wp:term":[{"taxonomy":"category","embeddable":true,"href":"https:\/\/www.europesays.com\/no\/wp-json\/wp\/v2\/categories?post=88731"},{"taxonomy":"post_tag","embeddable":true,"href":"https:\/\/www.europesays.com\/no\/wp-json\/wp\/v2\/tags?post=88731"}],"curies":[{"name":"wp","href":"https:\/\/api.w.org\/{rel}","templated":true}]}}