{"id":88761,"date":"2025-11-16T18:22:12","date_gmt":"2025-11-16T18:22:12","guid":{"rendered":"https:\/\/www.europesays.com\/no\/88761\/"},"modified":"2025-11-16T18:22:12","modified_gmt":"2025-11-16T18:22:12","slug":"sport-larvik-hk-larvik-hk-videre-til-europaligaen","status":"publish","type":"post","link":"https:\/\/www.europesays.com\/no\/88761\/","title":{"rendered":"Sport, Larvik HK | Larvik HK videre til europaligaen"},"content":{"rendered":"\n<p>S\u00f8ndag skulle det avgj\u00f8res om Larvik h\u00e5ndballklubb ville klare \u00e5 kvalifisere seg til europaligaen, som er niv\u00e5et under Champions League.<\/p>\n<p>Spillerne hadde tatt turen til Molde for \u00e5 spille den andre av to kamper i seriens tredje kvalifiseringsrunde. <a href=\"https:\/\/www.op.no\/larvik-hk-narmer-seg-europa-slo-molde-34-23-i-forste-kamp-hjemme-i-jotron-arena-sondag-kveld\/s\/5-36-1845878\" rel=\"Follow nofollow noopener\" target=\"_blank\">Larvik vant forrige uke den f\u00f8rste kampen 34-23 p\u00e5 hjemmebane<\/a>, og gikk dermed inn i returoppgj\u00f8ret med en komfortabel 11-m\u00e5lsledelse.<\/p>\n<p>I tillegg kom Larvik rett fra <a href=\"https:\/\/www.op.no\/kurtovic-show-sendte-larvik-til-seier\/s\/5-36-1847329\" rel=\"Follow nofollow noopener\" target=\"_blank\">seier mot Follo i Rema 1000-ligaen for fire dager siden<\/a>, som ga midlertidig tabelltopp i \u00e5rets siste kamp i serien.<\/p>\n<p>Jevnspilt kamp<\/p>\n<p>Til pause var Larvik i f\u00f8ringen med sifrene 14-15. Med 12 m\u00e5ls ledelse sammenlagt \u00e5 ta igjen for moldenserne, skulle det bli en t\u00f8ff oppgave.<\/p>\n<p>Lagene fulgte hverandre tett ogs\u00e5 i starten av 2. omgang. Med et kvarter igjen p\u00e5 klokka var det fortsatt kun ett m\u00e5l som skilte lagene, med en 25-26-ledelse til Larvik.<\/p>\n<p>Og selv om avansementet til europaligaen n\u00e5 virket s\u00e5 godt som sikret, skulle det bli et rotterace om seieren i enkeltoppgj\u00f8ret. For selv om Larvik p\u00e5 et tidspunkt ledet med tre m\u00e5l, gjorde tre kjappe scoringer i mot at det sto uavgjort flere ganger de siste 10 minuttene.<\/p>\n<p>Etter fire m\u00e5l p\u00e5 under minuttet, to til hvert lag, var stillingen 32-32 da klokka viste 58 minutter spilt. Og da Johanne Halseth Nypan like etter satte sin f\u00f8rste scoring i kampen for Molde, var det Larvik som plutselig l\u00e5 under.<\/p>\n<p>   <img decoding=\"async\" width=\"6000\" height=\"4000\" fetchpriority=\"low\"  loading=\"lazy\"  src=\"https:\/\/www.europesays.com\/no\/wp-content\/uploads\/2025\/11\/B25XF784.jpg\" alt=\"Fr\u00f8ydis Seierstad.\" class=\"brick-c-cFOWSL\" style=\"--brick-image-ratio: 6000 \/ 4000;\"\/><\/p>\n<p>      VIDERE: Fr\u00f8ydis Seierstad satte seks scoringer for Larvik HK, mot Molde s\u00f8ndag. Her fra en tidligere kamp.<br \/>\n      Foto: Svein Andr\u00e9 Svendsen, arkiv\n    <\/p>\n<p>  Videre tross tap<\/p>\n<p>Flere scoringer ble det heller ikke, og Molde gikk seirende ut p\u00e5 hjemmebane. Det er imidlertid til liten nytte, da det sammenlagt endte 56-66 i fav\u00f8r Larvik, noe som betyr at de for andre \u00e5ret p\u00e5 rad er klare for gruppespillet i europaligaen.<\/p>\n<p>\u2013 Jeg er veldig glad, og ogs\u00e5 forn\u00f8yd med prestasjonen. Vi har god kontroll over kampen, selv om vi taper den helt mot slutten. Men det spiller ingen rolle, for vi gikk videre, sier Larvik HKs hovedtrener Henrik Signell til \u00d8P etter kampen.<\/p>\n<p>\u2013 Det hadde s\u00e5klart v\u00e6rt enda mer imponerende \u00e5 vinne denne kampen ogs\u00e5, men vi ender p\u00e5 ti plussm\u00e5l over to kamper, og har full kontroll, s\u00e5 det er vi kjempeforn\u00f8yd med.<\/p>\n<p>Moldes Julie B\u00f8e Jacobsen ble kampens toppscorer, med syv m\u00e5l. Hos Larvik kunne b\u00e5de Fr\u00f8ydis Wiik Seierstad og Maja Furu S\u00e6teren notere seg for seks scoringer.<\/p>\n<p>\u2013 Det blir l\u00e6rerikt<\/p>\n<p>N\u00e5r det gjelder forventninger til gruppespillet, forholder Signell seg n\u00f8ktern og avventer til han vet hvem motstanderne blir. Han tror uansett det vil gi laget et l\u00f8ft.<\/p>\n<p>\u2013 Det var et veldig viktig m\u00e5l for sesongen, og det blir en viktig del av lagets og spillernes individuelle utvikling, sier en forn\u00f8yd trener.<\/p>\n<p>Svenske Signell tok over som hovedtrener for Larvik HK i august, og ser n\u00e5 fram til \u00e5 kunne ogs\u00e5 kunne bryne seg p\u00e5 internasjonal motstand.<\/p>\n<p>\u2013 Det blir l\u00e6rerikt og nyttig \u00e5 spille mot lag fra andre land, og mange av dem er ogs\u00e5 enda bedre lag enn de vi m\u00f8ter i den norske ligaen.<\/p>\n","protected":false},"excerpt":{"rendered":"S\u00f8ndag skulle det avgj\u00f8res om Larvik h\u00e5ndballklubb ville klare \u00e5 kvalifisere seg til europaligaen, som er niv\u00e5et under&hellip;\n","protected":false},"author":2,"featured_media":88762,"comment_status":"","ping_status":"","sticky":false,"template":"","format":"standard","meta":{"footnotes":""},"categories":[59],"tags":[36,105,643,30,28,29,83,82,1510],"class_list":{"0":"post-88761","1":"post","2":"type-post","3":"status-publish","4":"format-standard","5":"has-post-thumbnail","7":"category-sport","8":"tag-art","9":"tag-handball","10":"tag-larvik-hk","11":"tag-no","12":"tag-norge","13":"tag-norway","14":"tag-sport","15":"tag-sports","16":"tag-story"},"share_on_mastodon":{"url":"https:\/\/pubeurope.com\/@no\/115560772337480253","error":""},"_links":{"self":[{"href":"https:\/\/www.europesays.com\/no\/wp-json\/wp\/v2\/posts\/88761","targetHints":{"allow":["GET"]}}],"collection":[{"href":"https:\/\/www.europesays.com\/no\/wp-json\/wp\/v2\/posts"}],"about":[{"href":"https:\/\/www.europesays.com\/no\/wp-json\/wp\/v2\/types\/post"}],"author":[{"embeddable":true,"href":"https:\/\/www.europesays.com\/no\/wp-json\/wp\/v2\/users\/2"}],"replies":[{"embeddable":true,"href":"https:\/\/www.europesays.com\/no\/wp-json\/wp\/v2\/comments?post=88761"}],"version-history":[{"count":0,"href":"https:\/\/www.europesays.com\/no\/wp-json\/wp\/v2\/posts\/88761\/revisions"}],"wp:featuredmedia":[{"embeddable":true,"href":"https:\/\/www.europesays.com\/no\/wp-json\/wp\/v2\/media\/88762"}],"wp:attachment":[{"href":"https:\/\/www.europesays.com\/no\/wp-json\/wp\/v2\/media?parent=88761"}],"wp:term":[{"taxonomy":"category","embeddable":true,"href":"https:\/\/www.europesays.com\/no\/wp-json\/wp\/v2\/categories?post=88761"},{"taxonomy":"post_tag","embeddable":true,"href":"https:\/\/www.europesays.com\/no\/wp-json\/wp\/v2\/tags?post=88761"}],"curies":[{"name":"wp","href":"https:\/\/api.w.org\/{rel}","templated":true}]}}