{"id":88763,"date":"2025-11-16T18:23:22","date_gmt":"2025-11-16T18:23:22","guid":{"rendered":"https:\/\/www.europesays.com\/no\/88763\/"},"modified":"2025-11-16T18:23:22","modified_gmt":"2025-11-16T18:23:22","slug":"blir-det-en-ny-sesong","status":"publish","type":"post","link":"https:\/\/www.europesays.com\/no\/88763\/","title":{"rendered":"Blir det en ny sesong?"},"content":{"rendered":"<p>I en \u00e5rrekke har <a href=\"https:\/\/www.seher.no\/kjendis\/slik-gar-det-med-parene\/83848938\" rel=\"nofollow noopener\" target=\"_blank\">\u00abJakten p\u00e5 kj\u00e6rligheten\u00bb <\/a>v\u00e6rt et av TV 2s mest kjente programmer. Konseptet, der hvor norske mennesker som bor p\u00e5 landet s\u00f8ker kj\u00e6rligheten, har rullet over TV-skjermen helt siden 2004, og har med andre ord v\u00e6rt en fast f\u00f8lgesvenn for lojale TV-seere i dr\u00f8yt to ti\u00e5r.<\/p>\n<p>    <a itemprop=\"url\" href=\"https:\/\/www.seher.no\/kjendis\/slik-gar-det-med-parene\/83848938\" rel=\"nofollow noopener\" target=\"_blank\"><\/p>\n<p>      <img loading=\"lazy\" decoding=\"async\" src=\"https:\/\/www.europesays.com\/no\/wp-content\/uploads\/2025\/11\/83844835.webp\" width=\"147\" height=\"98\" title=\"Slik g\u00e5r det med parene\" alt=\"\" class=\"lazyload\" style=\"--aspect-ratio-image: 1.50; \"\/><\/p>\n<p>        Slik g\u00e5r det med parene<\/p>\n<p>    <\/a><\/p>\n<p class=\"font-weight-bold m-font-weight-bold\" data-lab-font_weight=\"font-weight-bold\">N\u00e5 er den 22. sesongen av programmet over &#8211; og ogs\u00e5 i \u00e5r har de kj\u00e6rlighetss\u00f8kende og deres friere engasjert publikum voldsomt.\u00a0<\/p>\n<p>Uke etter uke har man kunnet f\u00f8lge spirende romanser, tidvis hjerteskj\u00e6rende avslag, men ogs\u00e5 mye moro &#8211;\u00a0Kristian Niklas Johansson (36),\u00a0Magnus Mikkelhaug (29),\u00a0Cornelia Sofie Undheim (34) og\u00a0Daniel Viem (35) har utvilsomt gitt av seg selv. Det har ogs\u00e5 frierne deres.<\/p>\n<p>          <img loading=\"lazy\" decoding=\"async\" src=\"https:\/\/www.europesays.com\/no\/wp-content\/uploads\/2025\/11\/83848967.webp\" width=\"686\" height=\"584\" title=\"S\u00d8KTE KJ\u00c6RLIHGETEN: Disse fire elsker livene sine p\u00e5 landet, men \u00f8nsket \u00e5 finne noen \u00e5 dele det med. Foto: Shad Madian \/ Se og H\u00f8r\" alt=\"\" class=\"\" style=\"--aspect-ratio-image: 1.17; \"\/><\/p>\n<p>\n          S\u00d8KTE KJ\u00c6RLIHGETEN: Disse fire elsker livene sine p\u00e5 landet, men \u00f8nsket \u00e5 finne noen \u00e5 dele det med. Foto: Shad Madian \/ Se og H\u00f8r\n      <\/p>\n<p>Det er TV-kjendis og kjendisstylist Jan Thomas (58) som har loset alle gjennom programmet, deltakere som TV-seere.\u00a0<\/p>\n<p>Han har blitt en popul\u00e6r programleder, og vant blant annet Se og H\u00f8r Reality Awards i kategorien \u00ab\u00c5rets programleder\u00bb under prisutdelingen tidligere i \u00e5r.<\/p>\n<p>&#8211; Enda mer oppmerksomhet\t<\/p>\n<p>N\u00e5 som siste episoden for sesongen er publisert, har Se og H\u00f8r v\u00e6rt i kontakt med de som lager programmet &#8211; hvordan synes de det har g\u00e5tt?<\/p>\n<p>        AVSL\u00d8RES: Da Jan Thomas m\u00f8ter \u00abJakten\u00bb-b\u00f8ndene og frierne deres skal alle kortene p\u00e5 bordet. Video: \u00abJakten p\u00e5 kj\u00e6rligheten\u00bb\/ TV 2\/ R\u00f8d L\u00f8per<\/p>\n<p>Produsent for programmet i Monster Maria Bod\u00f8gaard er tydelig:<\/p>\n<p>&#8211; Vi er veldig forn\u00f8yd med tallene, sier hun til Se og H\u00f8r.<\/p>\n<p class=\"font-weight-bold m-font-weight-bold\" data-lab-font_weight=\"font-weight-bold\">&#8211; Dette var en sesong vi var spent p\u00e5. I fjor var jo sesong 21, og da hadde vi med en litt kjent person &#8211; Camilla (Botilsrud Sagen, 33, tidligere kjent fra \u00abGod morgen Norge\u00bb, journ. anm.) &#8211; som kanskje ga litt drahjelp inn mot sesongen, fortsetter Bod\u00f8gaard.<\/p>\n<p>          <img loading=\"lazy\" decoding=\"async\" src=\"https:\/\/www.europesays.com\/no\/wp-content\/uploads\/2025\/11\/83107618.webp\" width=\"686\" height=\"1029\" title=\"BLE FORELDRE: Camilla Botilsrud Sagen og Markus Botten m\u00f8ttes under forrige sesong av \u00abJakten p\u00e5 kj\u00e6rligheten\u00bb. N\u00e5 er de foreldre! Foto: Andreas Fadum \/ Se og H\u00f8r\" alt=\"\" class=\"\" style=\"--aspect-ratio-image: 0.67; \"\/><\/p>\n<p>\n          BLE FORELDRE: Camilla Botilsrud Sagen og Markus Botten m\u00f8ttes under forrige sesong av \u00abJakten p\u00e5 kj\u00e6rligheten\u00bb. N\u00e5 er de foreldre! Foto: Andreas Fadum \/ Se og H\u00f8r\n      <\/p>\n<p>&#8211; Men det som var g\u00f8y var at i \u00e5r har vi f\u00e5tt enda mer oppmerksomhet, og vi hadde ikke med noen kjente mennesker. S\u00e5 det var ingen one-off! Jeg f\u00f8ler ogs\u00e5 vi har f\u00e5tt bredere seerskare, flere yngre mennesker som ser p\u00e5 n\u00e5 enn f\u00f8r. Og i fjor hadde vi den yngste casten noensinne, og de var unge i \u00e5r ogs\u00e5.\u00a0<\/p>\n<p>Produsenten legger til at i \u00e5r er det to par som fant kj\u00e6rligheten, og p\u00e5peker at man kan finne kj\u00e6rligheten p\u00e5 TV s\u00e5 lenge man virkelig \u00f8nsker det.<\/p>\n<p>    <a itemprop=\"url\" href=\"https:\/\/www.seher.no\/kjendis\/det-svidde-litt\/83840786\" rel=\"nofollow noopener\" target=\"_blank\"><\/p>\n<p>      <img loading=\"lazy\" decoding=\"async\" src=\"https:\/\/www.europesays.com\/no\/wp-content\/uploads\/2025\/11\/1763317397_312_83842854.webp\" width=\"147\" height=\"98\" title=\"- Det svidde litt\" alt=\"\" class=\"lazyload\" style=\"--aspect-ratio-image: 1.50; \"\/><\/p>\n<p>        &#8211; Det svidde litt<\/p>\n<p>    <\/a><\/p>\n<p>&#8211; Har ikke f\u00e5tt noe svar\t<\/p>\n<p>Monster har f\u00e5tt med seg engasjementet for programmet, og hvor mange som har heiet frem deltakerne. Det setter de stor pris p\u00e5.<\/p>\n<p class=\"font-weight-bold m-font-weight-bold\" data-lab-font_weight=\"font-weight-bold\">&#8211; Det f\u00f8les som en veldig god sesong, og det ser vi p\u00e5 seertall ogs\u00e5. De som ser p\u00e5 \u00abJakten\u00bb, de fortsetter \u00e5 se p\u00e5. En lojal seergruppe!<\/p>\n<p>Bod\u00f8gaard vil ogs\u00e5 trekke frem programleder Jan Thomas.<\/p>\n<p>          <img loading=\"lazy\" decoding=\"async\" src=\"https:\/\/www.europesays.com\/no\/wp-content\/uploads\/2025\/11\/83501664.webp\" width=\"686\" height=\"1029\" title=\"AKTUELL: Jan Thomas har v\u00e6rt aktuell i \u00abJakten\u00bb de siste tre sesongene. Han er ogs\u00e5 tilknyttet TV 2 gjennom programmene \u00abNorges dummeste\u00bb og \u00abSkal vi danse\u00bb. Foto: Shad Madian \/ Se og H\u00f8r\" alt=\"\" class=\"\" style=\"--aspect-ratio-image: 0.67; \"\/><\/p>\n<p>\n          AKTUELL: Jan Thomas har v\u00e6rt aktuell i \u00abJakten\u00bb de siste tre sesongene. Han er ogs\u00e5 tilknyttet TV 2 gjennom programmene \u00abNorges dummeste\u00bb og \u00abSkal vi danse\u00bb. Foto: Shad Madian \/ Se og H\u00f8r\n      <\/p>\n<p>&#8211; Han har gjort tre sesonger, og vi f\u00f8ler at han er en fantastisk ambassad\u00f8r for programmet.<\/p>\n<p class=\"italic m-italic\" data-lab-italic=\"italic\">&#8211; N\u00e5 tror jeg de aller fleste seerne sitter igjen med et sp\u00f8rsm\u00e5l &#8211; blir det en ny sesong av \u00abJakten p\u00e5 kj\u00e6rligheten\u00bb?<\/p>\n<p class=\"no_italic m-no_italic\" data-lab-italic=\"\">Det vet hun rett og slett ikke enn\u00e5.<\/p>\n<p>&#8211; Har ikke f\u00e5tt noe svar om det.<\/p>\n<p>        \u00abJAKTEN P\u00c5 KJ\u00c6RLIGHETEN\u00bb: Bonde Cornelia Sofie Undheim forteller at det er rart \u00e5 se seg selv fl\u00f8rte p\u00e5 TV. Video: \u00abJakten p\u00e5 kj\u00e6rligheten\u00bb\/TV 2<\/p>\n<p>&#8211; Noe\t<\/p>\n<p>S\u00e5 kanskje TV 2 vet?\u00a0<\/p>\n<p>Se og H\u00f8r har selvsagt v\u00e6rt i kontakt med dem ogs\u00e5. Programredakt\u00f8r Trygve R\u00f8nningen sier at ogs\u00e5 de er forn\u00f8yde med sesongen.<\/p>\n<p>    <a itemprop=\"url\" href=\"https:\/\/www.seher.no\/kjendis\/ingen-kjaereste-ingen-gard\/83766337\" rel=\"nofollow noopener\" target=\"_blank\"><\/p>\n<p>      <img loading=\"lazy\" decoding=\"async\" src=\"https:\/\/www.europesays.com\/no\/wp-content\/uploads\/2025\/11\/1763317398_429_83766341.webp\" width=\"147\" height=\"98\" title=\"Ingen kj\u00e6reste \u2013 ingen g\u00e5rd\" alt=\"\" class=\"lazyload\" style=\"--aspect-ratio-image: 1.50; \"\/><\/p>\n<p>        Ingen kj\u00e6reste \u2013 ingen g\u00e5rd<\/p>\n<p>    <\/a><\/p>\n<p>&#8211; Det har v\u00e6rt en glede \u00e5 f\u00f8lge deltakerne i \u00abJakten p\u00e5 kj\u00e6rligheten\u00bb p\u00e5 deres reise for \u00e5 finne den store kj\u00e6rligheten, og Jan Thomas har nok en gang gjort en kjempejobb som programleder med sin helt unike varme og tilstedev\u00e6relse. <\/p>\n<p>N\u00e5r det gjelder ny sesong kan derimot heller ikke de svare p\u00e5 om det blir noe av.<\/p>\n<p>          <img loading=\"lazy\" decoding=\"async\" src=\"https:\/\/www.europesays.com\/no\/wp-content\/uploads\/2025\/11\/83793620.webp\" width=\"686\" height=\"789\" title=\"BRYR SEG: Jan Thomas legger alt i jobben som programleder for programmet, og bygger tette b\u00e5nd til deltakerne. Foto: Andreas Fadum \/ Se og H\u00f8r\" alt=\"\" class=\"\" style=\"--aspect-ratio-image: 0.87; \"\/><\/p>\n<p>\n          BRYR SEG: Jan Thomas legger alt i jobben som programleder for programmet, og bygger tette b\u00e5nd til deltakerne. Foto: Andreas Fadum \/ Se og H\u00f8r\n      <\/p>\n<p class=\"font-weight-bold m-font-weight-bold\" data-lab-font_weight=\"font-weight-bold\">&#8211; N\u00e5r det gjelder en mulig ny sesong, s\u00e5 har jeg ikke noe annet svar p\u00e5 det enn at dette kommer vi tilbake til n\u00e5r vi har lagt alle v\u00e5re programplaner for de kommende TV-sesongene.<\/p>\n<p>Se og H\u00f8r har ogs\u00e5 v\u00e6rt i kontakt med programleder Jan Thomas. Han legger ikke skjul p\u00e5 at han elsker rollen sin i programmet.<\/p>\n<p>    <a itemprop=\"url\" href=\"https:\/\/www.seher.no\/kongelig\/sitter-igjen-med-svarteper\/83852827\" rel=\"nofollow noopener\" target=\"_blank\"><\/p>\n<p>      <img loading=\"lazy\" decoding=\"async\" src=\"https:\/\/www.europesays.com\/no\/wp-content\/uploads\/2025\/11\/1763317399_603_83800879.webp\" width=\"147\" height=\"98\" title=\"- Sitter igjen med svarteper\" alt=\"\" class=\"lazyload\" style=\"--aspect-ratio-image: 1.50; \"\/><\/p>\n<p>        &#8211; Sitter igjen med svarteper<\/p>\n<p>    <\/a><\/p>\n<p>&#8211; Jeg m\u00e5 f\u00e5 si at p\u00e5 et dypt og personlig niv\u00e5 er \u00abJakten\u00bb mitt hjertebarn. jeg kom inn i prosessen p\u00e5 premisset at jeg skulle v\u00e6re mer til stede enn en vanlig programleder, og det har Monster og TV 2 innfridd. Kj\u00e6rlighet er det viktigste for meg, og jeg ville ikke bare komme inn som programleder for \u00e5 levere linjene mine uten \u00e5 involvere meg.<\/p>\n<p>        SJOKKBESKJED: Jakten-bonden Kristian m\u00e5 gi en t\u00f8ff beskjed til Kristine under en episode av \u00abJakten p\u00e5 kj\u00e6rligheten\u00bb. Video: TV2. Reporter: Trond Markus Gravdal<\/p>\n<p>&#8211; Fineste jeg har v\u00e6rt med p\u00e5\t<\/p>\n<p>Jan Thomas sier det blir feil \u00e5 si at man blir lei av kjendistung TV &#8211; men mener likevel at programmer som \u00abJakten\u00bb definitivt har en viktig plass p\u00e5 skjermen.<\/p>\n<p class=\"font-weight-bold m-font-weight-bold\" data-lab-font_weight=\"font-weight-bold\">&#8211; Det er nesten et samfunnsansvar \u00e5 ha en motvekt til all galskapen p\u00e5 TV, at man lager noe som omhandler og viser frem helt vanlige mennesker &#8211; som ikke er kjendiser, som ikke pr\u00f8ver \u00e5 v\u00e6re galest eller \u00e5 f\u00e5 mest oppmerksomhet. Dette programmet er noe av det fineste jeg har v\u00e6rt med p\u00e5.<\/p>\n<p>    <a itemprop=\"url\" href=\"https:\/\/www.seher.no\/kjendis\/kommer-med-pikant-avsloring\/83780438\" rel=\"nofollow noopener\" target=\"_blank\"><\/p>\n<p>      <img loading=\"lazy\" decoding=\"async\" src=\"https:\/\/www.europesays.com\/no\/wp-content\/uploads\/2025\/11\/1763317400_558_83563824.webp\" width=\"147\" height=\"98\" title=\"Kommer med pikant avsl\u00f8ring\" alt=\"\" class=\"lazyload\" style=\"--aspect-ratio-image: 1.50; \"\/><\/p>\n<p>        Kommer med pikant avsl\u00f8ring<\/p>\n<p>    <\/a><\/p>\n<p>Han er glad for at TV 2 ga b\u00e5de ham og Monster tilliten &#8211; en tillit ogs\u00e5 deltakerne i programmet har vist ham.<\/p>\n<p>&#8211; Det tror jeg kan handle om at jeg ogs\u00e5 har s\u00f8kt kj\u00e6rligheten p\u00e5 TV.<\/p>\n<p>          <img loading=\"lazy\" decoding=\"async\" src=\"https:\/\/www.europesays.com\/no\/wp-content\/uploads\/2025\/11\/1763317401_941_83814266.webp\" width=\"686\" height=\"947\" title=\"TV-ROMANSE: Harlem og Jan ble f\u00f8rst kjent under \u00abJan Thomas s\u00f8ker dr\u00f8mmeprinsen\u00bb. Det var ogs\u00e5 der de fant kj\u00e6rligheten. Foto: Andreas Fadum \/ Se og H\u00f8r\" alt=\"\" class=\"\" style=\"--aspect-ratio-image: 0.72; \"\/><\/p>\n<p>\n          TV-ROMANSE: Harlem og Jan ble f\u00f8rst kjent under \u00abJan Thomas s\u00f8ker dr\u00f8mmeprinsen\u00bb. Det var ogs\u00e5 der de fant kj\u00e6rligheten. Foto: Andreas Fadum \/ Se og H\u00f8r\n      <\/p>\n<p>Jan Thomas fant som kjent selv kj\u00e6rligheten p\u00e5 TV i programmer \u00abJan Thomas s\u00f8ker dr\u00f8mmeprinsen\u00bb, hvor han forelsket seg i Harlem Alexander (38). De to skal gifte seg neste \u00e5r.<\/p>\n<p>&#8211; Jeg tror de har tatt det s\u00e5 seri\u00f8st, og det er noe av det fineste jeg vet.\u00a0<\/p>\n<p>    <a itemprop=\"url\" href=\"https:\/\/www.seher.no\/kjendis\/jeg-tror-det-skjedde\/83852479\" rel=\"nofollow noopener\" target=\"_blank\"><\/p>\n<p>      <img loading=\"lazy\" decoding=\"async\" src=\"https:\/\/www.europesays.com\/no\/wp-content\/uploads\/2025\/11\/1763317401_67_83852582.webp\" width=\"147\" height=\"98\" title=\"- Jeg tror det skjedde\" alt=\"\" class=\"lazyload\" style=\"--aspect-ratio-image: 1.50; \"\/><\/p>\n<p>        &#8211; Jeg tror det skjedde<\/p>\n<p>    <\/a><\/p>\n<p>&#8211; Veldig n\u00e6rt\t<\/p>\n<p>Ett av Jans store forbilder p\u00e5 TV er Katrine Moholt (52). Hun har v\u00e6rt et kjent ansikt i flere \u00e5r, og har v\u00e6rt programleder for b\u00e5de \u00abJakten p\u00e5 kj\u00e6rligheten\u00bb, \u00abAllsang p\u00e5 grensen\u00bb og \u00abSkal vi danse\u00bb.\u00a0<\/p>\n<p class=\"font-weight-bold m-font-weight-bold\" data-lab-font_weight=\"font-weight-bold\">&#8211; For meg var hun i sin tid \u00abJakten\u00bb, den n\u00e6rheten og varmen som programmet har. Jeg snakket med henne da jeg fikk tilbudet, og fikk tillit fra henne ogs\u00e5. Det blir veldig n\u00e6rt for meg.<\/p>\n<p>          <img loading=\"lazy\" decoding=\"async\" src=\"https:\/\/www.europesays.com\/no\/wp-content\/uploads\/2025\/11\/83828362.webp\" width=\"686\" height=\"837\" title=\"DREVEN: Katrine Moholt har v\u00e6rt programleder for en rekke TV-programmer gjennom karrieren. Foto: Espen Solli \/ TV 2\" alt=\"\" class=\"\" style=\"--aspect-ratio-image: 0.82; \"\/><\/p>\n<p>\n          DREVEN: Katrine Moholt har v\u00e6rt programleder for en rekke TV-programmer gjennom karrieren. Foto: Espen Solli \/ TV 2\n      <\/p>\n<p>Jan har fremdeles kontakt med b\u00f8ndene fra sin f\u00f8rste sesong i \u00abJakten\u00bb, og de p\u00e5f\u00f8lgende sesongene ogs\u00e5.\u00a0<\/p>\n<p>Han har sagt til de alle at han skulle v\u00e6re der for dem hele veien &#8211; fra casting, til innspilling, til sending &#8211; og tiden etter. Dette l\u00f8ftet har han holdt. S\u00e5 gjenst\u00e5r det \u00e5 se om programmet finner veien tilbake til skjermen neste \u00e5r.<\/p>\n","protected":false},"excerpt":{"rendered":"I en \u00e5rrekke har \u00abJakten p\u00e5 kj\u00e6rligheten\u00bb v\u00e6rt et av TV 2s mest kjente programmer. Konseptet, der hvor&hellip;\n","protected":false},"author":2,"featured_media":88764,"comment_status":"","ping_status":"","sticky":false,"template":"","format":"standard","meta":{"footnotes":""},"categories":[58],"tags":[4104,71,7251,231,2286,7445,479,30,28,29,208,72],"class_list":{"0":"post-88763","1":"post","2":"type-post","3":"status-publish","4":"format-standard","5":"has-post-thumbnail","7":"category-underholdning","8":"tag-eksklusivt","9":"tag-entertainment","10":"tag-harlem-alexander","11":"tag-jakten-pa-kjaerligheten","12":"tag-jan-thomas","13":"tag-katrine-moholt","14":"tag-kjendis","15":"tag-no","16":"tag-norge","17":"tag-norway","18":"tag-tv-2","19":"tag-underholdning"},"share_on_mastodon":{"url":"https:\/\/pubeurope.com\/@no\/115560776034331105","error":""},"_links":{"self":[{"href":"https:\/\/www.europesays.com\/no\/wp-json\/wp\/v2\/posts\/88763","targetHints":{"allow":["GET"]}}],"collection":[{"href":"https:\/\/www.europesays.com\/no\/wp-json\/wp\/v2\/posts"}],"about":[{"href":"https:\/\/www.europesays.com\/no\/wp-json\/wp\/v2\/types\/post"}],"author":[{"embeddable":true,"href":"https:\/\/www.europesays.com\/no\/wp-json\/wp\/v2\/users\/2"}],"replies":[{"embeddable":true,"href":"https:\/\/www.europesays.com\/no\/wp-json\/wp\/v2\/comments?post=88763"}],"version-history":[{"count":0,"href":"https:\/\/www.europesays.com\/no\/wp-json\/wp\/v2\/posts\/88763\/revisions"}],"wp:featuredmedia":[{"embeddable":true,"href":"https:\/\/www.europesays.com\/no\/wp-json\/wp\/v2\/media\/88764"}],"wp:attachment":[{"href":"https:\/\/www.europesays.com\/no\/wp-json\/wp\/v2\/media?parent=88763"}],"wp:term":[{"taxonomy":"category","embeddable":true,"href":"https:\/\/www.europesays.com\/no\/wp-json\/wp\/v2\/categories?post=88763"},{"taxonomy":"post_tag","embeddable":true,"href":"https:\/\/www.europesays.com\/no\/wp-json\/wp\/v2\/tags?post=88763"}],"curies":[{"name":"wp","href":"https:\/\/api.w.org\/{rel}","templated":true}]}}