{"id":88768,"date":"2025-11-16T18:33:10","date_gmt":"2025-11-16T18:33:10","guid":{"rendered":"https:\/\/www.europesays.com\/no\/88768\/"},"modified":"2025-11-16T18:33:10","modified_gmt":"2025-11-16T18:33:10","slug":"far-sjansen-364-dager-etter-forrige-start","status":"publish","type":"post","link":"https:\/\/www.europesays.com\/no\/88768\/","title":{"rendered":"F\u00e5r sjansen 364 dager etter forrige start"},"content":{"rendered":"<p> Kun et mirakel st\u00e5r i veien for Norges VM-billett.\u00a0<\/p>\n<p>Italia m\u00e5 vinne med hele ni m\u00e5l for \u00e5 overta Norges plass \u00f8verst i gruppen.<\/p>\n<p>Det betyr at de norske spillerne etter alt \u00e5 d\u00f8mme kan slippe jubelen l\u00f8s og feire VM-plass om bare noen f\u00e5 timer!<\/p>\n<p>        <img class=\"image__img lazyload\" itemprop=\"image\" title=\"Foto: Vegard Gr\u00f8tt \/ BILDBYR\u00c5N\" alt=\"P\u00c5 PLASS: Torbj\u00f8rn Heggem og de norske landslagsspillerne har ankommet San Siro. Foto: Vegard Gr\u00f8tt \/ BILDBYR\u00c5N\" width=\"675\" height=\"446\" bad-src=\"https:\/\/www.europesays.com\/no\/wp-content\/uploads\/2025\/11\/18295163.webp\" fetchpriority=\"auto\" \/><\/p>\n<p>      P\u00c5 PLASS: Torbj\u00f8rn Heggem og de norske landslagsspillerne har ankommet San Siro.<br \/>\n         Foto: Vegard Gr\u00f8tt \/ BILDBYR\u00c5N<\/p>\n<p>Norge gj\u00f8r kun et bytte p\u00e5 laget som slo Estland torsdag. Oscar Bobb henvises til benken.<\/p>\n<p>Kristian Thorstvedt f\u00e5r muligheten fra start, 364 dager etter han sist startet en landskamp.\u00a0<\/p>\n<p>Sassuolo-spilleren har slitt lenge med skade, men er n\u00e5 klar for \u00e5 bidra.<\/p>\n<p>\u2013 Denne kampen har jeg hatt sirkel rundt i kalenderen. Det er kjekt \u00e5 f\u00e5 starte i dag og v\u00e6re med \u00e5 bidra, sier Kristian Thorstvedt til TV 2 f\u00f8r kampen.<\/p>\n<p>Slik starter Norge: Nyland \u2013 Ryerson, Ajer, Heggem, Wolfe \u2013 Berge, Berg, Thorstvedt \u2013 S\u00f8rloth, Haaland, Nusa.<\/p>\n<p>\u2013 Vi m\u00e5 pr\u00f8ve \u00e5 v\u00e6re oss selv b\u00e5de med og uten ball. Vi g\u00e5r inn i kampen for \u00e5 vinne den, men f\u00f8rst og fremst er det viktig at vi ser ut som et lag begge veier, sier landslagssjef St\u00e5le Solbakken. <\/p>\n<p>Italia gj\u00f8r ti bytter p\u00e5 laget som slo Moldova. Den eneste som f\u00e5r beholde plassen er forsvareren Gianluca Mancini.<\/p>\n<p>Slik starter Italia: Donnarumma \u2013 Di Lorenzo, Mancini, Bastoni, Dimarco \u2013 Politano, Locatelli, Barella, Frattesi \u2013 Retegui, Esposito.<\/p>\n<p>Sendingen er i gang allerede klokken 19.30! Kampstart er klokken 20.45!<\/p>\n<p>Saken oppdateres med Italias lag! <\/p>\n","protected":false},"excerpt":{"rendered":"Kun et mirakel st\u00e5r i veien for Norges VM-billett.\u00a0 Italia m\u00e5 vinne med hele ni m\u00e5l for \u00e5&hellip;\n","protected":false},"author":2,"featured_media":88769,"comment_status":"","ping_status":"","sticky":false,"template":"","format":"standard","meta":{"footnotes":""},"categories":[5],"tags":[20,21,24,25,15,19,22,23,17,18,13,30,28,29,14,16,26,27],"class_list":{"0":"post-88768","1":"post","2":"type-post","3":"status-publish","4":"format-standard","5":"has-post-thumbnail","7":"category-overskrifter","8":"tag-breaking-news","9":"tag-breakingnews","10":"tag-featured-news","11":"tag-featurednews","12":"tag-headlines","13":"tag-hovedoppslag","14":"tag-latest-news","15":"tag-latestnews","16":"tag-main-news","17":"tag-mainnews","18":"tag-news","19":"tag-no","20":"tag-norge","21":"tag-norway","22":"tag-nyheter","23":"tag-overskrifter","24":"tag-top-stories","25":"tag-topstories"},"share_on_mastodon":{"url":"https:\/\/pubeurope.com\/@no\/115560815377967976","error":""},"_links":{"self":[{"href":"https:\/\/www.europesays.com\/no\/wp-json\/wp\/v2\/posts\/88768","targetHints":{"allow":["GET"]}}],"collection":[{"href":"https:\/\/www.europesays.com\/no\/wp-json\/wp\/v2\/posts"}],"about":[{"href":"https:\/\/www.europesays.com\/no\/wp-json\/wp\/v2\/types\/post"}],"author":[{"embeddable":true,"href":"https:\/\/www.europesays.com\/no\/wp-json\/wp\/v2\/users\/2"}],"replies":[{"embeddable":true,"href":"https:\/\/www.europesays.com\/no\/wp-json\/wp\/v2\/comments?post=88768"}],"version-history":[{"count":0,"href":"https:\/\/www.europesays.com\/no\/wp-json\/wp\/v2\/posts\/88768\/revisions"}],"wp:featuredmedia":[{"embeddable":true,"href":"https:\/\/www.europesays.com\/no\/wp-json\/wp\/v2\/media\/88769"}],"wp:attachment":[{"href":"https:\/\/www.europesays.com\/no\/wp-json\/wp\/v2\/media?parent=88768"}],"wp:term":[{"taxonomy":"category","embeddable":true,"href":"https:\/\/www.europesays.com\/no\/wp-json\/wp\/v2\/categories?post=88768"},{"taxonomy":"post_tag","embeddable":true,"href":"https:\/\/www.europesays.com\/no\/wp-json\/wp\/v2\/tags?post=88768"}],"curies":[{"name":"wp","href":"https:\/\/api.w.org\/{rel}","templated":true}]}}