{"id":88789,"date":"2025-11-16T19:02:09","date_gmt":"2025-11-16T19:02:09","guid":{"rendered":"https:\/\/www.europesays.com\/no\/88789\/"},"modified":"2025-11-16T19:02:09","modified_gmt":"2025-11-16T19:02:09","slug":"hjertet-mitt-er-knust-2","status":"publish","type":"post","link":"https:\/\/www.europesays.com\/no\/88789\/","title":{"rendered":"\u2013 Hjertet mitt er knust"},"content":{"rendered":"\n<p class=\"_lead_o9xde_2 _lead_xtcu6_50 layout-component text-serif-m layout-normal text-serif-l layout-component layout-wide layout-padded _wide_17hqh_1 layout-padded\">Den britiske rockestjernen (28), som bes\u00f8ker Norge neste \u00e5r, forklarer at han har kj\u00f8rt seg selv for hardt.<\/p>\n<p><img alt=\"Yungblud p\u00e5 MTV Video Music Awards i New York i september. Foto: Doug Peters \/ Pa Photos \/ NTB\" class=\"_image_qp4xg_65 layout-component layout-wide\" data-fullscreen- data-track-element-type=\"Article image fullscreen\" data-track-name=\"ImageFullscreen\" fetchpriority=\"high\" decoding=\"sync\" loading=\"eager\" height=\"5350\" itemprop=\"image\"  src=\"https:\/\/www.europesays.com\/no\/wp-content\/uploads\/2025\/11\/5759e0c9-d89c-41d8-a436-b97dc3fd12c4\"  style=\"object-position:0% 0%\" width=\"7633\"\/>Yungblud p\u00e5 MTV Video Music Awards i New York i september. Foto: Doug Peters \/ Pa Photos \/ NTB<\/p>\n<ul aria-hidden=\"true\" class=\"_images_18f0k_111\">\n<li><a class=\"_link_18f0k_116\" href=\"https:\/\/www.vg.no\/forfatter\/catherine-gonsholt-ighanian\" style=\"z-index:1\" title=\"Catherine Gonsholt Ighanian\" rel=\"nofollow noopener\" target=\"_blank\"><img alt=\"Bilde av Catherine Gonsholt Ighanian\" class=\"_image_18f0k_93\" fetchpriority=\"low\" loading=\"lazy\" decoding=\"async\" itemprop=\"image\"  src=\"https:\/\/www.europesays.com\/no\/wp-content\/uploads\/2025\/11\/1763319729_200_72dca32d-ee6f-474c-a50e-72a9bb49f38a\"  width=\"480\"\/><\/a><\/li>\n<\/ul>\n<p> Oppdatert s\u00f8ndag 16. november kl. 19:39    <\/p>\n<ul class=\"_list_o9xde_3 _list_64s2r_85 _unordered_o9xde_106 text-sans-m\">\n<li class=\"_item_o9xde_30\">Yungblud kansellerer alle USA-konserter ut \u00e5ret p\u00e5 grunn av helseproblemer.<\/li>\n<li class=\"_item_o9xde_30\">Artisten, som bes\u00f8ker Oslo neste \u00e5r, forklarer at han har stemmeproblemer og bekymringsfulle blodpr\u00f8ver.<\/li>\n<li class=\"_item_o9xde_30\">Yungblud beklager overfor fansen og lover \u00e5 gj\u00f8re det godt igjen.<\/li>\n<li class=\"_item_o9xde_30\">Han er Grammy-nominert for sitt album \u00abIdols\u00bb og singelen \u00abZombie\u00bb.<\/li>\n<\/ul>\n<p>Vis mer <\/p>\n<p class=\"_paragraph_o9xde_4 _paragraph_xtcu6_10 layout-component text-serif-m layout-normal text-serif-m layout-padded\"><a href=\"https:\/\/www.vg.no\/tag\/yungblud?utm_source=vg-article&amp;utm_medium=auto-tagger&amp;utm_campaign=lw8GmL\" class=\"_link_o9xde_39\" rel=\"nofollow noopener\" target=\"_blank\">Yungblud<\/a> skulle turnere i USA denne m\u00e5neden, men har n\u00e5 kansellert alle konserter.<\/p>\n<p class=\"_paragraph_o9xde_4 _paragraph_xtcu6_10 layout-component text-serif-m layout-normal text-serif-m layout-padded\">I et innlegg p\u00e5 <a href=\"https:\/\/www.instagram.com\/stories\/yungblud\/\" class=\"_link_o9xde_39\" rel=\"nofollow noopener\" target=\"_blank\">Instastory<\/a> forklarer artisten, som egentlig heter Dominic Richard Harrison, at han har problemer med stemmen, og at han er litt bekymret over utslaget p\u00e5 noen blodpr\u00f8ver.<\/p>\n<p class=\"_paragraph_o9xde_4 _paragraph_xtcu6_10 layout-component text-serif-m layout-normal text-serif-m layout-padded\">N\u00e5 skal legen ha gitt ham beskjed om \u00e5 droppe de resterende konsertene i \u00e5r.<\/p>\n<p class=\"_paragraph_o9xde_4 _paragraph_xtcu6_10 layout-component text-serif-m layout-normal text-serif-m layout-padded\">\u00abDet ligger i min natur \u00e5 l\u00f8pe og l\u00f8pe til jeg l\u00f8per meg selv i senk, uten \u00e5 bry meg filla om noe, annet enn musikken og dere\u00bb, skriver han til sine 7,1 millioner f\u00f8lgere.<\/p>\n<p class=\"_paragraph_o9xde_4 _paragraph_xtcu6_10 layout-component text-serif-m layout-normal text-serif-m layout-padded\">\u00abMen denne gangen har jeg blitt fortalt at jeg m\u00e5 ta det p\u00e5 alvor\u00bb.<\/p>\n<p><img alt=\"Yungblud \u2013 ogs\u00e5 her p\u00e5 MTV Video Music Awards i New York i september.  Foto: Brendan McDermid \/ Reuters \/ NTB\" class=\"_image_qp4xg_65 layout-component layout-normal\" data-fullscreen- data-track-element-type=\"Article image fullscreen\" data-track-name=\"ImageFullscreen\" decoding=\"async\" loading=\"lazy\" height=\"1736\" itemprop=\"image\"  src=\"https:\/\/www.europesays.com\/no\/wp-content\/uploads\/2025\/11\/885e5de9-3a09-4ae5-aa09-d6a80db701c3\"  style=\"object-position:0% 0%\" width=\"2500\"\/>Yungblud \u2013 ogs\u00e5 her p\u00e5 MTV Video Music Awards i New York i september.  Foto: Brendan McDermid \/ Reuters \/ NTB<\/p>\n<p class=\"_paragraph_o9xde_4 _paragraph_xtcu6_10 layout-component text-serif-m layout-normal text-serif-m layout-padded\">Yungblud, som er et av trekkplastrene til neste sommers Tons of Rock i Oslo, beklager \u00e5 m\u00e5tte avlyse showene i byer som Philadelphia, Cleveland og Washington.<\/p>\n<p class=\"_paragraph_o9xde_4 _paragraph_xtcu6_10 layout-component text-serif-m layout-normal text-serif-m layout-padded\">\u00abJeg er s\u00e5 lei meg for dette. Hjertet mitt er knust. Men jeg \u00f8nsker ikke \u00e5 for\u00e5rsake varig skade p\u00e5 meg selv\u00bb, sier han.<\/p>\n<p class=\"_paragraph_o9xde_4 _paragraph_xtcu6_10 layout-component text-serif-m layout-normal text-serif-m layout-padded\">28-\u00e5ringen sier han vet at mange vil bli frustrert over dette, og han lover \u00e5 gj\u00f8re det godt igjen til neste \u00e5r.<\/p>\n<p class=\"_paragraph_o9xde_4 _paragraph_xtcu6_10 layout-component text-serif-m layout-normal text-serif-m layout-padded\">Yungblud fikk nylig Grammy-nominasjon for albumet \u00abIdols\u00bb i kategorien beste rockealbum. Han er ogs\u00e5 nominert for beste rockel\u00e5t med singelen \u00abZombie\u00bb.<\/p>\n<p class=\"_paragraph_o9xde_4 _paragraph_xtcu6_10 layout-component text-serif-m layout-normal text-serif-m layout-padded\">Han er ogs\u00e5 kjent for l\u00e5ten \u00abI Think I&#8217;m Okay\u00bb med Machine Gun Kelly.<\/p>\n<p>Les ogs\u00e5<br \/>\n    <script async src=\"\/\/www.instagram.com\/embed.js\"><\/script><\/p>\n","protected":false},"excerpt":{"rendered":"Den britiske rockestjernen (28), som bes\u00f8ker Norge neste \u00e5r, forklarer at han har kj\u00f8rt seg selv for hardt.&hellip;\n","protected":false},"author":2,"featured_media":88790,"comment_status":"","ping_status":"","sticky":false,"template":"","format":"standard","meta":{"footnotes":""},"categories":[58],"tags":[71,221,30,28,29,72,11730],"class_list":{"0":"post-88789","1":"post","2":"type-post","3":"status-publish","4":"format-standard","5":"has-post-thumbnail","7":"category-underholdning","8":"tag-entertainment","9":"tag-musikk","10":"tag-no","11":"tag-norge","12":"tag-norway","13":"tag-underholdning","14":"tag-yungblud"},"share_on_mastodon":{"url":"https:\/\/pubeurope.com\/@no\/115560929447295536","error":""},"_links":{"self":[{"href":"https:\/\/www.europesays.com\/no\/wp-json\/wp\/v2\/posts\/88789","targetHints":{"allow":["GET"]}}],"collection":[{"href":"https:\/\/www.europesays.com\/no\/wp-json\/wp\/v2\/posts"}],"about":[{"href":"https:\/\/www.europesays.com\/no\/wp-json\/wp\/v2\/types\/post"}],"author":[{"embeddable":true,"href":"https:\/\/www.europesays.com\/no\/wp-json\/wp\/v2\/users\/2"}],"replies":[{"embeddable":true,"href":"https:\/\/www.europesays.com\/no\/wp-json\/wp\/v2\/comments?post=88789"}],"version-history":[{"count":0,"href":"https:\/\/www.europesays.com\/no\/wp-json\/wp\/v2\/posts\/88789\/revisions"}],"wp:featuredmedia":[{"embeddable":true,"href":"https:\/\/www.europesays.com\/no\/wp-json\/wp\/v2\/media\/88790"}],"wp:attachment":[{"href":"https:\/\/www.europesays.com\/no\/wp-json\/wp\/v2\/media?parent=88789"}],"wp:term":[{"taxonomy":"category","embeddable":true,"href":"https:\/\/www.europesays.com\/no\/wp-json\/wp\/v2\/categories?post=88789"},{"taxonomy":"post_tag","embeddable":true,"href":"https:\/\/www.europesays.com\/no\/wp-json\/wp\/v2\/tags?post=88789"}],"curies":[{"name":"wp","href":"https:\/\/api.w.org\/{rel}","templated":true}]}}