{"id":88791,"date":"2025-11-16T19:10:26","date_gmt":"2025-11-16T19:10:26","guid":{"rendered":"https:\/\/www.europesays.com\/no\/88791\/"},"modified":"2025-11-16T19:10:26","modified_gmt":"2025-11-16T19:10:26","slug":"fallulykke-drammen-fallulykke-i-drammen-fremstar-alvorlig-skadet","status":"publish","type":"post","link":"https:\/\/www.europesays.com\/no\/88791\/","title":{"rendered":"Fallulykke, Drammen | Fallulykke i Drammen \u2013 fremst\u00e5r alvorlig skadet"},"content":{"rendered":"\n<p>Operasjonsleder \u00d8ystein Paus Eikedalen ved S\u00f8r\u00f8st politidistrikt meldte om hendelsen klokken 22.05 l\u00f8rdag kveld.<\/p>\n<p>Eikedalen skriver at hendelsen har funnet sted p\u00e5 en privat adresse.<\/p>\n<p>\u2013 En gutt har falt og fremst\u00e5r som alvorlig skadet. Luftambulanse landet p\u00e5 stedet, het det i f\u00f8rste melding.<\/p>\n<p>Til NTB utdyper operasjonsleder Victoria Hillveg:<\/p>\n<p>\u2013 Gutten ble funnet skadet p\u00e5 bakken av personen som meldte fra til oss, sier hun. <\/p>\n<p>Operasjonslederen legger til at han har skader som samsvarer med fall fra en viss h\u00f8yde, men at politiet ikke vet om han falt fra et vindu eller taket.<\/p>\n<p>Gutten ble ved 22.20-tiden fl\u00f8yet til Ullev\u00e5l sykehus og hans p\u00e5r\u00f8rende er varslet. Klokken 01 var politiet ferdig p\u00e5 stedet.<\/p>\n<p>\u2013 Det er ingen indikasjon p\u00e5 at andre personer er involvert, men det er for tidlig \u00e5 konkludere, sier Hillveg.<\/p>\n","protected":false},"excerpt":{"rendered":"Operasjonsleder \u00d8ystein Paus Eikedalen ved S\u00f8r\u00f8st politidistrikt meldte om hendelsen klokken 22.05 l\u00f8rdag kveld. Eikedalen skriver at hendelsen&hellip;\n","protected":false},"author":2,"featured_media":3844,"comment_status":"","ping_status":"","sticky":false,"template":"","format":"standard","meta":{"footnotes":""},"categories":[10],"tags":[20,21,24,25,15,22,23,13,30,28,29,14,16,26,27],"class_list":{"0":"post-88791","1":"post","2":"type-post","3":"status-publish","4":"format-standard","5":"has-post-thumbnail","7":"category-norge","8":"tag-breaking-news","9":"tag-breakingnews","10":"tag-featured-news","11":"tag-featurednews","12":"tag-headlines","13":"tag-latest-news","14":"tag-latestnews","15":"tag-news","16":"tag-no","17":"tag-norge","18":"tag-norway","19":"tag-nyheter","20":"tag-overskrifter","21":"tag-top-stories","22":"tag-topstories"},"share_on_mastodon":{"url":"https:\/\/pubeurope.com\/@no\/115560960941268210","error":""},"_links":{"self":[{"href":"https:\/\/www.europesays.com\/no\/wp-json\/wp\/v2\/posts\/88791","targetHints":{"allow":["GET"]}}],"collection":[{"href":"https:\/\/www.europesays.com\/no\/wp-json\/wp\/v2\/posts"}],"about":[{"href":"https:\/\/www.europesays.com\/no\/wp-json\/wp\/v2\/types\/post"}],"author":[{"embeddable":true,"href":"https:\/\/www.europesays.com\/no\/wp-json\/wp\/v2\/users\/2"}],"replies":[{"embeddable":true,"href":"https:\/\/www.europesays.com\/no\/wp-json\/wp\/v2\/comments?post=88791"}],"version-history":[{"count":0,"href":"https:\/\/www.europesays.com\/no\/wp-json\/wp\/v2\/posts\/88791\/revisions"}],"wp:featuredmedia":[{"embeddable":true,"href":"https:\/\/www.europesays.com\/no\/wp-json\/wp\/v2\/media\/3844"}],"wp:attachment":[{"href":"https:\/\/www.europesays.com\/no\/wp-json\/wp\/v2\/media?parent=88791"}],"wp:term":[{"taxonomy":"category","embeddable":true,"href":"https:\/\/www.europesays.com\/no\/wp-json\/wp\/v2\/categories?post=88791"},{"taxonomy":"post_tag","embeddable":true,"href":"https:\/\/www.europesays.com\/no\/wp-json\/wp\/v2\/tags?post=88791"}],"curies":[{"name":"wp","href":"https:\/\/api.w.org\/{rel}","templated":true}]}}