{"id":88794,"date":"2025-11-16T19:12:55","date_gmt":"2025-11-16T19:12:55","guid":{"rendered":"https:\/\/www.europesays.com\/no\/88794\/"},"modified":"2025-11-16T19:12:55","modified_gmt":"2025-11-16T19:12:55","slug":"planlegger-folkefest-i-oslo-50-000-kan-mote-opp","status":"publish","type":"post","link":"https:\/\/www.europesays.com\/no\/88794\/","title":{"rendered":"Planlegger folkefest i Oslo \u2013 50 000 kan m\u00f8te opp"},"content":{"rendered":"<p><strong>Norges herrelandslag kan f\u00e5 en massiv folkefest n\u00e5r VM-plassen etter all sannsynlighet blir sikret s\u00f8ndag. <\/strong><\/p>\n<p>If\u00f8lge <a href=\"https:\/\/www.dagbladet.no\/sport\/planlegger-folkefest\/83856204\" rel=\"nofollow noopener\" target=\"_blank\">Dagbladet <\/a>planlegges det et stort arrangement p\u00e5 R\u00e5dhusplassen i Oslo mandag klokken 17.45, der hele landslaget skal m\u00f8te det norske folk.<\/p>\n<p>Arrangementet skal gjennomf\u00f8res dersom Norge unng\u00e5r et ekstremt resultat borte mot Italia s\u00f8ndag kveld. Det eneste som kan hindre VM-plassen er et tap med hele ni m\u00e5l.<\/p>\n<p>If\u00f8lge Dagbladet \u00f8nsker alle spillerne \u00e5 reise direkte hjem etter kampen i Milano for \u00e5 feire kvalifiseringen i Oslo. R\u00e5dhusplassen skal etter planen rigges til \u00e5 ta imot rundt 50 000 tilskuere.<\/p>\n<p><strong>Les ogs\u00e5: <a href=\"https:\/\/inyheter.no\/13\/11\/2025\/norge-knuste-estland-i-avgjorende-kvalik-kamp-bare-millimeteren-unna-vm-billetten\/\" rel=\"nofollow noopener\" target=\"_blank\">Norge knuste Estland i avgj\u00f8rende kvalik-kamp: Bare millimeteren unna VM billetten<\/a><\/strong><\/p>\n<p>Dagbladets fotballekspert Bernt Hulsker beskriver det foresl\u00e5tte arrangementet som en \u00abenorm begivenhet\u00bb. Han mener en slik markering vil samle folk fra hele landet og markere starten p\u00e5 oppladningen til VM i 2026.<\/p>\n<p><strong>Italia \u2013 Norge starter klokken 20.45 s\u00f8ndag. Ved normalt kampforl\u00f8p vil Norge v\u00e6re VM-klar for f\u00f8rste gang siden 1998.<\/strong><\/p>\n","protected":false},"excerpt":{"rendered":"Norges herrelandslag kan f\u00e5 en massiv folkefest n\u00e5r VM-plassen etter all sannsynlighet blir sikret s\u00f8ndag. If\u00f8lge Dagbladet planlegges&hellip;\n","protected":false},"author":2,"featured_media":88795,"comment_status":"","ping_status":"","sticky":false,"template":"","format":"standard","meta":{"footnotes":""},"categories":[59],"tags":[92,30,28,29,83,82,1871],"class_list":{"0":"post-88794","1":"post","2":"type-post","3":"status-publish","4":"format-standard","5":"has-post-thumbnail","7":"category-sport","8":"tag-fotball","9":"tag-no","10":"tag-norge","11":"tag-norway","12":"tag-sport","13":"tag-sports","14":"tag-vm"},"share_on_mastodon":{"url":"https:\/\/pubeurope.com\/@no\/115560972479003060","error":""},"_links":{"self":[{"href":"https:\/\/www.europesays.com\/no\/wp-json\/wp\/v2\/posts\/88794","targetHints":{"allow":["GET"]}}],"collection":[{"href":"https:\/\/www.europesays.com\/no\/wp-json\/wp\/v2\/posts"}],"about":[{"href":"https:\/\/www.europesays.com\/no\/wp-json\/wp\/v2\/types\/post"}],"author":[{"embeddable":true,"href":"https:\/\/www.europesays.com\/no\/wp-json\/wp\/v2\/users\/2"}],"replies":[{"embeddable":true,"href":"https:\/\/www.europesays.com\/no\/wp-json\/wp\/v2\/comments?post=88794"}],"version-history":[{"count":0,"href":"https:\/\/www.europesays.com\/no\/wp-json\/wp\/v2\/posts\/88794\/revisions"}],"wp:featuredmedia":[{"embeddable":true,"href":"https:\/\/www.europesays.com\/no\/wp-json\/wp\/v2\/media\/88795"}],"wp:attachment":[{"href":"https:\/\/www.europesays.com\/no\/wp-json\/wp\/v2\/media?parent=88794"}],"wp:term":[{"taxonomy":"category","embeddable":true,"href":"https:\/\/www.europesays.com\/no\/wp-json\/wp\/v2\/categories?post=88794"},{"taxonomy":"post_tag","embeddable":true,"href":"https:\/\/www.europesays.com\/no\/wp-json\/wp\/v2\/tags?post=88794"}],"curies":[{"name":"wp","href":"https:\/\/api.w.org\/{rel}","templated":true}]}}