{"id":88806,"date":"2025-11-16T19:47:21","date_gmt":"2025-11-16T19:47:21","guid":{"rendered":"https:\/\/www.europesays.com\/no\/88806\/"},"modified":"2025-11-16T19:47:21","modified_gmt":"2025-11-16T19:47:21","slug":"mitsubishi-klar-med-ny-elbil","status":"publish","type":"post","link":"https:\/\/www.europesays.com\/no\/88806\/","title":{"rendered":"Mitsubishi klar med ny elbil"},"content":{"rendered":"<p class=\"kicker t20 text-red color_mobile_text-red\" style=\"\">Mitsubishi Eclipse Cross:\u00a0<\/p>\n<p>  Frister blant annet med knallgod garanti.<\/p>\n<p>\n    Foto: Mitsubishi\n  <\/p>\n<p>(Elbil24): Mitsubishi er<br \/>\nn\u00e5 p\u00e5 vei tilbake til elbilfeltet med<br \/>\nen ny, helelektrisk utgave av Eclipse Cross \u2013 en kompakt SUV som skal ta plass<br \/>\ni Europas t\u00f8ffeste bilsegment.<\/p>\n<p>Modellen markerer starten p\u00e5 en ny fase<br \/>\nfor merket og er den f\u00f8rste rene elbilen Mitsubishi lanserer i Europa siden i-MiEV \u2013 for du husker<br \/>\nsikkert den lille tassen som det fortsatt ruller noen eksemplarer av p\u00e5 norske veier.<\/p>\n<p>Ved lansering f\u00e5r<br \/>\nbilen et Long-Range batteri p\u00e5 87 kWh og forel\u00f8pig oppgitt rekkevidde p\u00e5 over<br \/>\n600 kilometer. Tallene er forel\u00f8pige, da resultatene fra WLTP-testene ikke er klare, men vi kjenner byggeklossene bilen<br \/>\ner laget av og vet noenlunde hva vi har i vente. <\/p>\n<p>Foruten rekkevidden kan vi fortelle at hurtiglading skjer med en toppeffekt<br \/>\np\u00e5 170 kW, mens ombordladeren<br \/>\nst\u00f8tter inntil 22 kW.\u00a0<\/p>\n<p>          <img loading=\"lazy\" decoding=\"async\" src=\"https:\/\/www.europesays.com\/no\/wp-content\/uploads\/2025\/11\/83844053.webp\" width=\"686\" height=\"392\" title=\"Mitsubishi klar med ny elbil\" alt=\"\" class=\"\" style=\"--aspect-ratio-image: 1.75; \"\/><\/p>\n<p class=\"font-weight-bold m-font-weight-bold\" data-lab-font_weight=\"font-weight-bold\">En rimeligere utgave med mindre batteri er for\u00f8vrig ventet i 2026.<\/p>\n<p>H\u00f8rt det f\u00f8r?\u00a0<\/p>\n<p>Drivlinjen best\u00e5r<br \/>\nav en elmotor p\u00e5 218 hestekrefter fra et dreiemoment p\u00e5 300 newtonmeter. Det er nok til \u00e5<br \/>\ngj\u00f8re sprinten til 100 km\/t p\u00e5 8,4<br \/>\nsekunder, og toppfarten oppgis \u00e5 v\u00e6re 170 km\/t. <\/p>\n<p>    <a itemprop=\"url\" href=\"https:\/\/www.elbil24.no\/pro\/bestselger-i-raeste-utgave-her-sitter-smilene-lost\/83770986\" rel=\"nofollow noopener\" target=\"_blank\"><\/p>\n<p>      <img loading=\"lazy\" decoding=\"async\" src=\"https:\/\/www.europesays.com\/no\/wp-content\/uploads\/2025\/11\/1763322438_243_83793250.webp\" width=\"980\" height=\"441\" title=\"Bestselger i r\u00e5este utgave: - Her sitter smilene l\u00f8st\" alt=\"\" class=\"lazyload\" style=\"--aspect-ratio-image: 2.22; \"\/><\/p>\n<p>        Bestselger i r\u00e5este utgave: &#8211; Her sitter smilene l\u00f8st<\/p>\n<p>    <\/a><\/p>\n<p>Og n\u00e5 kommer kontrollsp\u00f8rsm\u00e5let: Synes du \u00e5 dra kjensel p\u00e5<br \/>\ntallene frem til n\u00e5? Vel, det er ikke s\u00e5 merkelig, for dette blir Mitsubishi<br \/>\nsin utgave av Renault Scenic, eller h\u00f8res det bedre ut med Nissan Ariya?\u00a0<\/p>\n<p>Begge<br \/>\ndisse bilene er laget p\u00e5 den samme plattformen, med s\u00e5 godt som identiske motorer<br \/>\nog batteri. Det hele bunner ut i at Renault-Nissan alliansen har trykket Mitsubishi<br \/>\ntil sitt bryst som det tredje merket i et felles samarbeid. <\/p>\n<p>          <img loading=\"lazy\" decoding=\"async\" src=\"https:\/\/www.europesays.com\/no\/wp-content\/uploads\/2025\/11\/83844049.webp\" width=\"686\" height=\"392\" title=\"Mitsubishi klar med ny elbil\" alt=\"\" class=\"\" style=\"--aspect-ratio-image: 1.75; \"\/><\/p>\n<p>Egen sminke<\/p>\n<p>Eksteri\u00f8rdesignen er derimot Mitsubishi sin egen og baserer<br \/>\nseg til dels p\u00e5 Mitsubishis eget<br \/>\n\u201cDynamic Shield\u201d-uttrykk. Grillen har bikubem\u00f8nster, bakparten er<br \/>\nbred og bilen kan leveres med<br \/>\n19- eller 20-tommers felger. Innvendig preges kup\u00e9en av en mer ryddig og<br \/>\nn\u00f8ktern stil, og her kjenner vi faktisk igjen en del elementer fra Renault<br \/>\nScenic. <\/p>\n<p class=\"font-weight-bold m-font-weight-bold\" data-lab-font_weight=\"font-weight-bold\">Bagasjerommet<br \/>\nrommer 478 liter med baksetene oppe og 1670 liter n\u00e5r de er lagt ned.<\/p>\n<p>Infotainmentsystemet<br \/>\ner i kjent stil bygget rundt en<br \/>\nst\u00e5ende 12,3-tommers skjerm med Google sitt system som basis. Bilen st\u00f8tter tr\u00e5dl\u00f8s Apple CarPlay og Android<br \/>\nAuto. Bilen har selvf\u00f8lgelig alle de p\u00e5krevde sikkerhetssystemer som skal<br \/>\ntil og kan p\u00e5 sett og vis sies \u00e5 v\u00e6re like fremoverlent som dens to<br \/>\nslektninger. Det er heller ikke noe minus ved dette, for Renault Scenic ble<br \/>\nblant annet k\u00e5ret til Car of the Year i Europa da den kom i 2024, s\u00e5 det er<br \/>\ningen hvilken som helst Eclipse Cross er bygget p\u00e5. <\/p>\n<p>    <a itemprop=\"url\" href=\"https:\/\/www.elbil24.no\/pro\/dette-betyr-kodene-pa-dekket\/81124765\" rel=\"nofollow noopener\" target=\"_blank\"><\/p>\n<p>      <img loading=\"lazy\" decoding=\"async\" src=\"https:\/\/www.europesays.com\/no\/wp-content\/uploads\/2025\/11\/1763322441_603_81127825.webp\" width=\"980\" height=\"441\" title=\"Dette betyr kodene p\u00e5 dekket\" alt=\"\" class=\"lazyload\" style=\"--aspect-ratio-image: 2.22; \"\/><\/p>\n<p>        Dette betyr kodene p\u00e5 dekket<\/p>\n<p>    <\/a><\/p>\n<p>Det lille ekstra<\/p>\n<p>Men s\u00e5 kommer det faktisk et punkt der Mitsubishi har et<br \/>\nlite ess i ermet. Garantiordningen<br \/>\nf\u00f8lger nemlig Mitsubishis nye<br \/>\neuropeiske modell med dekning p\u00e5 opptil \u00e5tte \u00e5r eller 160 000 kilometer.<br \/>\nIkke bare for batteriet, noe som er standarden, men for hele bilen &#8211; inkludert veihjelp.<\/p>\n<p>Produksjonen starter mot<br \/>\nslutten av 2025 ved fabrikken i Douai i Frankrike, s\u00e5 vi tipper det ikke<br \/>\ner lenge til vi h\u00f8rer fra Mitsubishi med tilbud om pr\u00f8vekj\u00f8ring. Da h\u00f8rer du<br \/>\nfra oss igjen.<\/p>\n","protected":false},"excerpt":{"rendered":"Mitsubishi Eclipse Cross:\u00a0 Frister blant annet med knallgod garanti. Foto: Mitsubishi (Elbil24): Mitsubishi er n\u00e5 p\u00e5 vei tilbake&hellip;\n","protected":false},"author":2,"featured_media":88807,"comment_status":"","ping_status":"","sticky":false,"template":"","format":"standard","meta":{"footnotes":""},"categories":[56],"tags":[4915,60,11731,61,267,3531,62,30,28,29,14,3532],"class_list":{"0":"post-88806","1":"post","2":"type-post","3":"status-publish","4":"format-standard","5":"has-post-thumbnail","7":"category-naeringsliv","8":"tag-4915","9":"tag-business","10":"tag-eclipse-cross","11":"tag-economy","12":"tag-elbil","13":"tag-mitsubishi","14":"tag-naeringsliv","15":"tag-no","16":"tag-norge","17":"tag-norway","18":"tag-nyheter","19":"tag-suv"},"share_on_mastodon":{"url":"https:\/\/pubeurope.com\/@no\/115561106397351657","error":""},"_links":{"self":[{"href":"https:\/\/www.europesays.com\/no\/wp-json\/wp\/v2\/posts\/88806","targetHints":{"allow":["GET"]}}],"collection":[{"href":"https:\/\/www.europesays.com\/no\/wp-json\/wp\/v2\/posts"}],"about":[{"href":"https:\/\/www.europesays.com\/no\/wp-json\/wp\/v2\/types\/post"}],"author":[{"embeddable":true,"href":"https:\/\/www.europesays.com\/no\/wp-json\/wp\/v2\/users\/2"}],"replies":[{"embeddable":true,"href":"https:\/\/www.europesays.com\/no\/wp-json\/wp\/v2\/comments?post=88806"}],"version-history":[{"count":0,"href":"https:\/\/www.europesays.com\/no\/wp-json\/wp\/v2\/posts\/88806\/revisions"}],"wp:featuredmedia":[{"embeddable":true,"href":"https:\/\/www.europesays.com\/no\/wp-json\/wp\/v2\/media\/88807"}],"wp:attachment":[{"href":"https:\/\/www.europesays.com\/no\/wp-json\/wp\/v2\/media?parent=88806"}],"wp:term":[{"taxonomy":"category","embeddable":true,"href":"https:\/\/www.europesays.com\/no\/wp-json\/wp\/v2\/categories?post=88806"},{"taxonomy":"post_tag","embeddable":true,"href":"https:\/\/www.europesays.com\/no\/wp-json\/wp\/v2\/tags?post=88806"}],"curies":[{"name":"wp","href":"https:\/\/api.w.org\/{rel}","templated":true}]}}