{"id":88815,"date":"2025-11-16T20:06:24","date_gmt":"2025-11-16T20:06:24","guid":{"rendered":"https:\/\/www.europesays.com\/no\/88815\/"},"modified":"2025-11-16T20:06:24","modified_gmt":"2025-11-16T20:06:24","slug":"eksperter-tror-ikke-pa-faststoffbatterier-om-et-par-ar","status":"publish","type":"post","link":"https:\/\/www.europesays.com\/no\/88815\/","title":{"rendered":"Eksperter tror ikke p\u00e5 faststoffbatterier om et par \u00e5r"},"content":{"rendered":"<p>\n        ST\u00d8RST: CATL er verdens st\u00f8rste batteriprodusent, her er selskapets anlegg i Liyang, Kina, og de er med p\u00e5 faststoffkappl\u00f8pet.<br \/>\n        Foto: CATL\n    <\/p>\n<p class=\"kicker t31 tm25 font-weight-bold m-font-weight-bold font-Roboto\" style=\"\">Eksperter:<\/p>\n<p>    Det foreg\u00e5r et internasjonalt kappl\u00f8p om \u00e5 f\u00e5 til faststoffbatterier i stor skala. N\u00e5 maner kinesiske eksperter til realisme.\u00a0<\/p>\n<p>Mange bil- og batteriprodusenter ha det siste \u00e5ret meldt at de er godt i gang med testing av faststoffbatterier.\u00a0<\/p>\n<p>P\u00e5 veien, og med tanke p\u00e5 produksjonen.\u00a0<\/p>\n<p>Ut fra informasjonen s\u00e5 som er kommet s\u00e5 langt, virker det som den f\u00f8rste produksjonen i stor skala kan begynne i 2027 eller 2028.<\/p>\n<p class=\"font-weight-bold m-font-weight-bold\" data-lab-font_weight=\"font-weight-bold\">N\u00e5 er det flere kinesiske eksperter som mener det ikke er realistisk.\u00a0<\/p>\n<p>            Les alle Motors biltester:<\/p>\n<p>Under arrangementet\u00a02025 World Power Battery Conference i Sichuan nylig var det flere som mente at faststoffbatterienes inntog ligger lengre fram i tid.<\/p>\n<p>En rekke utfordringer<\/p>\n<p>F\u00f8r konferansen uttalte Wu Chengxin at selv om industrien streber etter \u00e5 oppn\u00e5 gjennombrudd, st\u00e5r teknologien fortsatt overfor en rekke utfordringer, melder <a href=\"https:\/\/carnewschina.com\/2025\/11\/13\/chinas-battery-giants-expect-solid-state-battery-delays-beyond-2030-push-back-on-hype\/\" target=\"_blank\" rel=\"nofollow noopener\">Car News China<\/a>.\u00a0<\/p>\n<p>Wu er nestleder i China All-Solid-State Battery Industry-University-Research Collaboration Innovation Platform, en samling av bil- og batteriprodusenter i Kina.<\/p>\n<p>Han mener det gjenst\u00e5r betydelig med vitenskapelig analyse, utstyrs\u00adutvikling og designarbeid f\u00f8r kommersialisering kan oppn\u00e5s, og beskrev det som en langsiktig forskningsprosess. <\/p>\n<p> Yang Hongxin, styreleder og administrerende direkt\u00f8r i Svolt Energy Technology, uttalte at installasjoner av demonstrasjon\u00adskj\u00f8ret\u00f8y i liten skala kan v\u00e6re mulig innen 2027.\u00a0<\/p>\n<p>2035 realistisk<\/p>\n<p>        Faststoffbatterier<\/p>\n<ul>\n<li>Et faststoffbatteri er et elektrisk batteri som bruker en fast elektrolytt for ionisk ledning mellom elektrodene, i stedet for den flytende eller gel-polymere elektrolytten som finnes i konvensjonelle batterier.\u00a0<\/li>\n<li>Faststoffbatterier tilbyr teoretisk sett mye h\u00f8yere energitetthet enn vanlige litium-ion- eller litium-polymerbatterier.<\/li>\n<p class=\"lab-bodytext-line italic m-italic\" data-lab-italic=\"italic\">Kilde: Wikipedia<\/p>\n<\/ul>\n<p>Yang sier storskala-kommersialisering krever ytterligere kostnadsreduksjoner og en mer moden forsyningskjede. Han anslo at masseproduksjon trolig ikke kommer f\u00f8r etter 2030. <\/p>\n<p> Deng Chenghao, visepresident og styreleder i Deepal i Changan Automobile, advarer mot over\u00addreven optimisme. Deng mener at storskala-kommersialisering innen 2030 er \u00abdet mest optimistiske\u00bb scenariet, og at 2035 kan v\u00e6re et mer realistisk m\u00e5l.<\/p>\n<p>Kina har de siste \u00e5tte \u00e5rene v\u00e6rt verdens st\u00f8rste n\u00e5r det gjelder batteriproduksjon.<\/p>\n<p class=\"font-weight-bold m-font-weight-bold\" data-lab-font_weight=\"font-weight-bold\">Her er det de ulike batteri- og bilprodusentene har sagt om deres utvikling av faststoffbatterier:<\/p>\n<p>            Har du lest disse sakene fra Motor?<\/p>\n<ul>\n<li>Volkswagen-gruppen sa i 2025 at deres batteriproduksjons\u00adavdeling har inng\u00e5tt en avtale om \u00e5 masseprodusere faststoffbatterier fra det amerikanske selskapet QuantumScape.<\/li>\n<li>Nissan har sagt at deres f\u00f8rste elbil med faststoffbatteri vil komme i 2028, med batterier som er rundt halvparten s\u00e5 store, og mye lettere, enn dagens litium-ion-batterier med tilsvarende kapasitet.<\/li>\n<li>Honda har bygget en<a href=\"https:\/\/www.motor.no\/aktuelt\/honda-starter-produksjon-av-faststoffbatterier\/296997\" target=\"_blank\" rel=\"nofollow noopener\">\u00a0pr\u00f8veproduksjonslinje for faststoffbatterier<\/a>, med tanke p\u00e5 masseproduksjon<\/li>\n<li>Mercedes-Benz meldte i februar at de, etter laboratorietester, n\u00e5 har satt i gang med testing av faststoffbatterier i en lett modifisert EQS.\u00a0<a href=\"https:\/\/www.motor.no\/aktuelt\/mercedes-faststoffbatteri-kjorte-over-120-mil-uten-a-lade\/328796\" target=\"_blank\" rel=\"nofollow noopener\">En testbil har kj\u00f8rt 120 mil uten \u00e5 lade<\/a>.<\/li>\n<li><a href=\"https:\/\/www.motor.no\/aktuelt\/stellantis-faststoffbatteriene-naermer-seg\/314036\" target=\"_blank\" rel=\"nofollow noopener\">Stellantis har startet testing\u00a0<\/a>med en fl\u00e5te av Dodge Charger med faststoffbatterier, i samarbeid med Factorial.<\/li>\n<li>\n<p>Xiaomi har s\u00f8kt om patent p\u00e5 et faststoffbatteri som if\u00f8lge dem selv\u00a0<a href=\"https:\/\/www.motor.no\/aktuelt\/xiaomi-jobber-med-ekstremt-faststoffbatteri\/318741\" target=\"_blank\" rel=\"nofollow noopener\">vil bli s\u00e6rdeles effektivt<\/a>.<\/p>\n<\/li>\n<li>\n<p>Neste generasjon MG4, som kommer i Kina i disse dager, leveres med det som\u00a0<a href=\"https:\/\/www.motor.no\/aktuelt\/mg-med-semi-faststoffbatteri\/323206\" target=\"_blank\" rel=\"nofollow noopener\">kalles et semi-faststoffbatteri<\/a>.<\/p>\n<\/li>\n<li>\n<p>BMW startet testing av teknologien<a href=\"https:\/\/www.motor.no\/aktuelt\/bmw-melder-seg-pa-faststoff-kapplopet\/316104\" target=\"_blank\" rel=\"nofollow noopener\">\u00a0i en i7 p\u00e5 forsommeren<\/a>.<\/p>\n<\/li>\n<li>\n<p>Byd har startet med testing av faststoffbatterier i biler p\u00e5 veien i Kina. Det er ventet en begrenset utrulling av biler med teknologien i 2026 eller 2027.<\/p>\n<\/li>\n<li>\n<p>CATL, verdens st\u00f8rste batteriprodusent, utvikler faststoffbatterier med tanke p\u00e5 masseproduksjon i 2027.<\/p>\n<\/li>\n<li>\n<p>Kinesiske Chery\u00a0<a href=\"https:\/\/www.motor.no\/aktuelt\/chery-med-faststoff-batteri-som-klarer-130-mil\/333034\" target=\"_blank\" rel=\"nofollow noopener\">planlegger \u00e5 sette i gang pilottesting i 2026<\/a>, med en st\u00f8rre utrulling \u00e5ret etter.<\/p>\n<\/li>\n<\/ul>\n","protected":false},"excerpt":{"rendered":"ST\u00d8RST: CATL er verdens st\u00f8rste batteriprodusent, her er selskapets anlegg i Liyang, Kina, og de er med p\u00e5&hellip;\n","protected":false},"author":2,"featured_media":88816,"comment_status":"","ping_status":"","sticky":false,"template":"","format":"standard","meta":{"footnotes":""},"categories":[56],"tags":[60,61,62,30,28,29],"class_list":{"0":"post-88815","1":"post","2":"type-post","3":"status-publish","4":"format-standard","5":"has-post-thumbnail","7":"category-naeringsliv","8":"tag-business","9":"tag-economy","10":"tag-naeringsliv","11":"tag-no","12":"tag-norge","13":"tag-norway"},"share_on_mastodon":{"url":"https:\/\/pubeurope.com\/@no\/115561180888138013","error":""},"_links":{"self":[{"href":"https:\/\/www.europesays.com\/no\/wp-json\/wp\/v2\/posts\/88815","targetHints":{"allow":["GET"]}}],"collection":[{"href":"https:\/\/www.europesays.com\/no\/wp-json\/wp\/v2\/posts"}],"about":[{"href":"https:\/\/www.europesays.com\/no\/wp-json\/wp\/v2\/types\/post"}],"author":[{"embeddable":true,"href":"https:\/\/www.europesays.com\/no\/wp-json\/wp\/v2\/users\/2"}],"replies":[{"embeddable":true,"href":"https:\/\/www.europesays.com\/no\/wp-json\/wp\/v2\/comments?post=88815"}],"version-history":[{"count":0,"href":"https:\/\/www.europesays.com\/no\/wp-json\/wp\/v2\/posts\/88815\/revisions"}],"wp:featuredmedia":[{"embeddable":true,"href":"https:\/\/www.europesays.com\/no\/wp-json\/wp\/v2\/media\/88816"}],"wp:attachment":[{"href":"https:\/\/www.europesays.com\/no\/wp-json\/wp\/v2\/media?parent=88815"}],"wp:term":[{"taxonomy":"category","embeddable":true,"href":"https:\/\/www.europesays.com\/no\/wp-json\/wp\/v2\/categories?post=88815"},{"taxonomy":"post_tag","embeddable":true,"href":"https:\/\/www.europesays.com\/no\/wp-json\/wp\/v2\/tags?post=88815"}],"curies":[{"name":"wp","href":"https:\/\/api.w.org\/{rel}","templated":true}]}}