{"id":88817,"date":"2025-11-16T20:08:11","date_gmt":"2025-11-16T20:08:11","guid":{"rendered":"https:\/\/www.europesays.com\/no\/88817\/"},"modified":"2025-11-16T20:08:11","modified_gmt":"2025-11-16T20:08:11","slug":"bybanen-skyss-stans-pa-bybanen-bil-i-sporet","status":"publish","type":"post","link":"https:\/\/www.europesays.com\/no\/88817\/","title":{"rendered":"Bybanen, Skyss | Stans p\u00e5 Bybanen: \u2013 Bil i sporet"},"content":{"rendered":"\n<p>\u2013 Den st\u00e5r fast i sporet. Jeg aner ikke hvordan den har klart \u00e5 komme seg dit, sier pressevakt Ingrid Dreyer i Skyss til BA.<\/p>\n<p>BAs reporter p\u00e5 stedet melder at bilen st\u00e5r plantet midt i sporet.<\/p>\n<p>   <img decoding=\"async\" width=\"4000\" height=\"3000\" fetchpriority=\"low\"  loading=\"lazy\"  src=\"https:\/\/www.europesays.com\/no\/wp-content\/uploads\/2025\/11\/20251116_202356.jpg\" alt=\"\" class=\"brick-c-cFOWSL\" style=\"--brick-image-ratio: 4000 \/ 3000;\"\/><\/p>\n<p>      Her endte bilen.<br \/>\n      Foto: Sindre Wiik\n    <\/p>\n<p>Politiet er p\u00e5 stedet.<\/p>\n<p>\u2013 F\u00f8rerkortet til bilisten beslaglegges, melder operasjonsleder Bjarte Rebnord i Vest politidistrikt.<\/p>\n<p>BA snakket med den mannlige bilf\u00f8reren p\u00e5 stedet. Han ga uttrykk for at han var lei seg for det som hadde skjedd.<\/p>\n<p>Som f\u00f8lge av kj\u00f8ringen er det full stans p\u00e5 Bybanen linje 2.<\/p>\n<p>Bilberging p\u00e5g\u00e5r.<\/p>\n<p>   <img decoding=\"async\" width=\"4000\" height=\"3000\" fetchpriority=\"low\"  loading=\"lazy\"  src=\"https:\/\/www.europesays.com\/no\/wp-content\/uploads\/2025\/11\/Bil+sladdet+i+sporet.jpg\" alt=\"\" class=\"brick-c-cFOWSL\" style=\"--brick-image-ratio: 4000 \/ 3000;\"\/><\/p>\n<p>      Bybanen st\u00e5r inntil videre.<br \/>\n      Foto: Sindre Wiik\n    <\/p>\n<p>Saken oppdateres<\/p>\n","protected":false},"excerpt":{"rendered":"\u2013 Den st\u00e5r fast i sporet. Jeg aner ikke hvordan den har klart \u00e5 komme seg dit, sier&hellip;\n","protected":false},"author":2,"featured_media":88818,"comment_status":"","ping_status":"","sticky":false,"template":"","format":"standard","meta":{"footnotes":""},"categories":[10],"tags":[36,444,20,21,3942,24,25,15,22,23,13,30,28,29,14,16,3431,1510,26,27],"class_list":{"0":"post-88817","1":"post","2":"type-post","3":"status-publish","4":"format-standard","5":"has-post-thumbnail","7":"category-norge","8":"tag-art","9":"tag-bergen","10":"tag-breaking-news","11":"tag-breakingnews","12":"tag-bybanen","13":"tag-featured-news","14":"tag-featurednews","15":"tag-headlines","16":"tag-latest-news","17":"tag-latestnews","18":"tag-news","19":"tag-no","20":"tag-norge","21":"tag-norway","22":"tag-nyheter","23":"tag-overskrifter","24":"tag-skyss","25":"tag-story","26":"tag-top-stories","27":"tag-topstories"},"share_on_mastodon":{"url":"https:\/\/pubeurope.com\/@no\/115561188976731658","error":""},"_links":{"self":[{"href":"https:\/\/www.europesays.com\/no\/wp-json\/wp\/v2\/posts\/88817","targetHints":{"allow":["GET"]}}],"collection":[{"href":"https:\/\/www.europesays.com\/no\/wp-json\/wp\/v2\/posts"}],"about":[{"href":"https:\/\/www.europesays.com\/no\/wp-json\/wp\/v2\/types\/post"}],"author":[{"embeddable":true,"href":"https:\/\/www.europesays.com\/no\/wp-json\/wp\/v2\/users\/2"}],"replies":[{"embeddable":true,"href":"https:\/\/www.europesays.com\/no\/wp-json\/wp\/v2\/comments?post=88817"}],"version-history":[{"count":0,"href":"https:\/\/www.europesays.com\/no\/wp-json\/wp\/v2\/posts\/88817\/revisions"}],"wp:featuredmedia":[{"embeddable":true,"href":"https:\/\/www.europesays.com\/no\/wp-json\/wp\/v2\/media\/88818"}],"wp:attachment":[{"href":"https:\/\/www.europesays.com\/no\/wp-json\/wp\/v2\/media?parent=88817"}],"wp:term":[{"taxonomy":"category","embeddable":true,"href":"https:\/\/www.europesays.com\/no\/wp-json\/wp\/v2\/categories?post=88817"},{"taxonomy":"post_tag","embeddable":true,"href":"https:\/\/www.europesays.com\/no\/wp-json\/wp\/v2\/tags?post=88817"}],"curies":[{"name":"wp","href":"https:\/\/api.w.org\/{rel}","templated":true}]}}