{"id":88821,"date":"2025-11-16T20:11:10","date_gmt":"2025-11-16T20:11:10","guid":{"rendered":"https:\/\/www.europesays.com\/no\/88821\/"},"modified":"2025-11-16T20:11:10","modified_gmt":"2025-11-16T20:11:10","slug":"ny-vending-i-sex-tape-skandalen-2","status":"publish","type":"post","link":"https:\/\/www.europesays.com\/no\/88821\/","title":{"rendered":"Ny vending i sex-tape skandalen"},"content":{"rendered":"<p class=\"kicker \" style=\"\">Ray J\u00a0<\/p>\n<p>  Ekskj\u00e6resten mener Kim Kardashian og Kris Jenner har spredt en falsk historie i to ti\u00e5r.<\/p>\n<p>\n    SAKS\u00d8KT: Kim Kardashian og Kris Jenner har mottatt et mots\u00f8ksm\u00e5l fra Kims tidligere kj\u00e6reste Ray J, etter at de saks\u00f8kte ham for \u00e6reskrenkelse i oktober. Foto: Scott A Garfitt \/ Invision \/ AP \/ NTB\n  <\/p>\n<p>Den verdenskjente realityprofilen Kim Kardashian (45) har v\u00e6rt i rampelyset i \u00e5revis av en rekke forskjellige grunner.\u00a0<\/p>\n<p>Blant annet i TV-serien \u00abKeeping up with the Kardashians\u00bb, forholdet hennes med eksmannen Kanye West (48) og den ber\u00f8mte sexvideoen med ekskj\u00e6resten Ray J (44) fra 2003.<\/p>\n<p>        OVERRASKER: Influenser Robert \u00abNorwayRob\u00bb Scott dukker opp som deltaker i Netflix-suksessen \u00abSquid Game: The Challenge\u00bb. Video: Kine Falch \/ Netflix<\/p>\n<p>Det var sistnevnte video som for alvor fikk kjendisballen hennes til \u00e5 rulle.<\/p>\n<p class=\"font-weight-bold m-font-weight-bold\" data-lab-font_weight=\"font-weight-bold\">Man skulle kanskje tro at en 22 \u00e5r gammel sex-tape ikke lenger kan skape noen problemer. Det viser seg \u00e5 ikke v\u00e6re tilfellet.<\/p>\n<p>    <a itemprop=\"url\" href=\"https:\/\/www.seher.no\/kjendis\/eirik-visste-det-ikke\/83854169\" rel=\"nofollow noopener\" target=\"_blank\"><\/p>\n<p>      <img loading=\"lazy\" decoding=\"async\" src=\"https:\/\/www.europesays.com\/no\/wp-content\/uploads\/2025\/11\/83854181.webp\" width=\"147\" height=\"98\" title=\"- Eirik visste det ikke\" alt=\"\" class=\"lazyload\" style=\"--aspect-ratio-image: 1.50; \"\/><\/p>\n<p>        &#8211; Eirik visste det ikke<\/p>\n<p>    <\/a><\/p>\n<p>For i oktober kom nyheten om at Kim Kardashian har <a href=\"https:\/\/www.seher.no\/kjendis\/saksoker-eks-kjaeresten\/83670142\" rel=\"nofollow noopener\" target=\"_blank\">saks\u00f8kt sin tidligere kj\u00e6reste<\/a> &#8211; artisten Ray J. Hun anklaget ekskj\u00e6resten for \u00e6reskrenkelse etter at han kom med en lengre tirade p\u00e5 en direktesending p\u00e5 X.\u00a0<\/p>\n<p>N\u00e5 har 44-\u00e5ringen levert et mots\u00f8ksm\u00e5l mot Kardashian og moren, Kris Jenner (70). Han mener s\u00f8ksm\u00e5let fra oktober ikke handler om \u00e6reskrenkelse, men om \u00e5 vise makt og straffe ham.<\/p>\n<p>        NY START: Etter \u00abJakten p\u00e5 kj\u00e6rligheten\u00bb har bonden Cornelia en ny mann i kikkerten. Reporter: Sanne Holt. Video: TV 2\/ R\u00f8d L\u00f8per <\/p>\n<p>Sex-tape\t<\/p>\n<p>Bakgrunnen for s\u00f8ksm\u00e5let kommer fra en den mye omtalte sexvideoen mellom Ray J og Kim fra 2003.\u00a0<\/p>\n<p>    <a itemprop=\"url\" href=\"https:\/\/www.seher.no\/kjendis\/holdt-pa-a-miste-datteren\/83835888\" rel=\"nofollow noopener\" target=\"_blank\"><\/p>\n<p>      <img loading=\"lazy\" decoding=\"async\" src=\"https:\/\/www.europesays.com\/no\/wp-content\/uploads\/2025\/11\/83835904.webp\" width=\"147\" height=\"98\" title=\"Holdt p\u00e5 \u00e5 miste datteren\" alt=\"\" class=\"lazyload\" style=\"--aspect-ratio-image: 1.50; \"\/><\/p>\n<p>        Holdt p\u00e5 \u00e5 miste datteren<\/p>\n<p>    <\/a><\/p>\n<p class=\"font-weight-bold m-font-weight-bold\" data-lab-font_weight=\"font-weight-bold\">I rettsdokumenter hevder Ray J, hvis fulle navn er William Ray Norwood Jr., at Kardashian og moren har spredt en falsk historie om at sexvideoen ble lekket mot hennes vilje\u00a0i to ti\u00e5r.\u00a0<\/p>\n<blockquote class=\"twitter-tweet\" data-conversation=\"none\">\n<p lang=\"en\" dir=\"ltr\">In new legal docs, obtained by TMZ, Ray J reveals what he says actually went down with the sex tape&#8230; and he says Kim insisted Kris be in charge of the release and commercial exploitation of the film. <a href=\"https:\/\/t.co\/P1nf2T3fCq\" rel=\"nofollow\">pic.twitter.com\/P1nf2T3fCq<\/a><\/p>\n<p>\u2014 TMZ (@TMZ) <a href=\"https:\/\/twitter.com\/TMZ\/status\/1989086847449100433?ref_src=twsrc%5Etfw\" rel=\"nofollow noopener\" target=\"_blank\">November 13, 2025<\/a><\/p><\/blockquote>\n<p data-lab-font_weight=\"\">Artisten hevder at han har en annen versjon av historien.<\/p>\n<p class=\"font-weight-bold m-font-weight-bold\" data-lab-font_weight=\"font-weight-bold\">Han forteller at Kardashian og han selv filmet at de hadde sex med samtykke mens de var p\u00e5 ferie i Mexico.\u00a0<\/p>\n<p>          <img loading=\"lazy\" decoding=\"async\" src=\"https:\/\/www.europesays.com\/no\/wp-content\/uploads\/2025\/11\/1763323869_757_83850711.webp\" width=\"686\" height=\"995\" title=\"EKSKJ\u00c6RESTE: Ray J forteller en helt annerledes historie om situasjonen rundt sex-tapen enn Kardashian-profilene. Foto: Paras Griffin \/ Getty Images for BET \/ AFP \/ NTB\" alt=\"\" class=\"\" style=\"--aspect-ratio-image: 0.69; \"\/><\/p>\n<p>\n          EKSKJ\u00c6RESTE: Ray J forteller en helt annerledes historie om situasjonen rundt sex-tapen enn Kardashian-profilene. Foto: Paras Griffin \/ Getty Images for BET \/ AFP \/ NTB\n      <\/p>\n<p class=\"font-weight-bold m-font-weight-bold\" data-lab-font_weight=\"font-weight-bold\">I rettdokumentene, som\u00a0<a href=\"https:\/\/www.usmagazine.com\/celebrity-news\/news\/ray-j-countersues-kim-kardashian-and-kris-jenner-over-sex-tape-drama\/\" rel=\"nofollow noopener\" target=\"_blank\">US Weekly<\/a>\u00a0har f\u00e5tt tilgang til, p\u00e5st\u00e5r Ray J at han og realitystjernen diskuterte \u00e5 gi ut videoen sammen i 2006.\u00a0<\/p>\n<p class=\"font-weight-bold m-font-weight-bold\" data-lab-font_weight=\"font-weight-bold\">Deretter skal hun ha insistert p\u00e5 at moren, hennes s\u00e5kalte \u00abmomager\u00bb, skulle ha ansvaret for utgivelsen.<\/p>\n<p>        I BAKKEN: Under \u00f8ving til l\u00f8rdagens \u00abSkal vi danse\u00bb-sending, g\u00e5r dansepartneren til Trygve Bennetsen, Ida Amy Sund, i bakken. Video: Thea Hope\/ R\u00f8d L\u00f8per<\/p>\n<p>Ikke skremt\t<\/p>\n<p>I september skapte Ray J overskrifter da han gikk viralt for \u00e5 ha p\u00e5st\u00e5tt\u00a0 at mor-datter-duoen var involvert i en f\u00f8deral RICO-etterforskning, if\u00f8lge <a href=\"https:\/\/www.youtube.com\/watch?v=mi1cQXaQ-Uc\" rel=\"nofollow noopener\" target=\"_blank\">Entertainment Tonight.<\/a>\u00a0<\/p>\n<p>    Hva er RICO?<\/p>\n<p> \u2022 RICO er en amerikansk f\u00f8deral lov fra 1970 som ble laget for \u00e5 ta ned mafiaen og andre organiserte nettverk.\u00a0<\/p>\n<p>\u2022 Loven brukes n\u00e5r flere personer mistenkes for et m\u00f8nster av kriminelle handlinger, ikke bare \u00e9n enkel episode.\u00a0<\/p>\n<p>\u2022 For at RICO skal gjelde, m\u00e5 det finnes minst to lovbrudd som viser et varig og organisert opplegg.\u00a0<\/p>\n<p>\u2022 Du kan d\u00f8mmes for hele systemet, ogs\u00e5 for handlinger andre i nettverket gj\u00f8r.\u00a0<\/p>\n<p>\u2022 RICO-saker handler ofte om svindel, \u00f8konomisk kriminalitet, press eller manipulerte selskaper. <\/p>\n<p>Kilde: <a href=\"https:\/\/www.justice.gov\/jm\/jm-9-110000-organized-crime-and-racketeering\" rel=\"nofollow noopener\" target=\"_blank\">U.S. Department of Justice<\/a><\/p>\n<p>      Vis mer<br \/>\n      Vis mindre<\/p>\n<p>\u00abDen f\u00f8derale RICO-saken jeg er i ferd med \u00e5 legge frem mot Kris og Kim kommer til \u00e5 bli ellevill\u00bb, sa 45-\u00e5ringen i livestreamen.<\/p>\n<p>\u00abJeg er p\u00e5 nyhetene hver dag. Jeg kommer til \u00e5 si mye dritt. Alle som er venner med Kim b\u00f8r fortelle henne det n\u00e5, for de f\u00f8deralene myndighetene er p\u00e5 vei. Det er ingenting jeg kan gj\u00f8re med det\u00bb, fortsatte han.<\/p>\n<p>    <a itemprop=\"url\" href=\"https:\/\/www.seher.no\/kongelig\/avslort-av-slottet\/83841684\" rel=\"nofollow noopener\" target=\"_blank\"><\/p>\n<p>      <img loading=\"lazy\" decoding=\"async\" src=\"https:\/\/www.europesays.com\/no\/wp-content\/uploads\/2025\/11\/1763323870_242_83856170.webp\" width=\"147\" height=\"98\" title=\"Avsl\u00f8rt av Slottet!\" alt=\"\" class=\"lazyload\" style=\"--aspect-ratio-image: 1.50; \"\/><\/p>\n<p>        Avsl\u00f8rt av Slottet!<\/p>\n<p>    <\/a><\/p>\n<p class=\"font-weight-bold m-font-weight-bold\" data-lab-font_weight=\"font-weight-bold\">Kardashian og Jenners advokat lot seg ikke skremme av s\u00f8ksm\u00e5let og kom med stikk til artisten.<\/p>\n<p>\u00abEtter \u00e5 ha innsett at han taper saken, s\u00e5 skremmer ikke denne usammenhengende distraksjonen noen. Ray J kommer til \u00e5 tape denne saken ogs\u00e5\u00bb, sa han til <a href=\"https:\/\/www.tmz.com\/2025\/11\/13\/ray-j-says-kim-kardashian-kris-jenner-in-on-sex-tape\/?adid=social-tw\" rel=\"nofollow noopener\" target=\"_blank\">TMZ<\/a>.<\/p>\n<p><script async src=\"https:\/\/platform.twitter.com\/widgets.js\" charset=\"utf-8\"><\/script><\/p>\n","protected":false},"excerpt":{"rendered":"Ray J\u00a0 Ekskj\u00e6resten mener Kim Kardashian og Kris Jenner har spredt en falsk historie i to ti\u00e5r. SAKS\u00d8KT:&hellip;\n","protected":false},"author":2,"featured_media":88822,"comment_status":"","ping_status":"","sticky":false,"template":"","format":"standard","meta":{"footnotes":""},"categories":[58],"tags":[71,8512,1861,479,2543,3586,30,28,29,7847,8517,72],"class_list":{"0":"post-88821","1":"post","2":"type-post","3":"status-publish","4":"format-standard","5":"has-post-thumbnail","7":"category-underholdning","8":"tag-entertainment","9":"tag-keeping-up-with-the-kardashians","10":"tag-kim-kardashian","11":"tag-kjendis","12":"tag-kjendisdesken","13":"tag-kris-jenner","14":"tag-no","15":"tag-norge","16":"tag-norway","17":"tag-ray-j","18":"tag-the-kardashians","19":"tag-underholdning"},"share_on_mastodon":{"url":"https:\/\/pubeurope.com\/@no\/115561200799744484","error":""},"_links":{"self":[{"href":"https:\/\/www.europesays.com\/no\/wp-json\/wp\/v2\/posts\/88821","targetHints":{"allow":["GET"]}}],"collection":[{"href":"https:\/\/www.europesays.com\/no\/wp-json\/wp\/v2\/posts"}],"about":[{"href":"https:\/\/www.europesays.com\/no\/wp-json\/wp\/v2\/types\/post"}],"author":[{"embeddable":true,"href":"https:\/\/www.europesays.com\/no\/wp-json\/wp\/v2\/users\/2"}],"replies":[{"embeddable":true,"href":"https:\/\/www.europesays.com\/no\/wp-json\/wp\/v2\/comments?post=88821"}],"version-history":[{"count":0,"href":"https:\/\/www.europesays.com\/no\/wp-json\/wp\/v2\/posts\/88821\/revisions"}],"wp:featuredmedia":[{"embeddable":true,"href":"https:\/\/www.europesays.com\/no\/wp-json\/wp\/v2\/media\/88822"}],"wp:attachment":[{"href":"https:\/\/www.europesays.com\/no\/wp-json\/wp\/v2\/media?parent=88821"}],"wp:term":[{"taxonomy":"category","embeddable":true,"href":"https:\/\/www.europesays.com\/no\/wp-json\/wp\/v2\/categories?post=88821"},{"taxonomy":"post_tag","embeddable":true,"href":"https:\/\/www.europesays.com\/no\/wp-json\/wp\/v2\/tags?post=88821"}],"curies":[{"name":"wp","href":"https:\/\/api.w.org\/{rel}","templated":true}]}}