{"id":88825,"date":"2025-11-16T20:19:14","date_gmt":"2025-11-16T20:19:14","guid":{"rendered":"https:\/\/www.europesays.com\/no\/88825\/"},"modified":"2025-11-16T20:19:14","modified_gmt":"2025-11-16T20:19:14","slug":"verdal-kultur-advarer-for-varres-jul","status":"publish","type":"post","link":"https:\/\/www.europesays.com\/no\/88825\/","title":{"rendered":"Verdal, Kultur | Advarer f\u00f8r \u00abV\u00e5rres jul\u00bb"},"content":{"rendered":"\n<p><b>VERDAL<\/b>: \u2013 Om man har kj\u00f8pt billetter til seg selv og barna, b\u00f8r man skaffe barnevakt og heller ta med tante og onkel, humrer regiss\u00f8r Tore B. Gran\u00e5s og teatersjef Arne Fagerholt ved Turn\u00e9teatret. De sikter til \u00e5rets f\u00f8rjulsforestilling som er et samarbeid mellom Turn\u00e9teatret i Tr\u00f8ndelag og Styggdalsnemnda.<\/p>\n<p>Humor for voksne<\/p>\n<p>For selv om plakaten ser vinterlig og fin ut, og mange sm\u00e5 og store tr\u00f8ndere har \u00abV\u00e5rres jul\u00bb som kj\u00e6rt lydspor til h\u00f8ytiden, er teaterforestillingen ment for et voksent publikum.<\/p>\n<p>Av flere \u00e5rsaker.<\/p>\n<p>\u2013 Et barn vil ikke skj\u00f8nne humoren, og vil sitte igjen med altfor mange sp\u00f8rsm\u00e5l som de voksne neppe vil kunne svare p\u00e5. Barn vil heller ikke skj\u00f8nne denne \u00abhistorietimen\u00bb. I bunnen ligger historien om hvordan jula har blitt til, og det er vanskelig nok for en voksen, sier Tore B. Gran\u00e5s.<\/p>\n<p>S\u00e5 er det andre faktorer som spiller inn i Rotmos harselas med utviklingen av jula fra norr\u00f8n tid og fram til i dag.<\/p>\n<p>\u2013 Spr\u00e5kbruken er ikke passende for et barn \u2013 selv om barn i dag har h\u00f8rt det meste, er spr\u00e5ket noe et barn lite trolig oppfatter som humor.<\/p>\n<p>Kan virke st\u00f8tende<\/p>\n<p>Og ikke minst:<\/p>\n<p>\u2013 Det er visuelle ting som ikke er passende for barn. Vi har rekvisitter og bilder som kan virke st\u00f8tende eller for grotesk for et barn, sier Gran\u00e5s, og legger til at han ikke ser bort fra at enkelte voksne kan bli dels st\u00f8tt av forestillingen, p\u00e5 grunn av alt det nevnte &#8230;<\/p>\n<p>I rollen som Jo Leggen finner vi Espen Hovdahl, som ler godt n\u00e5r han skal pr\u00f8ve \u00e5 si noe om det som venter.<\/p>\n<p>\u2013 Alts\u00e5, hvis noen foreldre tar med seg barna hit, kan det tenkes at de f\u00e5r forklaringsproblemer og m\u00e5 framskynde den ber\u00f8mte \u00abpraten\u00bb.<\/p>\n<p>   <img decoding=\"async\" width=\"6048\" height=\"4024\" fetchpriority=\"low\"  loading=\"lazy\"  src=\"https:\/\/www.europesays.com\/no\/wp-content\/uploads\/2025\/11\/DSC_1720.JPG\" alt=\"\" class=\"brick-c-cFOWSL\" style=\"--brick-image-ratio: 6048 \/ 4024;\"\/><\/p>\n<p>      JO LEGGEN: Espen Hovdahl bekler rollen som Jo Eggen. Da han fikk manuset i hendene, tenkte han &#8216;oi&#8217;&#8230;.<br \/>\n      Foto: Ellen Marie St\u00f8lan\n    <\/p>\n<p>Selv har han holdt p\u00e5 med amat\u00f8rteater i 15 \u00e5r, og har v\u00e6rt ute en Rotmo-dag p\u00e5 scenen f\u00f8r, s\u00e5 lite burde egentlig sjokkere.<\/p>\n<p>\u2013 Men jeg skal innr\u00f8mme at det umiddelbare ordet etter \u00e5 ha lest manus var \u00aboi\u00bb. Man har jo testa noen grenser og holdt tilbake p\u00e5 andre Rotmo-forestillinger, men her drar man det lang for \u00e5 f\u00e5 fram motsatsene.<\/p>\n<p>\u2013 Man f\u00e5r det rett i fleisen<\/p>\n<p>Han spiller tett (ogs\u00e5 bokstavelig) i tospann med Ingvild Overmo som Hanna Leggen.<\/p>\n<p>\u2013 Det er s\u00e5pass dr\u00f8yt at vi fikk sp\u00f8rsm\u00e5l om vi syntes det var greit \u00e5 gj\u00f8re enkelte ting, men vi kjenner hverandre godt, og stoler p\u00e5 hverandre, s\u00e5 dette g\u00e5r helt fint, sier han, og f\u00f8yer til nok en advarsel:<\/p>\n<p>\u2013 De som m\u00e5tte tro de f\u00e5r noe lunt og trivelig her f\u00e5r en opplevelse rett i fleisen \u2013 dette er en annerledes juleinnpakning!<\/p>\n<p>   <img decoding=\"async\" width=\"6048\" height=\"4024\" fetchpriority=\"low\"  loading=\"lazy\"  src=\"https:\/\/www.europesays.com\/no\/wp-content\/uploads\/2025\/11\/DSC_1682_2.JPG\" alt=\"\" class=\"brick-c-cFOWSL\" style=\"--brick-image-ratio: 6048 \/ 4024;\"\/><\/p>\n<p>      DR\u00d8YT: Publikum f\u00e5r det rett i fleisen, sier Hovdahl, her skjult bak Ingvild Overmo.<br \/>\n      Foto: Ellen Marie St\u00f8lan\n    <\/p>\n<p>Handlingen er det ingen som orker \u00e5 pr\u00f8ve \u00e5 forklare, det blir for komplisert. Men man skal alts\u00e5 v\u00e6re med p\u00e5 en reise i tid, fra midtvinterfestens burleske fruktbarhetsritualer og blot til katolisismens helgendyrking og dagens jul \u2013 hvor handelsstanden skaper mer julestress enn julestemning. De er karakteren Unni som begir seg ut p\u00e5 tidsreisen, fra n\u00e5tid og tilbake til 900-tallet, og mellom der til b\u00e5de 1300 og 1800-tallet.<\/p>\n<p>Alternativ inngang p\u00e5 jula<\/p>\n<p>Teatersjef Arne Fagerholt hadde ikke h\u00f8rt om forestillingen f\u00f8r den kom p\u00e5 bordet i Verdal.<\/p>\n<p>\u2013 Jeg, som er s\u00f8rtr\u00f8nder, kjente kun til sangen \u00abV\u00e5rres jul\u00bb. Men da Tore fortalte meg om stykket, kjente jeg at det luktet noe av dette, smiler Fagerholt.<\/p>\n<p><b>\u2013 Hva lukta det?<\/b><\/p>\n<p>   <img decoding=\"async\" width=\"6048\" height=\"4024\" fetchpriority=\"low\"  loading=\"lazy\"  src=\"https:\/\/www.europesays.com\/no\/wp-content\/uploads\/2025\/11\/DSC_1641.JPG\" alt=\"\" class=\"brick-c-cFOWSL\" style=\"--brick-image-ratio: 6048 \/ 4024;\"\/><\/p>\n<p>      BYR P\u00c5 HELAFTEN: Teatersjef Arne Fagerholt \u00e5pner d\u00f8rene p\u00e5 teaterhuset for b\u00e5de servering og underholding i blackbox f\u00f8r forestillingene. &#8211; Dette blir en perfekt start for en god kveld p\u00e5 byen, sier han.<br \/>\n      Foto: Ellen Marie St\u00f8lan\n    <\/p>\n<p>\u2013 Stor lokal appell, i alle fall! \u00abV\u00e5rres jul\u00bb-plata har stor gjenklang p\u00e5 Innherred. Og jeg har alltid v\u00e6rt tiltrukket av alternative innganger p\u00e5 jula. Samt at man f\u00e5r julestemning her ogs\u00e5 \u2013 sangene er der, og vi har faktisk med barn p\u00e5 scenen. Det er feelgood, men man har ogs\u00e5 det saftige og grove stoffet, som jo er et virkemiddel i en fortelling om at tidene har endret seg.<\/p>\n<p>P\u00e5 teaterhuset legges det opp til helaften med servering og underholdning i blackbox f\u00f8r forestilling.<\/p>\n<p>\u2013 Det blir et vorspiel av dimensjoner, og man en perfekt start for en god kveld p\u00e5 byen. Hit kan man gjerne dra med vennegjengen, avslutter teatersjefen.<\/p>\n","protected":false},"excerpt":{"rendered":"VERDAL: \u2013 Om man har kj\u00f8pt billetter til seg selv og barna, b\u00f8r man skaffe barnevakt og heller&hellip;\n","protected":false},"author":2,"featured_media":88826,"comment_status":"","ping_status":"","sticky":false,"template":"","format":"standard","meta":{"footnotes":""},"categories":[58],"tags":[36,71,410,30,28,29,1510,6603,2909,72,2133],"class_list":{"0":"post-88825","1":"post","2":"type-post","3":"status-publish","4":"format-standard","5":"has-post-thumbnail","7":"category-underholdning","8":"tag-art","9":"tag-entertainment","10":"tag-kultur","11":"tag-no","12":"tag-norge","13":"tag-norway","14":"tag-story","15":"tag-ta-iv","16":"tag-teater","17":"tag-underholdning","18":"tag-verdal"},"share_on_mastodon":{"url":"https:\/\/pubeurope.com\/@no\/115561232183960325","error":""},"_links":{"self":[{"href":"https:\/\/www.europesays.com\/no\/wp-json\/wp\/v2\/posts\/88825","targetHints":{"allow":["GET"]}}],"collection":[{"href":"https:\/\/www.europesays.com\/no\/wp-json\/wp\/v2\/posts"}],"about":[{"href":"https:\/\/www.europesays.com\/no\/wp-json\/wp\/v2\/types\/post"}],"author":[{"embeddable":true,"href":"https:\/\/www.europesays.com\/no\/wp-json\/wp\/v2\/users\/2"}],"replies":[{"embeddable":true,"href":"https:\/\/www.europesays.com\/no\/wp-json\/wp\/v2\/comments?post=88825"}],"version-history":[{"count":0,"href":"https:\/\/www.europesays.com\/no\/wp-json\/wp\/v2\/posts\/88825\/revisions"}],"wp:featuredmedia":[{"embeddable":true,"href":"https:\/\/www.europesays.com\/no\/wp-json\/wp\/v2\/media\/88826"}],"wp:attachment":[{"href":"https:\/\/www.europesays.com\/no\/wp-json\/wp\/v2\/media?parent=88825"}],"wp:term":[{"taxonomy":"category","embeddable":true,"href":"https:\/\/www.europesays.com\/no\/wp-json\/wp\/v2\/categories?post=88825"},{"taxonomy":"post_tag","embeddable":true,"href":"https:\/\/www.europesays.com\/no\/wp-json\/wp\/v2\/tags?post=88825"}],"curies":[{"name":"wp","href":"https:\/\/api.w.org\/{rel}","templated":true}]}}