{"id":88831,"date":"2025-11-16T20:35:39","date_gmt":"2025-11-16T20:35:39","guid":{"rendered":"https:\/\/www.europesays.com\/no\/88831\/"},"modified":"2025-11-16T20:35:39","modified_gmt":"2025-11-16T20:35:39","slug":"alle-pasienter-ved-stavanger-universitetssjukehus-er-flyttet","status":"publish","type":"post","link":"https:\/\/www.europesays.com\/no\/88831\/","title":{"rendered":"Alle pasi\u00adenter ved Stav\u00adanger univer\u00adsitets\u00adsjuke\u00adhus er flyt\u00adtet"},"content":{"rendered":"<p> Rundt 192 pasienter er innlagt ved Stavanger universitetssjukehus idet driften skal flyttes til de nye lokalene p\u00e5 Ullandhaug, omtrent seks kilometer unna, skriver <a href=\"https:\/\/www.aftenbladet.no\/lokalt\/i\/Av8akz\/siste-nytt-om-flyttingen-av-sus\" rel=\"noopener nofollow\" target=\"_blank\">Stavanger Aftenblad<\/a>.<\/p>\n<p> \u2013 Dette er en historisk dag. Fra i dag har vi to hovedlokasjoner: SUS V\u00e5land og SUS Ullandhaug. Befolkningen v\u00e5r f\u00e5r et nytt, flott sykehus, og mange av medarbeiderne v\u00e5re f\u00e5r en ny arbeidsplass, sier administrerende direkt\u00f8r Helle Sch\u00f8yen i en <a href=\"https:\/\/www.helse-stavanger.no\/om-oss\/nyheter\/pasientflyttingen-er-ferdig\/\" rel=\"noopener nofollow\" target=\"_blank\">pressemelding<\/a>.<\/p>\n<p>Stor innsats<\/p>\n<p>1500 personer og 56 ambulanser er i sving for \u00e5 gjennomf\u00f8re den kompliserte flyttingen, som har v\u00e6rt planlagt i flere \u00e5r. Ambulanser er hentet inn fra andre sykehus, Norsk Folkehjelp og R\u00f8de Kors.<\/p>\n<p>Antall innlagte pasienter ble redusert den siste tiden for \u00e5 forenkle operasjonen.<\/p>\n<p>Flyttingen gikk raskere enn antatt, klokken 13 meddeler sykehuset i en pressemelding at alle pasientene er framme ved den nye avdelingen. Flyttingen tok dermed to timer mindre enn ventet, if\u00f8lge Aftenbladet.<\/p>\n<p>\u2013 Alt har g\u00e5tt veldig fint, og vi har heldigvis ikke hatt noen uforutsette hendelser. Jeg er utrolig imponert og takknemlig til alle som har bidratt b\u00e5de i forkant og under flyttingen, sier Sch\u00f8yen i meldingen.<\/p>\n<p>12,7 milliarder kroner<\/p>\n<p> Kun en snau time etter at akuttmottaket \u00e5pnet, ble det f\u00f8rste barnet f\u00f8dt ved det nye sykehuset, skriver <a href=\"https:\/\/www.rastavanger.no\/her-er-den-forste-babyen-som-er-fodt-pa-det-nye-sykehuset\/s\/5-165-178001\" rel=\"noopener nofollow\" target=\"_blank\">RA Stavanger<\/a>.<\/p>\n<p> F\u00f8deavdelingen, som har tradisjon med s\u00f8ndagsfrokost, feiret flyttingen med den f\u00f8rste frokosten p\u00e5 Ullandhaug, skriver <a href=\"https:\/\/www.aftenbladet.no\/lokalt\/i\/Av8akz\/siste-nytt-om-flyttingen-av-sus?pinnedEntry=289507\" rel=\"noopener nofollow\" target=\"_blank\">Aftenbladet<\/a>.<\/p>\n<p>\u2013 Det kjennes nesten ut som vi leker nytt sykehus i starten, men det har g\u00e5tt veldig veldig fint, sier jordmor Aina \u00d8kland Sch\u00f8ld, som ogs\u00e5 fyller 50 \u00e5r p\u00e5 selveste flyttedagen.<\/p>\n<p> Det nye sykehuset har kostet 12,7 milliarder kroner. Det er rundt 125.000 kvadratmeter stort og har alle akuttfunksjoner, sengeposter og en del poliklinikk og dagbehandling. Det er ikke klart n\u00e5r neste byggetrinn for sykehuset blir ferdig. Det skal huse mer dagbehandling, rehabilitering, dagkirurgi, psykisk helsevern og administrative funksjoner, skriver <a href=\"https:\/\/www.nrk.no\/rogaland\/nye-sus-har-apnet_-190-pasienter-skal-flyttes-1.17654231\" rel=\"noopener nofollow\" target=\"_blank\">NRK<\/a>.<\/p>\n<p><a href=\"https:\/\/www.fvn.no\/nyheter\/lokalt\/i\/3MLn3e\/12-ambulanser-fra-soerlandet-med-i-spektakulaer-flytting\" rel=\"nofollow noopener\" target=\"_blank\"> <img decoding=\"async\" src=\"data:image\/gif;base64,R0lGODlhEAAJAIAAAP\/\/\/wAAACH5BAEAAAAALAAAAAAQAAkAAAIKhI+py+0Po5yUFQA7\" alt=\"\"\/>   12 ambu\u00adlan\u00adser fra S\u00f8rlan\u00addet med i spek\u00adtaku\u00adl\u00e6r flyt\u00adting  <\/a> <\/p>\n","protected":false},"excerpt":{"rendered":"Rundt 192 pasienter er innlagt ved Stavanger universitetssjukehus idet driften skal flyttes til de nye lokalene p\u00e5 Ullandhaug,&hellip;\n","protected":false},"author":2,"featured_media":88832,"comment_status":"","ping_status":"","sticky":false,"template":"","format":"standard","meta":{"footnotes":""},"categories":[5],"tags":[20,21,24,25,15,19,22,23,17,18,13,30,28,29,14,16,1306,26,27],"class_list":{"0":"post-88831","1":"post","2":"type-post","3":"status-publish","4":"format-standard","5":"has-post-thumbnail","7":"category-overskrifter","8":"tag-breaking-news","9":"tag-breakingnews","10":"tag-featured-news","11":"tag-featurednews","12":"tag-headlines","13":"tag-hovedoppslag","14":"tag-latest-news","15":"tag-latestnews","16":"tag-main-news","17":"tag-mainnews","18":"tag-news","19":"tag-no","20":"tag-norge","21":"tag-norway","22":"tag-nyheter","23":"tag-overskrifter","24":"tag-stavanger","25":"tag-top-stories","26":"tag-topstories"},"share_on_mastodon":{"url":"https:\/\/pubeurope.com\/@no\/115561295007008346","error":""},"_links":{"self":[{"href":"https:\/\/www.europesays.com\/no\/wp-json\/wp\/v2\/posts\/88831","targetHints":{"allow":["GET"]}}],"collection":[{"href":"https:\/\/www.europesays.com\/no\/wp-json\/wp\/v2\/posts"}],"about":[{"href":"https:\/\/www.europesays.com\/no\/wp-json\/wp\/v2\/types\/post"}],"author":[{"embeddable":true,"href":"https:\/\/www.europesays.com\/no\/wp-json\/wp\/v2\/users\/2"}],"replies":[{"embeddable":true,"href":"https:\/\/www.europesays.com\/no\/wp-json\/wp\/v2\/comments?post=88831"}],"version-history":[{"count":0,"href":"https:\/\/www.europesays.com\/no\/wp-json\/wp\/v2\/posts\/88831\/revisions"}],"wp:featuredmedia":[{"embeddable":true,"href":"https:\/\/www.europesays.com\/no\/wp-json\/wp\/v2\/media\/88832"}],"wp:attachment":[{"href":"https:\/\/www.europesays.com\/no\/wp-json\/wp\/v2\/media?parent=88831"}],"wp:term":[{"taxonomy":"category","embeddable":true,"href":"https:\/\/www.europesays.com\/no\/wp-json\/wp\/v2\/categories?post=88831"},{"taxonomy":"post_tag","embeddable":true,"href":"https:\/\/www.europesays.com\/no\/wp-json\/wp\/v2\/tags?post=88831"}],"curies":[{"name":"wp","href":"https:\/\/api.w.org\/{rel}","templated":true}]}}