{"id":88833,"date":"2025-11-16T20:36:11","date_gmt":"2025-11-16T20:36:11","guid":{"rendered":"https:\/\/www.europesays.com\/no\/88833\/"},"modified":"2025-11-16T20:36:11","modified_gmt":"2025-11-16T20:36:11","slug":"lise-klaveness-nff-nff-president-lise-klaveness-mott-med-pipekonsert-av-norske-supportere-i-milano","status":"publish","type":"post","link":"https:\/\/www.europesays.com\/no\/88833\/","title":{"rendered":"Lise Klaveness, NFF | NFF-president Lise Klaveness m\u00f8tt med pipekonsert av norske supportere i Milano"},"content":{"rendered":"\n<p><b>(<a href=\"https:\/\/www.nettavisen.no\/sport\/nff-president-lise-klavenes-mott-med-pipekonsert-av-norske-supportere-i-milano\/s\/5-95-2730618\" rel=\"Follow nofollow noopener\" target=\"_blank\">Nettavisen<\/a>): <\/b>Lise Klaveness m\u00f8tte opp p\u00e5 den norske f\u00f8r-festen p\u00e5 utestedet Alcatraz i Milano i timene f\u00f8r Norges kamp mot Italia. Flere tusen norske supportere er samlet der og det er sv\u00e6rt god stemning i lokalene.<\/p>\n<p>Frem til NFFs president ankom lokalet og tok plass p\u00e5 podiet for \u00e5 snakke til den norske fansen.<\/p>\n<p>Nettavisens reportere p\u00e5 stedet kan fortelle om pipekonsert da Klaveness skulle p\u00e5 scenen, og at det var vanskelig for NFF-sjefen \u00e5 f\u00e5 snakket til de norske supporterne. Hun fors\u00f8kte \u00e5 roe ned gemyttene, og m\u00e5tte begynne om igjen flere ganger.<\/p>\n<p>\u2013 Som vanlig n\u00e5r jeg m\u00f8ter supportere s\u00e5 er det noen som vil juble, ogs\u00e5 er det noen som henger fast i VAR-saken. S\u00e5 det er jeg rett og slett veldig vant til, sier Klaveness til Nettavisen.<\/p>\n<p>\u2013 Du tror det er VAR det handler om?<\/p>\n<p>\u2013 Ja. Det kan sikkert v\u00e6re andre ting ogs\u00e5. Men det er en sak som har v\u00e6rt symbolsk for supportere og det forst\u00e5r jeg godt, sier hun videre fra den norske festen i Milano.<\/p>\n<p><b>Se video av deler av s<\/b><b>eansen her:<\/b><\/p>\n<p>    Vil du se neste video?<\/p>\n<p>    <a href=\"https:\/\/www.ba.no\/oppsig-s3e1-ying-ying\/v\/5-8-3217819\" class=\"recommend-poster\" data-adp-clicklabel=\"video-recommend\" data-adp-clickvalue=\"poster\" rel=\"nofollow noopener\" target=\"_blank\"><br \/>\n      <img decoding=\"async\" width=\"200\" height=\"200\" loading=\"lazy\" src=\"https:\/\/g.acdn.no\/api\/reflex\/v1\/image\/resize\/200_200\/https:\/\/g.acdn.no\/obscura\/API\/image\/r1\/ece5\/a\/1762886429000\/berg\/2025\/11\/11\/19\/episode1%233.jpg\" alt=\"\" class=\"brick-c-cFOWSL\" style=\"--brick-image-ratio: 200 \/ 200;\"\/><\/p>\n<p>Oppsig S3E1: Ying Ying14:30<\/p>\n<p>    <\/a><\/p>\n<p>Klaveness er naturligvis p\u00e5 plass i Italia i kraft av sin posisjon som president i Norges Fotballforbund. Hun hyller likevel stemningen hos de norske supporterne kun timer f\u00f8r VM-plassen skal deles ut.<\/p>\n<p>\u2013 Det er fantastisk og man m\u00e5 klype seg i armen egentlig. Det er 28 \u00e5r siden Norges herrelandslag har v\u00e6rt i en slik posisjon, men s\u00e5 m\u00e5 vi komme over m\u00e5lstreken, s\u00e5 jeg merker at for egen del holder jeg litt igjen \u2013 for kampen m\u00e5 spilles.<\/p>\n<p>\u2013 Men det er ikke ofte man ser slike scener p\u00e5 bortebane i en kvalik. S\u00e5 det er en helt spesiell f\u00f8lelse, sier Klaveness.<\/p>\n<p>Norge m\u00e5 tape med mindre enn ni m\u00e5l mot Italia for \u00e5 sikre en plass i VM neste sommer.<\/p>\n<p>    Vil du se neste video?<\/p>\n<p>    <a href=\"https:\/\/www.ba.no\/oppsig-s3e1-ying-ying\/v\/5-8-3217819\" class=\"recommend-poster\" data-adp-clicklabel=\"video-recommend\" data-adp-clickvalue=\"poster\" rel=\"nofollow noopener\" target=\"_blank\"><br \/>\n      <img decoding=\"async\" width=\"200\" height=\"200\" loading=\"lazy\" src=\"https:\/\/g.acdn.no\/api\/reflex\/v1\/image\/resize\/200_200\/https:\/\/g.acdn.no\/obscura\/API\/image\/r1\/ece5\/a\/1762886429000\/berg\/2025\/11\/11\/19\/episode1%233.jpg\" alt=\"\" class=\"brick-c-cFOWSL\" style=\"--brick-image-ratio: 200 \/ 200;\"\/><\/p>\n<p>Oppsig S3E1: Ying Ying14:30<\/p>\n<p>    <\/a><\/p>\n","protected":false},"excerpt":{"rendered":"(Nettavisen): Lise Klaveness m\u00f8tte opp p\u00e5 den norske f\u00f8r-festen p\u00e5 utestedet Alcatraz i Milano i timene f\u00f8r Norges&hellip;\n","protected":false},"author":2,"featured_media":88682,"comment_status":"","ping_status":"","sticky":false,"template":"","format":"standard","meta":{"footnotes":""},"categories":[59],"tags":[36,92,2451,4583,30,28,29,83,82,1510],"class_list":{"0":"post-88833","1":"post","2":"type-post","3":"status-publish","4":"format-standard","5":"has-post-thumbnail","7":"category-sport","8":"tag-art","9":"tag-fotball","10":"tag-lise-klaveness","11":"tag-nff","12":"tag-no","13":"tag-norge","14":"tag-norway","15":"tag-sport","16":"tag-sports","17":"tag-story"},"share_on_mastodon":{"url":"https:\/\/pubeurope.com\/@no\/115561299018595570","error":""},"_links":{"self":[{"href":"https:\/\/www.europesays.com\/no\/wp-json\/wp\/v2\/posts\/88833","targetHints":{"allow":["GET"]}}],"collection":[{"href":"https:\/\/www.europesays.com\/no\/wp-json\/wp\/v2\/posts"}],"about":[{"href":"https:\/\/www.europesays.com\/no\/wp-json\/wp\/v2\/types\/post"}],"author":[{"embeddable":true,"href":"https:\/\/www.europesays.com\/no\/wp-json\/wp\/v2\/users\/2"}],"replies":[{"embeddable":true,"href":"https:\/\/www.europesays.com\/no\/wp-json\/wp\/v2\/comments?post=88833"}],"version-history":[{"count":0,"href":"https:\/\/www.europesays.com\/no\/wp-json\/wp\/v2\/posts\/88833\/revisions"}],"wp:featuredmedia":[{"embeddable":true,"href":"https:\/\/www.europesays.com\/no\/wp-json\/wp\/v2\/media\/88682"}],"wp:attachment":[{"href":"https:\/\/www.europesays.com\/no\/wp-json\/wp\/v2\/media?parent=88833"}],"wp:term":[{"taxonomy":"category","embeddable":true,"href":"https:\/\/www.europesays.com\/no\/wp-json\/wp\/v2\/categories?post=88833"},{"taxonomy":"post_tag","embeddable":true,"href":"https:\/\/www.europesays.com\/no\/wp-json\/wp\/v2\/tags?post=88833"}],"curies":[{"name":"wp","href":"https:\/\/api.w.org\/{rel}","templated":true}]}}