{"id":88842,"date":"2025-11-16T20:59:19","date_gmt":"2025-11-16T20:59:19","guid":{"rendered":"https:\/\/www.europesays.com\/no\/88842\/"},"modified":"2025-11-16T20:59:19","modified_gmt":"2025-11-16T20:59:19","slug":"viggo-venn-og-rikke-lunds-naere-band-i-skal-vi-danse","status":"publish","type":"post","link":"https:\/\/www.europesays.com\/no\/88842\/","title":{"rendered":"Viggo Venn og Rikke Lunds n\u00e6re b\u00e5nd i \u00abSkal vi danse\u00bb"},"content":{"rendered":"<p class=\"kicker \" style=\"\">Viggo Venn og Rikke Lund:<\/p>\n<p>  \u00abSkal vi danse\u00bb-duoen har blitt godt kjent i l\u00f8pet av de siste m\u00e5nedene. N\u00e5 \u00e5pner de opp om vennskapet.<\/p>\n<p>\n    FRA 0 TIL 100: Viggo Venn og Rikke Lund hadde aldri m\u00f8tt hverandre f\u00f8r de ble satt sammen som dansepartnere i \u00abSkal vi danse\u00bb. N\u00e5 kommuniserer de n\u00e6rmest uten ord. Foto: Andreas Fadum \/ Se og H\u00f8r\n  <\/p>\n<p><a href=\"https:\/\/www.dagbladet.no\/kjendis\/begynner-a-bli-farlig\/83856362\" rel=\"nofollow noopener\" target=\"_blank\">\u00abSkal vi danse\u00bb<\/a> er n\u00e5 halvveis i sesongen, og det begynner \u00e5 tynnes ut i rekkene blant deltakerne. Et par som fortsatt st\u00e5r st\u00f8dig, er <a href=\"https:\/\/www.dagbladet.no\/kjendis\/hedret-dod-venn\/83798774\" rel=\"nofollow noopener\" target=\"_blank\">Viggo Venn (36) og hans dansepartner Rikke Lund (29)<\/a>.<\/p>\n<p>De har i l\u00f8pet av dansekonkurransen befunnet seg i alle ender av resultatlista, og bare to uker etter at de havnet i danseduell, fikk de hele 39 poeng av dommerne.<\/p>\n<p>          <img loading=\"lazy\" decoding=\"async\" src=\"https:\/\/www.europesays.com\/no\/wp-content\/uploads\/2025\/11\/1763326750_149_83842566.webp\" width=\"686\" height=\"1029\" title=\"IMPONERER: Rikke og Viggo har imponert b\u00e5de dommere og seere p\u00e5 parketten. Foto: Thomas Andersen \/ TV 2\" alt=\"\" class=\"\" style=\"--aspect-ratio-image: 0.67; \"\/><\/p>\n<p>\n          IMPONERER: Rikke og Viggo har imponert b\u00e5de dommere og seere p\u00e5 parketten. Foto: Thomas Andersen \/ TV 2\n      <\/p>\n<p>Viggo beskriver det som at noe har l\u00f8snet mellom ham og dansepartneren. Overfor Dagbladet \u00e5pner duoen opp om partnerskapet, og hvor godt kjent de har rukket \u00e5 bli de siste m\u00e5nedene.<\/p>\n<p>        GIKK VIRALT: Trygve Bennetsen r\u00f8per hva Sophie Elise sa etter hans mulige \u00abMaskorama\u00bb-avsl\u00f8ring gikk viralt. Reporter: Sanne Holt\/ Karolina Grace Rusov-Hansen<\/p>\n<p>&#8211; Vi kom sammen\t<\/p>\n<p>Rikke har tidligere danset med blant andre Cengiz Al (28), og i 2023 vant duoen all stars-versjonen. Viggo legger ikke skjul p\u00e5 at han har v\u00e6rt heldig med dansepartneren sin.<\/p>\n<p>    <a itemprop=\"url\" href=\"https:\/\/www.dagbladet.no\/kjendis\/begynner-a-bli-farlig\/83856362\" rel=\"nofollow noopener\" target=\"_blank\"><\/p>\n<p>      <img loading=\"lazy\" decoding=\"async\" src=\"https:\/\/www.europesays.com\/no\/wp-content\/uploads\/2025\/11\/1763326751_270_83857421.webp\" width=\"980\" height=\"441\" title=\"- Begynner \u00e5 bli farlig\" alt=\"\" class=\"lazyload\" style=\"--aspect-ratio-image: 2.22; \"\/><\/p>\n<p>        &#8211; Begynner \u00e5 bli farlig<\/p>\n<p>    <\/a><\/p>\n<p class=\"font-weight-bold m-font-weight-bold\" data-lab-font_weight=\"font-weight-bold\">&#8211; Hun er en av de flinkeste koreografene, og hun er en helt fantastisk kunstner. Hun vil gj\u00f8re det beste ut av dansen, gitt det jeg kan, skryter han.<\/p>\n<p>Spesielt den uka da temaet var\u00a0\u00abMin drivkraft\u00bb, hvor de dediserte dansen til Viggos avd\u00f8de barndomskompis Kristopher Guren.<\/p>\n<p>          <img loading=\"lazy\" decoding=\"async\" src=\"https:\/\/www.europesays.com\/no\/wp-content\/uploads\/2025\/11\/1763326753_127_83842568.webp\" width=\"686\" height=\"440\" title=\"HEDRET KOMPISEN: N\u00e6rmest ikke et \u00f8ye var t\u00f8rt etter at Viggo og Rikke hadde levert sin Wienervals til \u00e6re for avd\u00f8de Kristopher Guren. Foto: Thomas Andersen \/ TV 2\" alt=\"\" class=\"\" style=\"--aspect-ratio-image: 1.56; \"\/><\/p>\n<p>\n          HEDRET KOMPISEN: N\u00e6rmest ikke et \u00f8ye var t\u00f8rt etter at Viggo og Rikke hadde levert sin Wienervals til \u00e6re for avd\u00f8de Kristopher Guren. Foto: Thomas Andersen \/ TV 2\n      <\/p>\n<p>&#8211; Vi fikk velge sang, lys, kostyme og konsept selv &#8211; og vi gjorde det sammen. Da tror jeg vi begge f\u00f8lte p\u00e5 en s\u00e5nn \u00abdette er v\u00e5rt prosjekt\u00bb, og da var vi ogs\u00e5 veldig glade for at folk satt s\u00e5 pris p\u00e5 det, da.\u00a0<\/p>\n<p>        I BAKKEN: Under \u00f8ving til l\u00f8rdagens \u00abSkal vi danse\u00bb-sending, g\u00e5r dansepartneren til Trygve Bennetsen, Ida Amy Sund, i bakken. Video: Thea Hope\/ R\u00f8d L\u00f8per<\/p>\n<p>&#8211; Vi har jo f\u00e5tt utdelt noen tullesanger av produksjonen tidligere, som ikke har v\u00e6rt s\u00e5 inspirerende kanskje. S\u00e5 det \u00e5 f\u00e5 lov til \u00e5 jobbe skikkelig&#8230; Vi f\u00f8lte at vi kom sammen den uka der, s\u00e5 n\u00e5 har vi kommet mye n\u00e6rmere og vi samarbeider ekstremt godt n\u00e5, forteller Viggo.<\/p>\n<p>          <img loading=\"lazy\" decoding=\"async\" src=\"https:\/\/www.europesays.com\/no\/wp-content\/uploads\/2025\/11\/1763326754_767_83858218.webp\" width=\"686\" height=\"460\" title=\"EN GOD KLEM: Duoen gir hverandre en god klem etter \u00e5 ha levert en streetdance. Foto: Thomas Andersen \/ TV 2\" alt=\"\" class=\"\" style=\"--aspect-ratio-image: 1.49; \"\/><\/p>\n<p>\n          EN GOD KLEM: Duoen gir hverandre en god klem etter \u00e5 ha levert en streetdance. Foto: Thomas Andersen \/ TV 2\n      <\/p>\n<p>At man kommer n\u00e6rmere n\u00e5r man jobber s\u00e5 tett, er kanskje ikke s\u00e5 overraskende. 36-\u00e5ringen forteller at han m\u00f8ter dansepartneren mer enn noen andre.<\/p>\n<p class=\"font-weight-bold m-font-weight-bold\" data-lab-font_weight=\"font-weight-bold\">&#8211; Jeg ser jo Rikke hundre ganger mer enn min egen mor, ler han.<\/p>\n<p>        \u00abSKAL VI DANSE\u00bb: Vi tok en prat med Viggo Venn om hva han ser etter i en kj\u00e6reste. Video: Kine Falch\/Nora Skavhaug\/R\u00f8d L\u00f8per. <\/p>\n<p>&#8211; Det beste jeg vet\t<\/p>\n<p>Viggo beskriver Rikke som en veldig god pedagog, og merker godt at hun har tatt trenerkurs.<\/p>\n<p>&#8211; Hun greier \u00e5 lure i meg trinn og motivere meg n\u00e5r jeg synes det er litt vanskelig, s\u00e5 det blir litt lettere. Og s\u00e5 f\u00f8ler jeg at hun klarer \u00e5 matche meg hele tida, og det er bra. Uansett om jeg er sliten eller har veldig mye energi. Det er jo litt av en oppgave \u00e5 l\u00e6re opp noen fra 0 til 100.<\/p>\n<p>          <img loading=\"lazy\" decoding=\"async\" src=\"https:\/\/www.europesays.com\/no\/wp-content\/uploads\/2025\/11\/1763326755_931_83858284.webp\" width=\"980\" height=\"559\" title=\"HELE GJENGEN: Deltakerne i \u00e5rets \u00abSkal vi danse\u00bb. N\u00e5 er det bare sju igjen. Foto: TV 2 \/ NTB\" alt=\"\" class=\"\" style=\"--aspect-ratio-image: 1.75; \"\/><\/p>\n<p>\n          HELE GJENGEN: Deltakerne i \u00e5rets \u00abSkal vi danse\u00bb. N\u00e5 er det bare sju igjen. Foto: TV 2 \/ NTB\n      <\/p>\n<p>&#8211; Det er det, skyter Rikke leende inn.<\/p>\n<p>Hun setter p\u00e5 sin side pris p\u00e5 Viggos dedikasjon.<\/p>\n<p>    <a itemprop=\"url\" href=\"https:\/\/www.dagbladet.no\/kjendis\/ikke-darlig-stemning\/83840636\" rel=\"nofollow noopener\" target=\"_blank\"><\/p>\n<p>      <img loading=\"lazy\" decoding=\"async\" src=\"https:\/\/www.europesays.com\/no\/wp-content\/uploads\/2025\/11\/1763326757_312_80221951.webp\" width=\"980\" height=\"441\" title=\"- Ikke d\u00e5rlig stemning\" alt=\"\" class=\"lazyload\" style=\"--aspect-ratio-image: 2.22; \"\/><\/p>\n<p>        &#8211; Ikke d\u00e5rlig stemning<\/p>\n<p>    <\/a><\/p>\n<p class=\"font-weight-bold m-font-weight-bold\" data-lab-font_weight=\"font-weight-bold\">&#8211; Man blir kjent p\u00e5 godt og p\u00e5 vondt, men det er jo en del av pakka. Det \u00e5 l\u00e6re hverandre \u00e5 kjenne hvordan man jobber best sammen, det er jo noe av det spennende med denne reisen.\u00a0<\/p>\n<p>        \u00c5RETS ROMANSE?: De to deltakerne forteller at de har f\u00e5tt en god tone i l\u00f8pet av deltakelsen i \u00abSkal vi danse\u00bb. Video: Nora Skavhaug\/Thea Hope\/R\u00f8d L\u00f8per<\/p>\n<p>&#8211; Noe jeg faktisk synes han er veldig flink til, s\u00e5 er det at n\u00e5r vi f\u00f8rst kommer inn p\u00e5 trening, s\u00e5 er han veldig fokusert og dedikert. Det er kanskje en side ved ham som man ikke n\u00f8dvendigvis ser ved f\u00f8rste \u00f8yekast n\u00e5r kameraet er p\u00e5. Men det er veldig beundringsverdig at han klarer \u00e5 holde det fokuset over lengre tid, og p\u00e5 en m\u00e5te dykke dypt ned i dansen. Som trener er det det beste jeg vet, at man har lyst til \u00e5 l\u00e6re, roser Rikke.<\/p>\n<p>          <img loading=\"lazy\" decoding=\"async\" src=\"https:\/\/www.europesays.com\/no\/wp-content\/uploads\/2025\/11\/1763326758_304_83842570.webp\" width=\"686\" height=\"529\" title=\"KOMMET N\u00c6RME: Viggo og Rikke har kommet hverandre sv\u00e6rt n\u00e6rme de siste m\u00e5nedene. Foto: Thomas Andersen \/ TV 2\" alt=\"\" class=\"\" style=\"--aspect-ratio-image: 1.30; \"\/><\/p>\n<p>\n          KOMMET N\u00c6RME: Viggo og Rikke har kommet hverandre sv\u00e6rt n\u00e6rme de siste m\u00e5nedene. Foto: Thomas Andersen \/ TV 2\n      <\/p>\n<p>\u00a0Duoen har n\u00e5 jobbet tett sammen i flere m\u00e5neder, og har med tida begynt \u00e5 snappe opp hva den andre mener &#8211; uten at det m\u00e5 kommuniseres muntlig.<\/p>\n<p>    <a itemprop=\"url\" href=\"https:\/\/www.dagbladet.no\/kjendis\/jeg-tror-det-skjedde\/83852118\" rel=\"nofollow noopener\" target=\"_blank\"><\/p>\n<p>      <img loading=\"lazy\" decoding=\"async\" src=\"https:\/\/www.europesays.com\/no\/wp-content\/uploads\/2025\/11\/83852471.webp\" width=\"980\" height=\"441\" title=\"- Jeg tror det skjedde\" alt=\"\" class=\"lazyload\" style=\"--aspect-ratio-image: 2.22; \"\/><\/p>\n<p>        &#8211; Jeg tror det skjedde<\/p>\n<p>    <\/a><\/p>\n<p class=\"font-weight-bold m-font-weight-bold\" data-lab-font_weight=\"font-weight-bold\">&#8211; Jeg f\u00f8ler at jeg kan se om Rikke er forn\u00f8yd eller ikke f\u00f8r hun sier det. Det kommer et lite rykk i munnviket, et lite smil. Vi har snakket om det f\u00f8r, men n\u00e5r det lille smilet kommer da er det bare s\u00e5nn: \u00abJa okei, bare fortell meg hva det er som er feil her\u00bb.\u00a0<\/p>\n<p>&#8211; Det er veldig s\u00f8tt, da. Da begynner man \u00e5 kjenne hverandre ganske godt, ler Viggo.<\/p>\n","protected":false},"excerpt":{"rendered":"Viggo Venn og Rikke Lund: \u00abSkal vi danse\u00bb-duoen har blitt godt kjent i l\u00f8pet av de siste m\u00e5nedene.&hellip;\n","protected":false},"author":2,"featured_media":88843,"comment_status":"","ping_status":"","sticky":false,"template":"","format":"standard","meta":{"footnotes":""},"categories":[58],"tags":[71,479,30,28,29,8021,2280,72,2290],"class_list":{"0":"post-88842","1":"post","2":"type-post","3":"status-publish","4":"format-standard","5":"has-post-thumbnail","7":"category-underholdning","8":"tag-entertainment","9":"tag-kjendis","10":"tag-no","11":"tag-norge","12":"tag-norway","13":"tag-rikke-lund","14":"tag-skal-vi-danse","15":"tag-underholdning","16":"tag-viggo-venn"},"share_on_mastodon":{"url":"https:\/\/pubeurope.com\/@no\/115561389619811012","error":""},"_links":{"self":[{"href":"https:\/\/www.europesays.com\/no\/wp-json\/wp\/v2\/posts\/88842","targetHints":{"allow":["GET"]}}],"collection":[{"href":"https:\/\/www.europesays.com\/no\/wp-json\/wp\/v2\/posts"}],"about":[{"href":"https:\/\/www.europesays.com\/no\/wp-json\/wp\/v2\/types\/post"}],"author":[{"embeddable":true,"href":"https:\/\/www.europesays.com\/no\/wp-json\/wp\/v2\/users\/2"}],"replies":[{"embeddable":true,"href":"https:\/\/www.europesays.com\/no\/wp-json\/wp\/v2\/comments?post=88842"}],"version-history":[{"count":0,"href":"https:\/\/www.europesays.com\/no\/wp-json\/wp\/v2\/posts\/88842\/revisions"}],"wp:featuredmedia":[{"embeddable":true,"href":"https:\/\/www.europesays.com\/no\/wp-json\/wp\/v2\/media\/88843"}],"wp:attachment":[{"href":"https:\/\/www.europesays.com\/no\/wp-json\/wp\/v2\/media?parent=88842"}],"wp:term":[{"taxonomy":"category","embeddable":true,"href":"https:\/\/www.europesays.com\/no\/wp-json\/wp\/v2\/categories?post=88842"},{"taxonomy":"post_tag","embeddable":true,"href":"https:\/\/www.europesays.com\/no\/wp-json\/wp\/v2\/tags?post=88842"}],"curies":[{"name":"wp","href":"https:\/\/api.w.org\/{rel}","templated":true}]}}