{"id":88850,"date":"2025-11-16T21:12:39","date_gmt":"2025-11-16T21:12:39","guid":{"rendered":"https:\/\/www.europesays.com\/no\/88850\/"},"modified":"2025-11-16T21:12:39","modified_gmt":"2025-11-16T21:12:39","slug":"age-hareide-alvorlig-syk-kjemper-en-hard-kamp","status":"publish","type":"post","link":"https:\/\/www.europesays.com\/no\/88850\/","title":{"rendered":"\u00c5ge Hareide alvorlig syk: &#8211; Kjemper en hard kamp"},"content":{"rendered":"<p class=\"kicker \" style=\"\">\u00c5ge Hareide hylles av St\u00e5le Solbakken:\u00a0<\/p>\n<p>  Landslagssjef St\u00e5le Solbakken (57) sendte en hilsen til \u00c5ge Hareide (72).\u00a0<\/p>\n<p>\n    HEIER: \u00c5ge Hariede hylles av St\u00e5le Solbakken. Foto: Marius Simensen \/ BILDBYR\u00c5N \/ Cop 238\n  <\/p>\n<p>\u00a0&#8211; Jeg sender en hilsen til \u00c5ge Hareide som kjemper sin kamp. Han skulle egentlig ha sittet med dere i dag, det vet de i NRK. Han kjemper en hard kamp. Han er en av de st\u00f8rste spillerne og har hatt en stor trenerkarriere, sa St\u00e5le Solbakken under l\u00f8rdagens pressekonferanse i Milano.<\/p>\n<p>        NY START: Etter \u00abJakten p\u00e5 kj\u00e6rligheten\u00bb har bonden Cornelia en ny mann i kikkerten. Reporter: Sanne Holt. Video: TV 2\/ R\u00f8d L\u00f8per <\/p>\n<p>&#8211; Han har, som en av f\u00e5 nordmenn, VM-erfaring som trener og vet hva dette dreier seg om. Han er her i dag i Milano og skal se kampen. Kanskje f\u00e5r vi se ham inni garderoben f\u00f8r kampen. Jeg \u00f8nsker \u00c5ge all mulig hell og lykke, la han til.<\/p>\n<p class=\"font-weight-bold m-font-weight-bold\" data-lab-font_weight=\"font-weight-bold\">Se og H\u00f8r er kjent med at \u00c5ge Hareide er alvorlig syk. St\u00e5le Solbakken sier til <a href=\"https:\/\/www.vg.no\/sport\/i\/KMEVOG\/solbakken-med-hyllest-til-syk-hareide-han-kjemper-sin-kamp\" rel=\"nofollow noopener\" target=\"_blank\">VG<\/a> og <a href=\"https:\/\/www.tv2.no\/sport\/solbakken-med-rorende-hyllest-til-age-hareide-kjemper-sin-kamp\/18293094\/\" rel=\"nofollow noopener\" target=\"_blank\">TV 2<\/a> at Hareide var klar over at han ville g\u00e5 ut offentlig med en hilsen.<\/p>\n<p>          <img loading=\"lazy\" decoding=\"async\" src=\"https:\/\/www.europesays.com\/no\/wp-content\/uploads\/2025\/11\/83115822.webp\" width=\"686\" height=\"570\" title=\"KJEMPER: - Han kjemper en hard kamp, sier St\u00e5le Solbakken om \u00c5ge Hareide. Foto: Carina Johansen \/ NTB\" alt=\"\" class=\"\" style=\"--aspect-ratio-image: 1.20; \"\/><\/p>\n<p>\n          KJEMPER: &#8211; Han kjemper en hard kamp, sier St\u00e5le Solbakken om \u00c5ge Hareide. Foto: Carina Johansen \/ NTB\n      <\/p>\n<p>Hareide har v\u00e6rt trener for Helsingborg (to perioder), Br\u00f8ndby, Rosenborg (to perioder), Norge, \u00d6rgryte, Viking, Island og Danmark. Sistnevnte tok han til \u00e5ttedelsfinale i VM i 2018. <\/p>\n<p class=\"italic m-italic\" data-lab-italic=\"italic\">Dagbladet har fors\u00f8kt \u00e5 komme i kontakt med Hareide, forel\u00f8pig uten hell.<\/p>\n<p>    Fakta om \u00c5ge Hareide<\/p>\n<p>* Alder: 72 \u00e5r (23. september 1953)<\/p>\n<p>* F\u00f8dested: Hareid, Norge<\/p>\n<p>* Klubber som spiller: H\u00f8dd, Molde, Manchester City, Norwich<\/p>\n<p>* A-landskamper\/m\u00e5l: 50\/5<\/p>\n<p>Klubber\/nasjoner som trener:<\/p>\n<p>* 1987-91: Molde<\/p>\n<p>* 1993-97: Molde<\/p>\n<p>* 1998-99: Helsingborg<\/p>\n<p>* 2000-02: Br\u00f8ndby<\/p>\n<p>* 2003: Rosenborg<\/p>\n<p>* 2003-08: Norge<\/p>\n<p>* 2009: \u00d6rgryte<\/p>\n<p>* 2010-12: Viking<\/p>\n<p>* 2012: Helsingborg<\/p>\n<p>* 2014-15: Malm\u00f6<\/p>\n<p>* 2016-20 Danmark<\/p>\n<p>* 2020-2021: Rosenborg<\/p>\n<p>*2022: Malm\u00f6<\/p>\n<p>*2023: Island<\/p>\n<p>Seriegull som trener:<\/p>\n<p>* 1999: Helsingborg<\/p>\n<p>* 2002: Br\u00f8ndby<\/p>\n<p>* 2003: Rosenborg<\/p>\n<p>* 2014: Malm\u00f6.<\/p>\n<p>(NTB)<\/p>\n<p>      Vis mer<br \/>\n      Vis mindre<\/p>\n","protected":false},"excerpt":{"rendered":"\u00c5ge Hareide hylles av St\u00e5le Solbakken:\u00a0 Landslagssjef St\u00e5le Solbakken (57) sendte en hilsen til \u00c5ge Hareide (72).\u00a0 HEIER:&hellip;\n","protected":false},"author":2,"featured_media":88851,"comment_status":"","ping_status":"","sticky":false,"template":"","format":"standard","meta":{"footnotes":""},"categories":[5],"tags":[11648,20,21,24,25,15,19,479,22,23,17,18,13,30,28,29,14,16,1387,26,27],"class_list":{"0":"post-88850","1":"post","2":"type-post","3":"status-publish","4":"format-standard","5":"has-post-thumbnail","7":"category-overskrifter","8":"tag-age-hareide","9":"tag-breaking-news","10":"tag-breakingnews","11":"tag-featured-news","12":"tag-featurednews","13":"tag-headlines","14":"tag-hovedoppslag","15":"tag-kjendis","16":"tag-latest-news","17":"tag-latestnews","18":"tag-main-news","19":"tag-mainnews","20":"tag-news","21":"tag-no","22":"tag-norge","23":"tag-norway","24":"tag-nyheter","25":"tag-overskrifter","26":"tag-stale-solbakken","27":"tag-top-stories","28":"tag-topstories"},"share_on_mastodon":{"url":"https:\/\/pubeurope.com\/@no\/115561440585345397","error":""},"_links":{"self":[{"href":"https:\/\/www.europesays.com\/no\/wp-json\/wp\/v2\/posts\/88850","targetHints":{"allow":["GET"]}}],"collection":[{"href":"https:\/\/www.europesays.com\/no\/wp-json\/wp\/v2\/posts"}],"about":[{"href":"https:\/\/www.europesays.com\/no\/wp-json\/wp\/v2\/types\/post"}],"author":[{"embeddable":true,"href":"https:\/\/www.europesays.com\/no\/wp-json\/wp\/v2\/users\/2"}],"replies":[{"embeddable":true,"href":"https:\/\/www.europesays.com\/no\/wp-json\/wp\/v2\/comments?post=88850"}],"version-history":[{"count":0,"href":"https:\/\/www.europesays.com\/no\/wp-json\/wp\/v2\/posts\/88850\/revisions"}],"wp:featuredmedia":[{"embeddable":true,"href":"https:\/\/www.europesays.com\/no\/wp-json\/wp\/v2\/media\/88851"}],"wp:attachment":[{"href":"https:\/\/www.europesays.com\/no\/wp-json\/wp\/v2\/media?parent=88850"}],"wp:term":[{"taxonomy":"category","embeddable":true,"href":"https:\/\/www.europesays.com\/no\/wp-json\/wp\/v2\/categories?post=88850"},{"taxonomy":"post_tag","embeddable":true,"href":"https:\/\/www.europesays.com\/no\/wp-json\/wp\/v2\/tags?post=88850"}],"curies":[{"name":"wp","href":"https:\/\/api.w.org\/{rel}","templated":true}]}}