{"id":88856,"date":"2025-11-16T21:18:27","date_gmt":"2025-11-16T21:18:27","guid":{"rendered":"https:\/\/www.europesays.com\/no\/88856\/"},"modified":"2025-11-16T21:18:27","modified_gmt":"2025-11-16T21:18:27","slug":"jeg-blir-melankolsk","status":"publish","type":"post","link":"https:\/\/www.europesays.com\/no\/88856\/","title":{"rendered":"&#8211; Jeg blir melankolsk"},"content":{"rendered":"<p> &#8211; Jeg har ikke v\u00e6rt sikker p\u00e5 om hun ville stille. <\/p>\n<p>Erna Solberg (64) skal snart gi fra seg livsverket. Jobben som H\u00f8yre-leder har v\u00e6rt hennes i snart 22 \u00e5r. Hun er den lengstsittende noensinne, med god margin.<\/p>\n<p>6. november, etter \u00e5r med spekulasjoner og m\u00e5neder med ubesvarte sp\u00f8rsm\u00e5l, kom endelig svaret. Kvinnen mange tilskrev odelsretten, Ine Eriksen S\u00f8reide (49), vil ta over.<\/p>\n<p class=\"font-weight-bold m-font-weight-bold\" data-lab-font_weight=\"font-weight-bold\">P\u00e5 sp\u00f8rsm\u00e5l om de to er n\u00e6re, viser Solberg til Stortingets organisasjonskart.<\/p>\n<p>&#8211; Hun er min fraksjonsleder, svarer Solberg uten \u00e5 fortrekke en mine.<\/p>\n<p>          <img loading=\"lazy\" decoding=\"async\" src=\"https:\/\/www.europesays.com\/no\/wp-content\/uploads\/2025\/11\/83853253.webp\" width=\"980\" height=\"716\" title=\"36 \u00c5R P\u00c5 TINGET: - N\u00e5 skal jeg jobbe med nye problemstillinger, sier Erna Solberg om de fire nye \u00e5ra. Foto: J\u00f8rn H. Moen \/ Dagbladet\" alt=\"\" class=\"\" style=\"--aspect-ratio-image: 1.37; \"\/><\/p>\n<p>\n          36 \u00c5R P\u00c5 TINGET: &#8211; N\u00e5 skal jeg jobbe med nye problemstillinger, sier Erna Solberg om de fire nye \u00e5ra. Foto: J\u00f8rn H. Moen \/ Dagbladet\n      <\/p>\n<p> S\u00f8reide er leder av utenrikskomiteen, der Solberg sitter som medlem.<\/p>\n<p> &#8211; Ine og jeg har en veldig god relasjon, legger hun til.<\/p>\n<p>    <a itemprop=\"url\" href=\"https:\/\/www.dagbladet.no\/nyheter\/vi-skulle-ha-sagt-ifra\/83763618\" rel=\"nofollow noopener\" target=\"_blank\"><\/p>\n<p>      <img loading=\"lazy\" decoding=\"async\" src=\"https:\/\/www.europesays.com\/no\/wp-content\/uploads\/2025\/11\/1763327898_149_83763767.webp\" width=\"980\" height=\"441\" title=\"- Vi skulle ha sagt ifra\" alt=\"\" class=\"lazyload\" style=\"--aspect-ratio-image: 2.22; \"\/><\/p>\n<p>        &#8211; Vi skulle ha sagt ifra<\/p>\n<p>    <\/a><\/p>\n<p>&#8211; Det var uvanlig\t<\/p>\n<p> Solberg var kjent som den politiske nerden, kommunalministeren \u00abJern-Erna\u00bb, med en t\u00f8ff linje i innvandringspolitikken og i kommune\u00f8konomien.<\/p>\n<p>S\u00e5 fikk hun en \u00abmakeover\u00bb som hun selv kalte \u00abden nye Erna\u00bb, og statsministerjobb. Hennes ansikt og nye frisyre har siden pranget p\u00e5 partiets turn\u00e9buss og b\u00e6renett, sammen med slagord som\u00a0\u00abErna er stjerna\u00bb. <\/p>\n<ul>\n<li class=\"lab-bodytext-line font-weight-bold m-font-weight-bold italic m-italic\" data-lab-font_weight=\"font-weight-bold\" data-lab-italic=\"italic\">Et rotete kj\u00f8kken, god stemning med Obama og alvorstunge pressekonferanser. Se Dagbladets bilder fra Erna-\u00f8yeblikkene:<\/li>\n<\/ul>\n<p>&#8211; Jeg har egentlig v\u00e6rt meg selv hele tida. Men jeg har aldri v\u00e6rt redd for \u00e5 ta t\u00f8ffe tak. Jeg tror kanskje det var mer uvanlig da jeg var kommunalminister.\u00a0Man var vant til politikere som godsnakket, sier Solberg.<\/p>\n<p>&#8211; Mistet tilliten\t<\/p>\n<p>N\u00e5 tar hun nok en periode, og vil dermed sette rekord med 40 \u00e5r i stortingssetet. Hun har ogs\u00e5 rekorden som H\u00f8yres lengstsittende statsminister.\u00a0<\/p>\n<p> Selv ikke da det kom fram at ektemannens over 3000 aksjehandler i disse \u00e5ra hadde gjort henne inhabil, trakk Solberg inn \u00e5rene. <\/p>\n<p data-lab-italic=\"italic\" class=\"italic m-italic\">&#8211; Hvilken innvirkning tenker du aksjeskandalen har hatt p\u00e5 valgresultatet?<\/p>\n<p class=\"no_italic m-no_italic\" data-lab-italic=\"\"> &#8211; Den saken gjorde selvf\u00f8lgelig noe med tilliten til meg for en del velgere. Den var nok ikke s\u00e5 h\u00f8yt i velgernes bevissthet som s\u00e5dan, men over tid betyr det kanskje at noen hadde mistet tiltroen til meg, sier hun. <\/p>\n<p class=\"italic m-italic\" data-lab-italic=\"italic\">&#8211; Hvordan er det personlig for deg \u00e5 slutte? Blir det en tomhetsf\u00f8lelse?<\/p>\n<p>&#8211; Jeg har egentlig savnet \u00e5 ha bedre tid. Som partileder m\u00e5 man bruke mye tid p\u00e5 s\u00e5 mange felt, at man ikke kan gj\u00f8re de gode gamle dypdykkene.\u00a0<\/p>\n<p>Hun erkjenner til slutt at hun blir melankolsk av tanken p\u00e5 \u00e5 gi seg.<\/p>\n<p>    <a itemprop=\"url\" href=\"https:\/\/www.dagbladet.no\/nyheter\/dette-er-diamanter\/83823024\" rel=\"nofollow noopener\" target=\"_blank\"><\/p>\n<p>      <img loading=\"lazy\" decoding=\"async\" src=\"https:\/\/www.europesays.com\/no\/wp-content\/uploads\/2025\/11\/1763327900_152_83825938.webp\" width=\"980\" height=\"441\" title=\"- Dette er diamanter\" alt=\"\" class=\"lazyload\" style=\"--aspect-ratio-image: 2.22; \"\/><\/p>\n<p>        &#8211; Dette er diamanter<\/p>\n<p>    <\/a><\/p>\n<p>Avsl\u00f8rer planer\t<\/p>\n<p> Erna Solberg vil heller snakke om Los Angeles og San Fransisco, som hun nettopp kom hjem fra.<\/p>\n<p>&#8211; Jeg har masse ting jeg kan tenke meg \u00e5 gj\u00f8re. <\/p>\n<p>Som menig stortingsrepresentant blir utlandet fokuset, ved siden av viktige saker for valgkretsen Hordaland.\u00a0<\/p>\n<p>          <img loading=\"lazy\" decoding=\"async\" src=\"https:\/\/www.europesays.com\/no\/wp-content\/uploads\/2025\/11\/83853267.webp\" width=\"980\" height=\"657\" title=\"SISTE DAGER: Erna Solberg og kommunikasjonssjef Cato Husab\u00f8 Fossen har fulgt hverandre gjennom valgkamp etter valgkamp. Foto: J\u00f8rn H. Moen \/ Dagbladet\" alt=\"\" class=\"\" style=\"--aspect-ratio-image: 1.49; \"\/><\/p>\n<p>\n          SISTE DAGER: Erna Solberg og kommunikasjonssjef Cato Husab\u00f8 Fossen har fulgt hverandre gjennom valgkamp etter valgkamp. Foto: J\u00f8rn H. Moen \/ Dagbladet\n      <\/p>\n<p>Hun har ogs\u00e5 planer om \u00e5 l\u00e6re \u00e5 snakke fransk og bruke symaskin, og om utenlandsferier uten \u00e5 representere Norge.<\/p>\n<p>&#8211; N\u00e5 skal jeg jobbe med nye problemstillinger. Tech-utviklingen i verden er altfor d\u00e5rlig dekket i Norge.<\/p>\n<p class=\"italic m-italic\" data-lab-italic=\"italic\">&#8211; Er det et signal om hvor du vil g\u00e5 videre etter politikerkarrieren?<\/p>\n<p>&#8211; Nei. Det er ikke et signal om noe som helst annet enn at jeg ikke er bekymret for partiet.<\/p>\n<p>    <a itemprop=\"url\" href=\"https:\/\/www.dagbladet.no\/nyheter\/ble-informert-kvelden-for\/83813930\" rel=\"nofollow noopener\" target=\"_blank\"><\/p>\n<p>      <img loading=\"lazy\" decoding=\"async\" src=\"https:\/\/www.europesays.com\/no\/wp-content\/uploads\/2025\/11\/1763327903_873_83823213.webp\" width=\"980\" height=\"441\" title=\"Ble informert kvelden f\u00f8r\" alt=\"\" class=\"lazyload\" style=\"--aspect-ratio-image: 2.22; \"\/><\/p>\n<p>        Ble informert kvelden f\u00f8r<\/p>\n<p>    <\/a><\/p>\n<p>Hadde samtaler\u00a0\t<\/p>\n<p> Forbi passerer arvtageren Ine Eriksen S\u00f8reide. En h\u00e5nd legges p\u00e5 en arm.<\/p>\n<p>Ikke engang H\u00f8yre-apparatet ble informert f\u00f8r kvelden f\u00f8r S\u00f8reide takket ja,\u00a0<a href=\"https:\/\/www.dagbladet.no\/nyheter\/ble-informert-kvelden-for\/83813930\" rel=\"nofollow noopener\" target=\"_blank\">if\u00f8lge Dagbladets opplysninger<\/a>.<\/p>\n<p>Solberg avsl\u00f8rer at hun har hatt tett kontakt med S\u00f8reide underveis.<\/p>\n<p>&#8211; Jeg har hatt mange samtaler med henne, men hva hun ville ende p\u00e5, visste jeg ikke. Jeg hadde en mistanke om at hun kom til \u00e5 si ja. Ogs\u00e5 fordi hun har v\u00e6rt opptatt av s\u00e5 mange ting i politikken utover sitt eget ansvarsomr\u00e5de, den siste tida.<\/p>\n<p>        F\u00d8RSTE GANG: H\u00f8yre- leder Erna Solberg debuterte som DJ p\u00e5 Palmesus i Kristiansand. Video: Christina H Korneliussen <\/p>\n<p>&#8211; Men ditt r\u00e5d var at dette er en jobb man vil ha?<\/p>\n<p>&#8211; Ja. Det har v\u00e6rt mitt r\u00e5d hele tida. Men det har jeg ogs\u00e5 sagt til de andre kandidatene. Jeg har v\u00e6rt opptatt av at det var flere kandidater, for partiet skal v\u00e6re et lag.\u00a0<\/p>\n<p>&#8211; Vil du v\u00e6re r\u00e5dgiver for henne n\u00e5r hun blir leder?<\/p>\n<p>&#8211; Jeg tenker at hun skal f\u00e5 lov \u00e5 stille sp\u00f8rsm\u00e5l og be om r\u00e5d fra dem hun har lyst til.<\/p>\n<p>    <a itemprop=\"url\" href=\"https:\/\/www.dagbladet.no\/nyheter\/gir-logn-ap-skylda\/83833950\" rel=\"nofollow noopener\" target=\"_blank\"><\/p>\n<p>      <img loading=\"lazy\" decoding=\"async\" src=\"https:\/\/www.europesays.com\/no\/wp-content\/uploads\/2025\/11\/83833966.webp\" width=\"980\" height=\"441\" title=\"Gir \u00abl\u00f8gn-Ap\u00bb-skylda\" alt=\"\" class=\"lazyload\" style=\"--aspect-ratio-image: 2.22; \"\/><\/p>\n<p>        Gir \u00abl\u00f8gn-Ap\u00bb-skylda<\/p>\n<p>    <\/a><\/p>\n<p>&#8211; Ikke i veien\t<\/p>\n<p class=\"italic m-italic\" data-lab-italic=\"italic\">&#8211; Du er ikke redd for \u00e5 bli en syvende far i huset i partiet?\u00a0<\/p>\n<p>&#8211; Jeg fors\u00f8ker \u00e5 ikke bli det, da. Jeg tenker jeg skal fors\u00f8ke \u00e5 finne mine nisjer som jeg skal v\u00e6re opptatt av \u00e5 jobbe med politisk, og ikke g\u00e5 i veien for folk.\u00a0<\/p>\n<p> Dagbladet gj\u00f8r et fors\u00f8k p\u00e5 \u00e5 f\u00e5 henne utp\u00e5 om partiets framtid likevel.<\/p>\n<p>Partiets ferske havarirapport <a href=\"https:\/\/www.dagbladet.no\/nyheter\/for-mye-erna-fokus\/83830785\" rel=\"nofollow noopener\" target=\"_blank\">trakk denne uka samme konklusjon som Solberg selv gjorde etter valget<\/a>:\u00a0<\/p>\n<p>          <img loading=\"lazy\" decoding=\"async\" src=\"https:\/\/www.europesays.com\/no\/wp-content\/uploads\/2025\/11\/83853288.webp\" width=\"686\" height=\"460\" title=\"STORTINGSVETERAN: Erna Solberg m\u00f8ter p\u00e5 stortingspresident Masud Gharahkhani (Ap) i vandrehallen. Foto: J\u00f8rn H. Moen \/ Dagbladet\" alt=\"\" class=\"\" style=\"--aspect-ratio-image: 1.49; \"\/><\/p>\n<p>\n          STORTINGSVETERAN: Erna Solberg m\u00f8ter p\u00e5 stortingspresident Masud Gharahkhani (Ap) i vandrehallen. Foto: J\u00f8rn H. Moen \/ Dagbladet\n      <\/p>\n<p>H\u00f8yre havnet i en skvis mellom Arbeiderpartiet og Fremskrittspartiet og fikk derfor sitt historisk svake resultat p\u00e5 14,6 prosent.<\/p>\n<p>        VALGBOBILEN: Dagbladet viser Erna Solberg (H) bobilen og tilbyr gaver hun ikke vil ha. Video: Johannes Fjeld, Anabelle Bruun. Reporter: Sondre Nodland.<\/p>\n<p>&#8211; Hvordan skal det v\u00e6re plass til H\u00f8yre n\u00e5?<\/p>\n<p>&#8211; Bare husk at dette har vi v\u00e6rt i f\u00f8r. Vi var i den samme skvisen i valgkampen i 2009, der man utpekte Arbeiderpartiet og Frp som hovedmotstandere. S\u00e5 ble vi st\u00f8rst og vant i 2013 likevel.<\/p>\n<p>Blek kopi\t<\/p>\n<p>&#8211;\u00a0 Vi skal verken mot h\u00f8yre eller venstre. \u00c5 stake ut en egen kurs tror jeg er viktig. Hvis du fors\u00f8ker \u00e5 bli en blek kopi av noe annet, g\u00e5r det d\u00e5rlig.<\/p>\n<p>P\u00e5 sp\u00f8rsm\u00e5l om denne strategien kan endre seg og man likevel kan ta opp jakta p\u00e5 Fremskrittspartiet og \u00abkuler, krutt og skattekrutt\u00bb, blir hun taus igjen.<\/p>\n<p>&#8211; Det skal jo en ny ledelse velge. Ikke meg.<\/p>\n<p> &#8211; Hva h\u00e5per du ditt etterm\u00e6le blir?<\/p>\n<p>&#8211; Det har ikke jeg tenkt \u00e5 vurdere.<\/p>\n<p>    <a itemprop=\"url\" href=\"https:\/\/www.dagbladet.no\/nyheter\/damned-if-you-dont\/83842125\" rel=\"nofollow noopener\" target=\"_blank\"><\/p>\n<p>      <img loading=\"lazy\" decoding=\"async\" src=\"https:\/\/www.europesays.com\/no\/wp-content\/uploads\/2025\/11\/83842466.webp\" width=\"980\" height=\"441\" title=\"Etter havaridom: - Damned if you don't\" alt=\"\" class=\"lazyload\" style=\"--aspect-ratio-image: 2.22; \"\/><\/p>\n<p>        Etter havaridom: &#8211; Damned if you don&#8217;t<\/p>\n<p>    <\/a><\/p>\n","protected":false},"excerpt":{"rendered":"&#8211; Jeg har ikke v\u00e6rt sikker p\u00e5 om hun ville stille. Erna Solberg (64) skal snart gi fra&hellip;\n","protected":false},"author":2,"featured_media":88857,"comment_status":"","ping_status":"","sticky":false,"template":"","format":"standard","meta":{"footnotes":""},"categories":[10],"tags":[20,21,327,24,25,15,762,2218,22,23,13,30,28,29,14,16,41,26,27],"class_list":{"0":"post-88856","1":"post","2":"type-post","3":"status-publish","4":"format-standard","5":"has-post-thumbnail","7":"category-norge","8":"tag-breaking-news","9":"tag-breakingnews","10":"tag-erna-solberg","11":"tag-featured-news","12":"tag-featurednews","13":"tag-headlines","14":"tag-hoyre","15":"tag-ine-eriksen-soreide","16":"tag-latest-news","17":"tag-latestnews","18":"tag-news","19":"tag-no","20":"tag-norge","21":"tag-norway","22":"tag-nyheter","23":"tag-overskrifter","24":"tag-politikk","25":"tag-top-stories","26":"tag-topstories"},"share_on_mastodon":{"url":"https:\/\/pubeurope.com\/@no\/115561464469471884","error":""},"_links":{"self":[{"href":"https:\/\/www.europesays.com\/no\/wp-json\/wp\/v2\/posts\/88856","targetHints":{"allow":["GET"]}}],"collection":[{"href":"https:\/\/www.europesays.com\/no\/wp-json\/wp\/v2\/posts"}],"about":[{"href":"https:\/\/www.europesays.com\/no\/wp-json\/wp\/v2\/types\/post"}],"author":[{"embeddable":true,"href":"https:\/\/www.europesays.com\/no\/wp-json\/wp\/v2\/users\/2"}],"replies":[{"embeddable":true,"href":"https:\/\/www.europesays.com\/no\/wp-json\/wp\/v2\/comments?post=88856"}],"version-history":[{"count":0,"href":"https:\/\/www.europesays.com\/no\/wp-json\/wp\/v2\/posts\/88856\/revisions"}],"wp:featuredmedia":[{"embeddable":true,"href":"https:\/\/www.europesays.com\/no\/wp-json\/wp\/v2\/media\/88857"}],"wp:attachment":[{"href":"https:\/\/www.europesays.com\/no\/wp-json\/wp\/v2\/media?parent=88856"}],"wp:term":[{"taxonomy":"category","embeddable":true,"href":"https:\/\/www.europesays.com\/no\/wp-json\/wp\/v2\/categories?post=88856"},{"taxonomy":"post_tag","embeddable":true,"href":"https:\/\/www.europesays.com\/no\/wp-json\/wp\/v2\/tags?post=88856"}],"curies":[{"name":"wp","href":"https:\/\/api.w.org\/{rel}","templated":true}]}}