{"id":88888,"date":"2025-11-16T22:16:46","date_gmt":"2025-11-16T22:16:46","guid":{"rendered":"https:\/\/www.europesays.com\/no\/88888\/"},"modified":"2025-11-16T22:16:46","modified_gmt":"2025-11-16T22:16:46","slug":"vi-anmeldte-lat-for-lat","status":"publish","type":"post","link":"https:\/\/www.europesays.com\/no\/88888\/","title":{"rendered":"Vi anmeldte l\u00e5t for l\u00e5t"},"content":{"rendered":"<p class=\"kicker \" style=\"\">Anmeldelse:\u00a0\u00abMaskorama\u00bb 2025<\/p>\n<p>  H\u00f8ydramatisk i kveldens sending.<\/p>\n<p>\n    REDDET P\u00c5 M\u00c5LSTREKEN: Skrotnissen var egentlig ute &#8211; men ble reddet da Tone Damli slo p\u00e5 gongongen. Her med programleder Silje Nordnes. Foto: Espen Solli \/ Monster \/ NRK\n  <\/p>\n<p class=\"italic m-italic\" data-lab-italic=\"italic\">SISTE: Skrotnissen m\u00e5 forlate \u00e5rets\u00a0\u00abMaskorama\u00bb og ta av maska &#8211; s\u00e5 det ut til. Men Tone slo p\u00e5 gongongen og reddet ham! Dermed f\u00e5r vi h\u00f8re og se de samme seks deltakerne ogs\u00e5 neste l\u00f8rdag.<\/p>\n<p>Det er klart for andre runde i \u00e5rets\u00a0\u00abMaskorama\u00bb, og seks deltakere st\u00e5r igjen, etter at <a href=\"https:\/\/www.dagbladet.no\/kjendis\/vi-anmeldte-lat-for-lat\/83827143\" target=\"_blank\" rel=\"nofollow noopener\">kulturminister Lubna Jaffery ble avsl\u00f8rt som Hybelkaninen<\/a> forrige l\u00f8rdag &#8211; etter en s\u00e6rdeles tvilsom versjon av Queens\u00a0\u00abI Want to Break Free\u00bb.<\/p>\n<p>I kveld vil de gjenv\u00e6rende deltakerne bli utsatt for ei lang rekke spekulasjoner fra detektivpanelet, i tillegg til \u00e5 synge hvert sitt bidrag, som spenner over et vidt spekter sjangrer. Til slutt st\u00e5r fem igjen.<\/p>\n<p>I denne artikkelen kommer sist framf\u00f8rte bidrag \u00f8verst.<\/p>\n<p class=\"font-weight-bold m-font-weight-bold\" data-lab-font_weight=\"font-weight-bold\">6. Hundevalpen:\u00a0\u00abHometown Glory\u00bb (Adele)<\/p>\n<p>          <img loading=\"lazy\" decoding=\"async\" src=\"https:\/\/www.europesays.com\/no\/wp-content\/uploads\/2025\/11\/1763331399_798_83857467.webp\" width=\"980\" height=\"559\" title=\"Foto: Espen Solli \/ Monster \/ NRK\" alt=\"\" class=\"\" style=\"--aspect-ratio-image: 1.75; \"\/><\/p>\n<p>\n          Foto: Espen Solli \/ Monster \/ NRK\n      <\/p>\n<p>Kveldens store overraskelse! Mens valpen forrige l\u00f8rdag sleit med Aviciis\u00a0\u00abWithout You\u00bb, leverer hun i kveld en flott versjon av Adeles aller f\u00f8rste singel.<\/p>\n<p>Dette er garantert en profesjonell sanger, som beg\u00e5r kunststykket \u00e5 levere den veldig personlige pianol\u00e5ta med overbevisende innlevelse.<\/p>\n<p>Sp\u00f8rsm\u00e5let er hvilken profesjonell sanger dette er. Uansett: Dette blir toppkarakter!<\/p>\n<p>Detektivpanelet spriker i sine gjettinger, og tror henholdsvis det er Nora Svenningsen, Siri Kristiansen og Oslo-biskop Sunniva Gylver (!). Jeg tror ikke et \u00f8yeblikk at noen av disse ikke-proffe sangerne kommer i n\u00e6rheten av det vi h\u00f8rte fra scenen.<\/p>\n<p class=\"font-weight-bold m-font-weight-bold\" data-lab-font_weight=\"font-weight-bold\">5. Skrotnissen: \u00abStarships\u00bb (Nicki Minaj)<\/p>\n<p>Spenstig av Skrotnissen som mann \u00e5 g\u00e5 for Nicki Minajs signaturl\u00e5t. Problemet: Det funker ikke.<\/p>\n<p>          <img loading=\"lazy\" decoding=\"async\" src=\"https:\/\/www.europesays.com\/no\/wp-content\/uploads\/2025\/11\/1763331401_323_83857426.webp\" width=\"980\" height=\"559\" title=\"Foto: Espen Solli \/ Monster \/ NRK\" alt=\"\" class=\"\" style=\"--aspect-ratio-image: 1.75; \"\/><\/p>\n<p>\n          Foto: Espen Solli \/ Monster \/ NRK\n      <\/p>\n<p>Nissen er en altfor svak vokalist til \u00e5 b\u00e6re denne l\u00e5ta, kreativt sceneshow til tross. Det var ogs\u00e5 hovedproblemet hans forrige gang &#8211; kanskje han burde velge l\u00e5ter han faktisk har forutsetninger for \u00e5 synge?<\/p>\n<p>Dette lukter snarlig exit.<\/p>\n<p>Detektivene spriker mellom Oskar Westerlin, David Eriksen (som ble sett i studio forrige l\u00f8rdag) og Fridtjof Josefsen. Fordomsfull som jeg er, antar jeg at alle de nevnte har helt andre styrker enn sang.<\/p>\n<p class=\"font-weight-bold m-font-weight-bold\" data-lab-font_weight=\"font-weight-bold\">4. Marionetten:\u00a0\u00abWhat&#8217;s in It for Me\u00bb (Amy Diamond)<\/p>\n<p>          <img loading=\"lazy\" decoding=\"async\" src=\"https:\/\/www.europesays.com\/no\/wp-content\/uploads\/2025\/11\/1763331402_216_83857399.webp\" width=\"980\" height=\"559\" title=\"Espen Solli \/ Monster \/ NRK\" alt=\"\" class=\"\" style=\"--aspect-ratio-image: 1.75; \"\/><\/p>\n<p>\n          Espen Solli \/ Monster \/ NRK\n      <\/p>\n<p>Marionetten klarer imponerende nok nesten \u00e5 matche sm\u00e5jentestemmen til Amy Diamond (som var 13 \u00e5r da l\u00e5ta kom ut), men hun er fremdeles sterkere p\u00e5 rap &#8211; som hun beviste sist &#8211; enn sang. Hun h\u00f8res ikke helt komfortabel ut, og opererer p\u00e5 grensen av \u00e5 synge falskt gjennom hele l\u00e5ta.<\/p>\n<p>Dette havner dessverre i lavere halvdel s\u00e5 langt. Hun m\u00e5 skjerpe seg hvis hun vil bli v\u00e6rende i heatet.<\/p>\n<p>B\u00e5de Tete og Tone tror dette kan v\u00e6re danser Mona Berntsen, mens Robert g\u00e5r for Ulrikke Falch, ut fra tallet 96 i hintvideoen, som han kobler til f\u00f8dsels\u00e5ret. Gode innspill, men jeg tror fremdeles det kan v\u00e6re Mira Craig, ut fra rappingevnene.<\/p>\n<p class=\"font-weight-bold m-font-weight-bold\" data-lab-font_weight=\"font-weight-bold\">3. Badeanda:\u00a0\u00abUprising\u00bb (Muse)<\/p>\n<p>Nei, nei, nei. Til forskjell fra sist klarer Badeanda i det minste \u00e5 f\u00f8lge med i l\u00e5ta, men h\u00f8res helt hjelpel\u00f8s ut der han st\u00e5r og gauler ei l\u00e5t som i utgangspunktet krever masse personlighet og finesse. Han slipper ogs\u00e5 kraftig opp for damp i det nedre registeret (som i synger falskt), og har en veldig ukledelig norsk aksent. Tenk Thorbj\u00f8rn Jagland.<\/p>\n<p>          <img loading=\"lazy\" decoding=\"async\" src=\"https:\/\/www.europesays.com\/no\/wp-content\/uploads\/2025\/11\/1763331404_407_83857383.webp\" width=\"980\" height=\"559\" title=\"Foto: Espen Solli \/ Monster \/ NRK\" alt=\"\" class=\"\" style=\"--aspect-ratio-image: 1.75; \"\/><\/p>\n<p>\n          Foto: Espen Solli \/ Monster \/ NRK\n      <\/p>\n<p>Badeanda burde r\u00f8ket forrige l\u00f8rdag. Ny sjanse i kveld!<\/p>\n<p>Etter at sp\u00f8rsm\u00e5lene blant annet avsl\u00f8rer at anda b\u00e5de driver med ski og har mistet lappen, gjetter Tone p\u00e5 Petter Northug, og det er slett ikke helt usannsynlig.<\/p>\n<p class=\"font-weight-bold m-font-weight-bold\" data-lab-font_weight=\"font-weight-bold\">2. Orken:\u00a0\u00abBeautiful\u00bb (Christina Aguilera)<\/p>\n<p>Til forskjell fra Brokkolien har Orken valgt seg ei teknisk krevende l\u00e5t. Hun synger reint, men virker som hun opererer i ytterkanten av ferdighetsspekteret sitt &#8211; hun klarer ikke \u00e5 tilf\u00f8re l\u00e5ta personligheten som Christina Aguilera gj\u00f8r.<\/p>\n<p>          <img loading=\"lazy\" decoding=\"async\" src=\"https:\/\/www.europesays.com\/no\/wp-content\/uploads\/2025\/11\/1763331405_121_83857386.webp\" width=\"980\" height=\"559\" title=\"Foto: Espen Solli \/ Monster \/ NRK\" alt=\"\" class=\"\" style=\"--aspect-ratio-image: 1.75; \"\/><\/p>\n<p>\n          Foto: Espen Solli \/ Monster \/ NRK\n      <\/p>\n<p>Pluss for \u00e5 st\u00e5 midt i salen, men dette blir generelt litt for flatt.<\/p>\n<p>Forrige l\u00f8rdag gikk spekulasjonene h\u00f8yt om det kunne v\u00e6re Sophie Elise, og Robert g\u00e5r for dette ogs\u00e5 i kveld, ettersom hun oppfyller flere av sp\u00f8ersm\u00e5lene. Jeg er ikke helt uenig.<\/p>\n<p class=\"font-weight-bold m-font-weight-bold\" data-lab-font_weight=\"font-weight-bold\">1. Brokkolien:\u00a0\u00abThe One and Only\u00bb (Chesney Hawkes)<\/p>\n<p>Brokkolien &#8211; som kom rimelig godt fra det forrige l\u00f8rdag &#8211; har valgt ei passende l\u00e5t, som heller ikke er altfor krevende (fordi Chesney Hawkes knapt var verdens sterkeste sanger).<\/p>\n<p>          <img loading=\"lazy\" decoding=\"async\" src=\"https:\/\/www.europesays.com\/no\/wp-content\/uploads\/2025\/11\/1763331406_911_83857307.webp\" width=\"980\" height=\"559\" title=\"Foto: Espen Solli \/ Monster \/ NRK\" alt=\"\" class=\"\" style=\"--aspect-ratio-image: 1.75; \"\/><\/p>\n<p>\n          Foto: Espen Solli \/ Monster \/ NRK\n      <\/p>\n<p>I kveld l\u00e5ter han enda mer profesjonell enn forrige gang &#8211; men kanskje for proff? Med masse vibrato i stemmen tar han\u00a0\u00abThe One and Only\u00bb ut av det kledelig amat\u00f8rmessige, boy-next-door-preget originalen har. Det blir i overkant glatt. Men bevares, en fin innsats.<\/p>\n<p>I hintvideoen framstiller brokkolien seg som en helse- og treningsfrik. Forrige l\u00f8rdag spekulerte detektivene p\u00e5 om det kunne v\u00e6re Atle Pettersen bak maska. Ligger det kanskje en pekepinn i\u00a0\u00abbit for bit\u00bb-uttalelsen hans?<\/p>\n","protected":false},"excerpt":{"rendered":"Anmeldelse:\u00a0\u00abMaskorama\u00bb 2025 H\u00f8ydramatisk i kveldens sending. REDDET P\u00c5 M\u00c5LSTREKEN: Skrotnissen var egentlig ute &#8211; men ble reddet da&hellip;\n","protected":false},"author":2,"featured_media":88132,"comment_status":"","ping_status":"","sticky":false,"template":"","format":"standard","meta":{"footnotes":""},"categories":[5],"tags":[20,21,24,25,15,19,479,22,23,17,18,2693,221,9705,9706,13,30,28,29,787,14,16,26,27,207],"class_list":{"0":"post-88888","1":"post","2":"type-post","3":"status-publish","4":"format-standard","5":"has-post-thumbnail","7":"category-overskrifter","8":"tag-breaking-news","9":"tag-breakingnews","10":"tag-featured-news","11":"tag-featurednews","12":"tag-headlines","13":"tag-hovedoppslag","14":"tag-kjendis","15":"tag-latest-news","16":"tag-latestnews","17":"tag-main-news","18":"tag-mainnews","19":"tag-maskorama","20":"tag-musikk","21":"tag-musikkanmeldelse","22":"tag-musikkanmeldelser","23":"tag-news","24":"tag-no","25":"tag-norge","26":"tag-norway","27":"tag-nrk","28":"tag-nyheter","29":"tag-overskrifter","30":"tag-top-stories","31":"tag-topstories","32":"tag-tv"},"share_on_mastodon":{"url":"https:\/\/pubeurope.com\/@no\/115561692587310367","error":""},"_links":{"self":[{"href":"https:\/\/www.europesays.com\/no\/wp-json\/wp\/v2\/posts\/88888","targetHints":{"allow":["GET"]}}],"collection":[{"href":"https:\/\/www.europesays.com\/no\/wp-json\/wp\/v2\/posts"}],"about":[{"href":"https:\/\/www.europesays.com\/no\/wp-json\/wp\/v2\/types\/post"}],"author":[{"embeddable":true,"href":"https:\/\/www.europesays.com\/no\/wp-json\/wp\/v2\/users\/2"}],"replies":[{"embeddable":true,"href":"https:\/\/www.europesays.com\/no\/wp-json\/wp\/v2\/comments?post=88888"}],"version-history":[{"count":0,"href":"https:\/\/www.europesays.com\/no\/wp-json\/wp\/v2\/posts\/88888\/revisions"}],"wp:featuredmedia":[{"embeddable":true,"href":"https:\/\/www.europesays.com\/no\/wp-json\/wp\/v2\/media\/88132"}],"wp:attachment":[{"href":"https:\/\/www.europesays.com\/no\/wp-json\/wp\/v2\/media?parent=88888"}],"wp:term":[{"taxonomy":"category","embeddable":true,"href":"https:\/\/www.europesays.com\/no\/wp-json\/wp\/v2\/categories?post=88888"},{"taxonomy":"post_tag","embeddable":true,"href":"https:\/\/www.europesays.com\/no\/wp-json\/wp\/v2\/tags?post=88888"}],"curies":[{"name":"wp","href":"https:\/\/api.w.org\/{rel}","templated":true}]}}