{"id":88891,"date":"2025-11-16T22:21:26","date_gmt":"2025-11-16T22:21:26","guid":{"rendered":"https:\/\/www.europesays.com\/no\/88891\/"},"modified":"2025-11-16T22:21:26","modified_gmt":"2025-11-16T22:21:26","slug":"erling-83-og-solveig-81-forkynner-i-sosiale-medium-pa-podkast-og-pa-talarstolen","status":"publish","type":"post","link":"https:\/\/www.europesays.com\/no\/88891\/","title":{"rendered":"Erling (83) og Solveig (81) forkynner i sosiale medium, p\u00e5 podkast og p\u00e5 talarstolen"},"content":{"rendered":"<p>\n        PODKASTDUO: Ekteparet Erling og Solveig Thu.<br \/>\n        Alice Tegle\n    <\/p>\n<p>    \u2013 Me brenn for \u00e5 dela evangeliet med barn og unge, seier det bokaktuelle ekteparet fr\u00e5 Randaberg. Dei trur eldre forkynnarar kan bidra med noko som yngre ikkje kan.<\/p>\n<p>Bestefarsklokka i finstova har akkurat sl\u00e5tt to tunge slag. I sofaen sit ekteparet Erling og Solveig Thu, klar til \u00e5 spela inn nyaste episode av podkasten deira, \u00abTakkepodden\u00bb.<\/p>\n<p>Erling festar ein ekstern mikrofon p\u00e5 produsent og ektefelle Solveig. S\u00e5 finn han fram opptakar-applikasjonen p\u00e5 mobilen.<\/p>\n<p>Ho sit klar med handskrivne notat, gir Erling eit lite nikk \u2013 og s\u00e5 er dei i gang.<\/p>\n","protected":false},"excerpt":{"rendered":"PODKASTDUO: Ekteparet Erling og Solveig Thu. Alice Tegle \u2013 Me brenn for \u00e5 dela evangeliet med barn og&hellip;\n","protected":false},"author":2,"featured_media":88892,"comment_status":"","ping_status":"","sticky":false,"template":"","format":"standard","meta":{"footnotes":""},"categories":[12],"tags":[20,21,24,25,15,22,23,13,30,28,29,14,16,26,27,42,43,44,45],"class_list":{"0":"post-88891","1":"post","2":"type-post","3":"status-publish","4":"format-standard","5":"has-post-thumbnail","7":"category-verden","8":"tag-breaking-news","9":"tag-breakingnews","10":"tag-featured-news","11":"tag-featurednews","12":"tag-headlines","13":"tag-latest-news","14":"tag-latestnews","15":"tag-news","16":"tag-no","17":"tag-norge","18":"tag-norway","19":"tag-nyheter","20":"tag-overskrifter","21":"tag-top-stories","22":"tag-topstories","23":"tag-verden","24":"tag-world","25":"tag-world-news","26":"tag-worldnews"},"share_on_mastodon":{"url":"https:\/\/pubeurope.com\/@no\/115561711869073625","error":""},"_links":{"self":[{"href":"https:\/\/www.europesays.com\/no\/wp-json\/wp\/v2\/posts\/88891","targetHints":{"allow":["GET"]}}],"collection":[{"href":"https:\/\/www.europesays.com\/no\/wp-json\/wp\/v2\/posts"}],"about":[{"href":"https:\/\/www.europesays.com\/no\/wp-json\/wp\/v2\/types\/post"}],"author":[{"embeddable":true,"href":"https:\/\/www.europesays.com\/no\/wp-json\/wp\/v2\/users\/2"}],"replies":[{"embeddable":true,"href":"https:\/\/www.europesays.com\/no\/wp-json\/wp\/v2\/comments?post=88891"}],"version-history":[{"count":0,"href":"https:\/\/www.europesays.com\/no\/wp-json\/wp\/v2\/posts\/88891\/revisions"}],"wp:featuredmedia":[{"embeddable":true,"href":"https:\/\/www.europesays.com\/no\/wp-json\/wp\/v2\/media\/88892"}],"wp:attachment":[{"href":"https:\/\/www.europesays.com\/no\/wp-json\/wp\/v2\/media?parent=88891"}],"wp:term":[{"taxonomy":"category","embeddable":true,"href":"https:\/\/www.europesays.com\/no\/wp-json\/wp\/v2\/categories?post=88891"},{"taxonomy":"post_tag","embeddable":true,"href":"https:\/\/www.europesays.com\/no\/wp-json\/wp\/v2\/tags?post=88891"}],"curies":[{"name":"wp","href":"https:\/\/api.w.org\/{rel}","templated":true}]}}