{"id":88895,"date":"2025-11-16T22:24:20","date_gmt":"2025-11-16T22:24:20","guid":{"rendered":"https:\/\/www.europesays.com\/no\/88895\/"},"modified":"2025-11-16T22:24:20","modified_gmt":"2025-11-16T22:24:20","slug":"strammer-kraftig-inn","status":"publish","type":"post","link":"https:\/\/www.europesays.com\/no\/88895\/","title":{"rendered":"Strammer kraftig inn"},"content":{"rendered":"<p>  Den britiske Labour-regjeringen legger opp til kraftige innstramminger i asyl- og flyktningpolitikken.<\/p>\n<p>\n    FARLIG FERD: Migranter fors\u00f8ker \u00e5 krysse den engelske kanal fra Calais i Frankrike p\u00e5 vei mot Storbritannia i september i \u00e5r. Foto: REUTERS\/Abdul Saboor\n  <\/p>\n<p>Shabana Mahmood vil mandag legge fram en rekke reformer i Underhuset som skal gj\u00f8re Storbritannia mindre attraktivt for ulovlige migranter og gj\u00f8re det lettere \u00e5 returnere dem som ikke f\u00e5r opphold.<\/p>\n<p class=\"font-weight-bold m-font-weight-bold\" data-lab-font_weight=\"font-weight-bold\">Tiltakene inneb\u00e6rer blant annet at den lovp\u00e5lagte plikten til \u00e5 gi enkelte asyls\u00f8kere bolig og \u00f8konomisk st\u00f8tte fjernes.<\/p>\n<p>Et annet tiltak er at alle migranter som kommer ulovlig til landet m\u00e5 vente 20 \u00e5r f\u00f8r de kan s\u00f8ke om permanent opphold, og flyktningstatus skal gj\u00f8res midlertidig og revurderes hvert 30. m\u00e5ned. Personer fra trygge hjemland skal sendes hjem umiddelbart.<\/p>\n<p>Etter gjeldende regler varer flyktningstatusen i fem \u00e5r. Etter dette kan man s\u00f8ke om permanent oppholdstillatelse og senere statsborgerskap.<\/p>\n<p>Slutt p\u00e5 \u00abgullbillett\u00bb\t<\/p>\n<p>If\u00f8lge innenriksdepartementet skal den \u00f8konomiske st\u00f8tten kuttes for personer som kan jobbe, men ikke gj\u00f8r det, og for dem som bryter loven. Ressursene skal i stedet prioriteres til dem som \u00abbidrar til \u00f8konomien og lokalsamfunnene\u00bb.<\/p>\n<p>&#8211; Jeg vil sette en stopper for Storbritannias gullbillett for asyls\u00f8kere, erkl\u00e6rte innenriksminister Shabana Mahmood i en uttalelse.<\/p>\n<p>Reformene omtales som den st\u00f8rste omleggingen av britisk asylpolitikk i moderne tid. Innstrammingen blir sett p\u00e5 som et fors\u00f8k p\u00e5 \u00e5 demme opp for det h\u00f8yrepopulistiske partiet Reform UK, som for tiden leder klart p\u00e5 de britiske meningsm\u00e5lingene.<\/p>\n<p>          <img loading=\"lazy\" decoding=\"async\" src=\"https:\/\/www.europesays.com\/no\/wp-content\/uploads\/2025\/11\/83858011.webp\" width=\"980\" height=\"559\" title=\"STRAMMER IN: Britenes innenriksminister, Shabana Mahmood, fra Labour. Foto: REUTERS\/Phil Noble\/File Photo\" alt=\"\" class=\"\" style=\"--aspect-ratio-image: 1.75; \"\/><\/p>\n<p>\n          STRAMMER IN: Britenes innenriksminister, Shabana Mahmood, fra Labour. Foto: REUTERS\/Phil Noble\/File Photo\n      <\/p>\n<p>Press p\u00e5 lokalsamfunn\t<\/p>\n<p>Mahmood ventes \u00e5 gi flere detaljer om tiltakene mandag. Innenriksdepartementet sier innstrammingen er utformet for \u00e5 gj\u00f8re Storbritannia mindre attraktivt for ulovlige innvandrere og gj\u00f8re det enklere \u00e5 utvise dem.<\/p>\n<p>&#8211; Dette landet har en stolt tradisjon for \u00e5 ta imot mennesker p\u00e5 flukt fra fare, men v\u00e5r sjener\u00f8sitet trekker ulovlige innvandrere over Kanalen, sier Mahmood.<\/p>\n<p>&#8211; Tempoet og omfanget av innvandringen legger et enormt press p\u00e5 lokalsamfunnene, sier hun.<\/p>\n<p>I tolvm\u00e5nedersperioden fra juli i fjor til og med juni i \u00e5r, s\u00f8kte til sammen 111.000 personer asyl i Storbritannia. I tolvm\u00e5nedersperioden som endte i mars, fikk 172.798 personer innvilget permanent opphold i landet.<\/p>\n<p>          <img loading=\"lazy\" decoding=\"async\" src=\"https:\/\/www.europesays.com\/no\/wp-content\/uploads\/2025\/11\/83858013.webp\" width=\"980\" height=\"559\" title=\"VISER MOTSTAND: En demonstrant viser sin motstand mot innvandring ved Sheraton Four Points hotel, som huser asyls\u00f8kere. Foto: Ben Stansall\/AFP\" alt=\"\" class=\"\" style=\"--aspect-ratio-image: 1.75; \"\/><\/p>\n<p>\n          VISER MOTSTAND: En demonstrant viser sin motstand mot innvandring ved Sheraton Four Points hotel, som huser asyls\u00f8kere. Foto: Ben Stansall\/AFP\n      <\/p>\n<p>&#8211; Orden og kontroll p\u00e5 grensene\t<\/p>\n<p>Mahmood ventes ogs\u00e5 \u00e5 kunngj\u00f8re innstramminger i britiske regler for familiegjenforening.<\/p>\n<p>&#8211; Denne uken vil jeg legge fram de mest omfattende endringene i v\u00e5rt asylsystem p\u00e5 en generasjon. Vi vil gjenopprette orden og kontroll ved grensene, sa Mahmood, if\u00f8lge nyhetsbyr\u00e5et DPA.<\/p>\n<p>Mahmood sier til\u00a0<a href=\"https:\/\/www.thetimes.com\/uk\/politics\/article\/shabana-mahmood-immigration-asylum-reforms-interview-rdzhs2thg\" target=\"_blank\" rel=\"nofollow noopener\">The Sunday Times<\/a>\u00a0at endringene er \u00abdesignet for i bunn og grunn \u00e5 si til folk: Ikke kom til Storbritannia som ulovlig migrant, ikke g\u00e5 om bord i en b\u00e5t\u00bb.<\/p>\n<p>&#8211; Jeg ser, og jeg vet at mine kolleger ogs\u00e5 kan se det, at ulovlig migrasjon river landet v\u00e5rt i stykker. Det er v\u00e5r jobb som Labour-regjering \u00e5 forene landet. Hvis vi ikke f\u00e5r orden p\u00e5 dette, tror jeg vi blir langt mer splittet land, sier hun til avisen.<\/p>\n<p>          <img loading=\"lazy\" decoding=\"async\" src=\"https:\/\/www.europesays.com\/no\/wp-content\/uploads\/2025\/11\/83858016.webp\" width=\"980\" height=\"559\" title=\"HAR BLITT ST\u00d8RST: Nigel Farage leder anti-innvandringspartiet Reform UK, som i l\u00f8pet av det siste \u00e5ret har blitt Storbritannias klart st\u00f8rste parti p\u00e5 meningsm\u00e5lingene. Foto: REUTERS\/Corey Rudy\" alt=\"\" class=\"\" style=\"--aspect-ratio-image: 1.75; \"\/><\/p>\n<p>\n          HAR BLITT ST\u00d8RST: Nigel Farage leder anti-innvandringspartiet Reform UK, som i l\u00f8pet av det siste \u00e5ret har blitt Storbritannias klart st\u00f8rste parti p\u00e5 meningsm\u00e5lingene. Foto: REUTERS\/Corey Rudy\n      <\/p>\n<p>Ser til Danmark\t<\/p>\n<p>H\u00f8ytst\u00e5ende tjenestemenn fra innenriksdepartementet ble tidligere i \u00e5r sendt til K\u00f8benhavn for \u00e5 l\u00e6re om Danmarks asylpolitikk.<\/p>\n<p>Reformen av asylsystemet er inspirert av Danmark og andre europeiske lands strenge innvandringspolitikk, sier Storbritannias innenriksdepartement i en uttalelse.,<\/p>\n<p>Danmark har redusert asyls\u00f8knadene til det laveste niv\u00e5et p\u00e5 40 \u00e5r.<\/p>\n","protected":false},"excerpt":{"rendered":"Den britiske Labour-regjeringen legger opp til kraftige innstramminger i asyl- og flyktningpolitikken. FARLIG FERD: Migranter fors\u00f8ker \u00e5 krysse&hellip;\n","protected":false},"author":2,"featured_media":88896,"comment_status":"","ping_status":"","sticky":false,"template":"","format":"standard","meta":{"footnotes":""},"categories":[5],"tags":[20,21,24,25,15,19,4232,22,23,17,18,13,30,28,29,14,16,41,865,26,27,412],"class_list":{"0":"post-88895","1":"post","2":"type-post","3":"status-publish","4":"format-standard","5":"has-post-thumbnail","7":"category-overskrifter","8":"tag-breaking-news","9":"tag-breakingnews","10":"tag-featured-news","11":"tag-featurednews","12":"tag-headlines","13":"tag-hovedoppslag","14":"tag-innvandring","15":"tag-latest-news","16":"tag-latestnews","17":"tag-main-news","18":"tag-mainnews","19":"tag-news","20":"tag-no","21":"tag-norge","22":"tag-norway","23":"tag-nyheter","24":"tag-overskrifter","25":"tag-politikk","26":"tag-storbritannia","27":"tag-top-stories","28":"tag-topstories","29":"tag-utenriks"},"share_on_mastodon":{"url":"https:\/\/pubeurope.com\/@no\/115561723670950930","error":""},"_links":{"self":[{"href":"https:\/\/www.europesays.com\/no\/wp-json\/wp\/v2\/posts\/88895","targetHints":{"allow":["GET"]}}],"collection":[{"href":"https:\/\/www.europesays.com\/no\/wp-json\/wp\/v2\/posts"}],"about":[{"href":"https:\/\/www.europesays.com\/no\/wp-json\/wp\/v2\/types\/post"}],"author":[{"embeddable":true,"href":"https:\/\/www.europesays.com\/no\/wp-json\/wp\/v2\/users\/2"}],"replies":[{"embeddable":true,"href":"https:\/\/www.europesays.com\/no\/wp-json\/wp\/v2\/comments?post=88895"}],"version-history":[{"count":0,"href":"https:\/\/www.europesays.com\/no\/wp-json\/wp\/v2\/posts\/88895\/revisions"}],"wp:featuredmedia":[{"embeddable":true,"href":"https:\/\/www.europesays.com\/no\/wp-json\/wp\/v2\/media\/88896"}],"wp:attachment":[{"href":"https:\/\/www.europesays.com\/no\/wp-json\/wp\/v2\/media?parent=88895"}],"wp:term":[{"taxonomy":"category","embeddable":true,"href":"https:\/\/www.europesays.com\/no\/wp-json\/wp\/v2\/categories?post=88895"},{"taxonomy":"post_tag","embeddable":true,"href":"https:\/\/www.europesays.com\/no\/wp-json\/wp\/v2\/tags?post=88895"}],"curies":[{"name":"wp","href":"https:\/\/api.w.org\/{rel}","templated":true}]}}