{"id":88899,"date":"2025-11-16T22:31:23","date_gmt":"2025-11-16T22:31:23","guid":{"rendered":"https:\/\/www.europesays.com\/no\/88899\/"},"modified":"2025-11-16T22:31:23","modified_gmt":"2025-11-16T22:31:23","slug":"italia-reagerer-2","status":"publish","type":"post","link":"https:\/\/www.europesays.com\/no\/88899\/","title":{"rendered":"Italia reagerer"},"content":{"rendered":"<p>            <img decoding=\"async\" src=\"https:\/\/www.europesays.com\/no\/wp-content\/uploads\/2025\/11\/DB_VM_Banner_12fps.gif\" alt=\"\" loading=\"lazy\"\/><\/p>\n<p>MILANO\/OSLO (Dagbladet): &#8211; Det Norge har gjort er respektl\u00f8st overfor Italia, m\u00e5per TV 2s Jesper Mathisen.\u00a0<\/p>\n<p class=\"font-weight-bold m-font-weight-bold\" data-lab-font_weight=\"font-weight-bold\">9-0 m\u00e5tte Norge tape om VM-plassen skal ryke i Milano. Det skjedde ikke. Istedenfor rystet Norge italienerne med \u00e5 sl\u00e5 tilbake og vinne 4-1 etter \u00e5 ha kommet under tidlig.<\/p>\n<p>&#8211; Det er moro<br \/>\nselvf\u00f8lgelig. Jeg er glad, men mer lettet. Det er mye press og s\u00e5nn, og jeg<br \/>\nkjenner p\u00e5 det. Men det er moro, sier Haaland til TV 2.\u00a0<\/p>\n<p>&#8211; Det var fantastisk st\u00f8tte i dag. N\u00e5 f\u00e5r vi se en haug med folk p\u00e5 R\u00e5dhusplassen, sier tom\u00e5lsscoreren fra kampen, og sikter til at Norges fotballforbund har planlagt en <a href=\"https:\/\/www.dagbladet.no\/sport\/planlegger-folkefest\/83856204\" rel=\"nofollow noopener\" target=\"_blank\">stor fest p\u00e5 R\u00e5dhusplassen i morgen klokken 17.45<\/a>.\u00a0<\/p>\n<p>          <img loading=\"lazy\" decoding=\"async\" src=\"https:\/\/www.europesays.com\/no\/wp-content\/uploads\/2025\/11\/83860877.webp\" width=\"686\" height=\"392\" title=\"GOD KLEM: Solbakken og Haaland etter kampen. Foto: Pa\/NTB\" alt=\"\" class=\"\" style=\"--aspect-ratio-image: 1.75; \"\/><\/p>\n<p>\n          GOD KLEM: Solbakken og Haaland etter kampen. Foto: Pa\/NTB\n      <\/p>\n<p class=\"font-weight-bold m-font-weight-bold\" data-lab-font_weight=\"font-weight-bold\">&#8211; Jeg tror<br \/>\nikke du f\u00e5r s\u00e5 mye bedre kvelder enn dette livet. Surrealistisk, sier St\u00e5le Solbakken til TV 2.\u00a0<\/p>\n<p class=\"font-weight-normal m-font-weight-normal\" data-lab-font_weight=\"font-weight-normal\">&#8211; Det er magisk, forteller Alexander S\u00f8rloth til kanalen.\u00a0<\/p>\n<p class=\"font-weight-normal m-font-weight-normal\" data-lab-font_weight=\"font-weight-normal\">&#8211; Det er nesten for mye. Det er s\u00e5 sykt. Jeg kan ikke tro det. Det er mer enn det jeg kunne dr\u00f8mt om, sier en r\u00f8rt Antonio Nusa.\u00a0<\/p>\n<p class=\"font-weight-normal m-font-weight-normal\" data-lab-font_weight=\"font-weight-normal\">&#8211; Det<br \/>\ner ubeskrivelig. Helt sykt. M\u00e5ten vi gj\u00f8r det p\u00e5 er helt utrolig. Det er<br \/>\nstort, sier Martin \u00d8degaard.\u00a0<\/p>\n<p class=\"font-weight-normal m-font-weight-normal\" data-lab-font_weight=\"font-weight-normal\">Norge-kapteinen er skadet, men var likevel p\u00e5 plass p\u00e5 San Siro for \u00e5 st\u00f8tte lagkameratene.\u00a0<\/p>\n<p>          <img loading=\"lazy\" decoding=\"async\" src=\"https:\/\/www.europesays.com\/no\/wp-content\/uploads\/2025\/11\/83860829.webp\" width=\"980\" height=\"559\" title=\"\u00abPREGE\u00bb: Norges landslagssjef St\u00e5le Solbakken feirer 1-4-seieren i VM-kvalifiseringskampen mot Italia. Foto: Lise \u00c5serud \/ NTB\" alt=\"\" class=\"\" style=\"--aspect-ratio-image: 1.75; \"\/><\/p>\n<p>\n          \u00abPREGE\u00bb: Norges landslagssjef St\u00e5le Solbakken feirer 1-4-seieren i VM-kvalifiseringskampen mot Italia. Foto: Lise \u00c5serud \/ NTB\n      <\/p>\n<p class=\"font-weight-normal m-font-weight-normal\" data-lab-font_weight=\"font-weight-normal\">Antonio Nusa med ett, mens Erling Braut Haaland scoret to, og J\u00f8rgen Strand Larsen la p\u00e5 til 4-1. Scenene i Milano var elleville.<\/p>\n<p>N\u00e5 blir det VM i USA, Mexico og Canada neste sommer &#8211; etter full pott i kvaliken.\u00a0<\/p>\n<p> &#8211; De latterliggj\u00f8r et av verdens stolteste landslag. Det er ikke et lag i verden som ikke frykter dette Norge-laget n\u00e5, utbryter Mathisen.\u00a0<\/p>\n<p>Italia-publikumet var i sjokk, den norske fansen tok av. Alt som kunne h\u00f8res p\u00e5 San Siro var: \u00abNorge skal til VM!\u00bb<\/p>\n<p class=\"font-weight-bold m-font-weight-bold\" data-lab-font_weight=\"font-weight-bold\">&#8211;\u00a0Norge sjokkerer ikke bare Italia, men hele fotballverden, sier Mathisen p\u00e5 TV 2.<\/p>\n<p> \u00abHaaland beviste hvorfor han er verdens beste spiss\u00bb, skriver den italienske storavisa Corriere dello Sport etter kampen. <\/p>\n<p>          <img loading=\"lazy\" decoding=\"async\" src=\"https:\/\/www.europesays.com\/no\/wp-content\/uploads\/2025\/11\/83860699.webp\" width=\"686\" height=\"460\" title=\"NORSKE HELTER: Erling Braut Haaland og Antonio Nusa. Foto: NTB\" alt=\"\" class=\"\" style=\"--aspect-ratio-image: 1.49; \"\/><\/p>\n<p>\n          NORSKE HELTER: Erling Braut Haaland og Antonio Nusa. Foto: NTB\n      <\/p>\n<p>&#8211; Solbakken er stolt som en hane n\u00e5, observerer Dagbladets fotballekspert Bernt Hulsker.<\/p>\n<p>&#8211; Det er pissing p\u00e5 Italia p\u00e5 San Siro, fortsetter han.<\/p>\n<p>    <a itemprop=\"url\" href=\"https:\/\/www.dagbladet.no\/sport\/kokaos-utenfor-san-siro\/83860317\" rel=\"nofollow noopener\" target=\"_blank\"><\/p>\n<p>      <img loading=\"lazy\" decoding=\"async\" src=\"https:\/\/www.europesays.com\/no\/wp-content\/uploads\/2025\/11\/83860327.webp\" width=\"980\" height=\"441\" title=\"K\u00f8kaos utenfor San Siro\" alt=\"\" class=\"lazyload\" style=\"--aspect-ratio-image: 2.22; \"\/><\/p>\n<p>        K\u00f8kaos utenfor San Siro<\/p>\n<p>    <\/a><\/p>\n<p>Til tross for at Norge har kommet tilbake i kampen har Erling Braut Haaland v\u00e6rt i fyr og flamme. Han har v\u00e6rt i en rekke krangler og nesten sl\u00e5sskamp med Italia-stopper Ginaluca Mancini. De to m\u00e5tte p\u00e5 et tidspunkt skilles.<\/p>\n<p>&#8211; Mancini er kjent for \u00e5 v\u00e6re ufin. N\u00e5r Haaland reagerer s\u00e5nn har han f\u00e5tt mange kilevinker i l\u00f8pet av kampen. Jeg skj\u00f8nner Haaland, han har et gult kort, han m\u00e5 roe ned, sier Dagbladets fotballekspert Bernt Hulsker.<\/p>\n<p>          <img loading=\"lazy\" decoding=\"async\" src=\"https:\/\/www.europesays.com\/no\/wp-content\/uploads\/2025\/11\/83860620.webp\" width=\"686\" height=\"460\" title=\"LEKEN SPILLER: Torbj\u00f8rn Heggem og Antonio Nusa feirer 1-1-m\u00e5let- Foto: Fredrik Varfjell \/ NTB\" alt=\"\" class=\"\" style=\"--aspect-ratio-image: 1.49; \"\/><\/p>\n<p>\n          LEKEN SPILLER: Torbj\u00f8rn Heggem og Antonio Nusa feirer 1-1-m\u00e5let- Foto: Fredrik Varfjell \/ NTB\n      <\/p>\n<p>          <img loading=\"lazy\" decoding=\"async\" src=\"https:\/\/www.europesays.com\/no\/wp-content\/uploads\/2025\/11\/83860635.webp\" width=\"686\" height=\"460\" title=\"ILLSINT: Erling Braut Haaland i krangel med Gianluca Mancini. Foto: NTB\" alt=\"\" class=\"\" style=\"--aspect-ratio-image: 1.49; \"\/><\/p>\n<p>\n          ILLSINT: Erling Braut Haaland i krangel med Gianluca Mancini. Foto: NTB\n      <\/p>\n<p>Det var\u00a0Pio Esposito som sendte Italia i ledelsen etter svakt forsvarsspill fra Norge. Men etter pause slo alts\u00e5 Norge tilbake.<\/p>\n<p>&#8211; Tidenes norske<br \/>\nfotballbragd hvis Norge skulle vinne borte mot Italia, utbr\u00f8t \u00d8yvind Alsaker da det sto 1-1.\u00a0<\/p>\n","protected":false},"excerpt":{"rendered":"MILANO\/OSLO (Dagbladet): &#8211; Det Norge har gjort er respektl\u00f8st overfor Italia, m\u00e5per TV 2s Jesper Mathisen.\u00a0 9-0 m\u00e5tte&hellip;\n","protected":false},"author":2,"featured_media":88900,"comment_status":"","ping_status":"","sticky":false,"template":"","format":"standard","meta":{"footnotes":""},"categories":[5],"tags":[20,21,24,25,92,15,4145,19,22,23,17,18,13,30,28,29,14,16,83,26,27],"class_list":{"0":"post-88899","1":"post","2":"type-post","3":"status-publish","4":"format-standard","5":"has-post-thumbnail","7":"category-overskrifter","8":"tag-breaking-news","9":"tag-breakingnews","10":"tag-featured-news","11":"tag-featurednews","12":"tag-fotball","13":"tag-headlines","14":"tag-herrelandslaget","15":"tag-hovedoppslag","16":"tag-latest-news","17":"tag-latestnews","18":"tag-main-news","19":"tag-mainnews","20":"tag-news","21":"tag-no","22":"tag-norge","23":"tag-norway","24":"tag-nyheter","25":"tag-overskrifter","26":"tag-sport","27":"tag-top-stories","28":"tag-topstories"},"share_on_mastodon":{"url":"https:\/\/pubeurope.com\/@no\/115561751260949123","error":""},"_links":{"self":[{"href":"https:\/\/www.europesays.com\/no\/wp-json\/wp\/v2\/posts\/88899","targetHints":{"allow":["GET"]}}],"collection":[{"href":"https:\/\/www.europesays.com\/no\/wp-json\/wp\/v2\/posts"}],"about":[{"href":"https:\/\/www.europesays.com\/no\/wp-json\/wp\/v2\/types\/post"}],"author":[{"embeddable":true,"href":"https:\/\/www.europesays.com\/no\/wp-json\/wp\/v2\/users\/2"}],"replies":[{"embeddable":true,"href":"https:\/\/www.europesays.com\/no\/wp-json\/wp\/v2\/comments?post=88899"}],"version-history":[{"count":0,"href":"https:\/\/www.europesays.com\/no\/wp-json\/wp\/v2\/posts\/88899\/revisions"}],"wp:featuredmedia":[{"embeddable":true,"href":"https:\/\/www.europesays.com\/no\/wp-json\/wp\/v2\/media\/88900"}],"wp:attachment":[{"href":"https:\/\/www.europesays.com\/no\/wp-json\/wp\/v2\/media?parent=88899"}],"wp:term":[{"taxonomy":"category","embeddable":true,"href":"https:\/\/www.europesays.com\/no\/wp-json\/wp\/v2\/categories?post=88899"},{"taxonomy":"post_tag","embeddable":true,"href":"https:\/\/www.europesays.com\/no\/wp-json\/wp\/v2\/tags?post=88899"}],"curies":[{"name":"wp","href":"https:\/\/api.w.org\/{rel}","templated":true}]}}