{"id":88969,"date":"2025-11-17T02:09:18","date_gmt":"2025-11-17T02:09:18","guid":{"rendered":"https:\/\/www.europesays.com\/no\/88969\/"},"modified":"2025-11-17T02:09:18","modified_gmt":"2025-11-17T02:09:18","slug":"fikk-alvolrig-kjottallergi-etter-biff-og-hamburgermaltid","status":"publish","type":"post","link":"https:\/\/www.europesays.com\/no\/88969\/","title":{"rendered":"Fikk alvolrig kj\u00f8ttallergi etter biff- og hamburgerm\u00e5ltid"},"content":{"rendered":"<p>    Kort fortalt<\/p>\n<ul lang=\"nb-NO\">\n<li>En 47 \u00e5r gammel mann fra New Jersey d\u00f8de plutselig etter \u00e5 ha utviklet en sjelden kj\u00f8ttallergi.<\/li>\n<li>Allergien oppsto etter et fl\u00e5ttbitt fra den s\u00e5kalte \u00abensomme stjernefl\u00e5tten\u00bb under en campingtur. Fl\u00e5ttypen lever ikke i Norge.<\/li>\n<li>Forskere har bekreftet at mannen led av alfa-gal-syndromet, som kan for\u00e5rsake alvorlige allergiske reaksjoner p\u00e5 r\u00f8dt kj\u00f8tt.<\/li>\n<li>Dette er det f\u00f8rste kjente d\u00f8dsfallet av denne typen allergi, og tilfeller kan \u00f8ke p\u00e5 grunn av klimaendringer.<\/li>\n<li>Det er ikke registrert d\u00f8dsfall knyttet til kj\u00f8ttallergi i Norge.<\/li>\n<\/ul>\n<p class=\"italic ai-disclaimer\" data-lab-italic=\"italic\">Sammendraget er laget av ChatGPT og godkjent av Dagbladet.<\/p>\n<p>      Vis mer<br \/>\n      Vis mindre<\/p>\n<p>H\u00f8sten 2024 kollapset en tilsynelatende frisk 47 \u00e5r gammel amerikansk mann p\u00e5 badet i familiens hjem i New Jersey.\u00a0<\/p>\n<p class=\"font-weight-bold m-font-weight-bold\" data-lab-font_weight=\"font-weight-bold\">Mannens s\u00f8nn fant ham bevisstl\u00f8s med oppkast rundt seg, bare timer etter at familien hadde kommet hjem fra en grillfest.\u00a0<\/p>\n<p>Det plutselige d\u00f8dsfallet ble lenge sett p\u00e5 som et mysterium, da ingen medisinske unders\u00f8kelser viste tegn p\u00e5 hjerteinfarkt eller andre livstruende problemer.\u00a0<\/p>\n<p>Det skriver den amerikanske kringkasteren <a href=\"https:\/\/www.nbcnews.com\/health\/health-news\/first-death-reported-meat-allergy-caused-tick-bite-rcna243743\" target=\"_blank\" rel=\"nofollow noopener\">NBC News<\/a>.\u00a0<\/p>\n<p>    <a itemprop=\"url\" href=\"https:\/\/www.dagbladet.no\/nyheter\/fikk-sjokkbeskjed-du-er-ikke-norsk\/83835294\" rel=\"nofollow noopener\" target=\"_blank\"><\/p>\n<p>      <img loading=\"lazy\" decoding=\"async\" src=\"https:\/\/www.europesays.com\/no\/wp-content\/uploads\/2025\/11\/83836421.webp\" width=\"980\" height=\"441\" title=\"Fikk sjokkbeskjed: - Du er ikke norsk\" alt=\"\" class=\"lazyload\" style=\"--aspect-ratio-image: 2.22; \"\/><\/p>\n<p>        Fikk sjokkbeskjed: &#8211; Du er ikke norsk<\/p>\n<p>    <\/a><\/p>\n<p>Nylig offentliggjorde forskere ved det medisinske fakultetet ved University of Virginia funnene etter obduksjonen, som ble publisert i tidsskriftet\u00a0<a href=\"https:\/\/www.jaci-inpractice.org\/article\/S2213-2198%2825%2900953-5\/fulltext\" target=\"_blank\" rel=\"nofollow noopener\">Journal of Allergy and Clinical Immunology: In Practice<\/a>.<\/p>\n<p>Trodde det var ufarlig\t<\/p>\n<p>Funnene viste at mannen hadde utviklet en farlig og sv\u00e6rt sjelden kj\u00f8ttallergi.\u00a0<\/p>\n<p>Noen uker f\u00f8r d\u00f8dsfallet hadde mannen v\u00e6rt p\u00e5 campingtur med familien, der han ble bitt av det han trodde var ufarlige, sm\u00e5 larver.<\/p>\n<p>    <a itemprop=\"url\" href=\"https:\/\/www.dagbladet.no\/nyheter\/klar-melding-galskap\/83836868\" rel=\"nofollow noopener\" target=\"_blank\"><\/p>\n<p>      <img loading=\"lazy\" decoding=\"async\" src=\"https:\/\/www.europesays.com\/no\/wp-content\/uploads\/2025\/11\/1763345354_309_83837333.webp\" width=\"147\" height=\"100\" title=\"Klar melding: - Galskap\" alt=\"\" class=\"lazyload\" style=\"--aspect-ratio-image: 1.47; \"\/><\/p>\n<p>        Klar melding: &#8211; Galskap<\/p>\n<p>    <\/a><\/p>\n<p class=\"font-weight-normal m-font-weight-normal\" data-lab-font_weight=\"font-weight-normal\">Seinere viste det seg at bittene kom fra den s\u00e5kalte \u00abensomme stjernefl\u00e5tten\u00bb.\u00a0<\/p>\n<p class=\"font-weight-bold m-font-weight-bold\" data-lab-font_weight=\"font-weight-bold\">Fl\u00e5ttarten finnes i USA og andre deler av verden, men ikke i Norge. Den er kjent for \u00e5<a href=\"https:\/\/dinside.dagbladet.no\/fritid\/ufrivillig-vegetarianer-etter-flattbitt\/79550448\" rel=\"nofollow noopener\" target=\"_blank\"> for\u00e5rsake en plutselig allergisk reaksjon p\u00e5 r\u00f8dt kj\u00f8tt<\/a>.\u00a0<\/p>\n<p>    Hva er kj\u00f8ttallergi?<\/p>\n<ul>\n<li>Kj\u00f8ttallergi betegnes p\u00e5 fagspr\u00e5ket alfa-gal-syndrom eller alfa-gal-allergi og er en allergi mot r\u00f8dt kj\u00f8tt.<\/li>\n<li>Det er en tilstand som forskerne har oppdaget i l\u00f8pet av de siste 15-20 \u00e5ra.<\/li>\n<li>Det er en allergireaksjon mot et sukkermolekyl, alfa-gal, som finnes i celler og vev hos de fleste pattedyr. Kroppens immunsystem lager antistoffer mot dette sukkermolekylet.<\/li>\n<li>\n<p>R\u00f8dt kj\u00f8tt defineres som kj\u00f8tt fra pattedyr som svin, storfe, geit, smale (lam, sau, v\u00e6r) og storvilt.<\/p>\n<\/li>\n<li>\n<p>Siden dette er en forholdsvis ny og lite kjent tilstand, er det antakeligvis en god del mennesker som har tilstanden, men der diagnosen ikke er stilt.<\/p>\n<\/li>\n<\/ul>\n<p>      Vis mer<br \/>\n      Vis mindre<\/p>\n<p>Den f\u00f8rste reaksjonen kom etter en biffmiddag, da han v\u00e5knet med kraftig\u00a0diar\u00e9, oppkast og intense magesmerter.\u00a0<\/p>\n<p>47-\u00e5ringen skal ha fortalt s\u00f8nnene at han trodde han skulle d\u00f8. Da de var usikre p\u00e5 hva som hadde skjedd, bestemte de seg for \u00e5 ikke opps\u00f8ke lege, if\u00f8lge NBC.\u00a0<\/p>\n<p>Et par uker seinere, p\u00e5 den nevnte grillkvelden, begynte mannen igjen \u00e5 f\u00f8le seg syk etter \u00e5 ha spist en hamburger.\u00a0<\/p>\n<p> Samme kveld ble han funnet d\u00f8d p\u00e5 badet. <\/p>\n<p>        VOLDSOM KRASJ: Linda Heggen var p\u00e5 vei til jobb mellom V\u00e5ler og Moss i \u00d8stfold torsdag 13. november da hun fikk et sv\u00e6r ublidt m\u00f8te med elg. Reporter: Jostein Sletten \/ Dagbladet<\/p>\n<p>&#8211; Tragedie\t<\/p>\n<p>Forskerne har seinere koblet fl\u00e5ttbittene under campingturen til d\u00f8dsfallet, og mener mannen har hatt det s\u00e5kalte\u00a0\u00abalfa-gal-syndromet\u00bb, ogs\u00e5 kjent som kj\u00f8ttallergi, som kommer fra ensom stjernefl\u00e5tt.\u00a0<\/p>\n<p>&#8211; Tragedien er at de ikke tenkte p\u00e5 den episoden som anafylaksi, og derfor ikke koblet den til kj\u00f8ttet den gangen, sier Thomas Platts-Mills, en allergolog ved University of Virginia.\u00a0<\/p>\n<p>Platts-Mills var blant dem som fastslo d\u00f8ds\u00e5rsaken til mannen.\u00a0<\/p>\n<p>    Symtomer p\u00e5 alfa-gal-allergi:<\/p>\n<ul>\n<li>Symptomene oppst\u00e5r som regel to til sju timer etter inntak av r\u00f8dt kj\u00f8tt, som for eksempel storfekj\u00f8tt, svinekj\u00f8tt, eller lammekj\u00f8tt, og er ofte alvorlige.\u00a0<\/li>\n<li>Fordi mange spiser kj\u00f8tt p\u00e5 ettermiddag og kveld, er det ikke uvanlig at symptomene oppst\u00e5r om natta.\u00a0<\/li>\n<li>Reaksjonen kan ogs\u00e5 komme raskere, s\u00e6rlig ved inntak av innmat, som har h\u00f8yere konsentrasjon av alfa-gal.\u00a0<\/li>\n<li>Typiske symptomer er kl\u00f8e, elveblest, angio\u00f8dem (hevelser i hud og vev) og\/eller magesmerter.\u00a0<\/li>\n<li>Omtrent 60 prosent utvikler anafylaksi.\u00a0<\/li>\n<li>Mengden kj\u00f8tt\/innmat som skal til for \u00e5 for \u00e5 utl\u00f8se reaksjon, kan variere fra gang til gang hos den enkelte.<\/li>\n<li>Kofaktorer, som fysisk anstrengelse, alkohol eller betennelsesdempende medisiner (for eksempel Ibux), kan senke terskelen.\u00a0<\/li>\n<li>Personer som utvikler pattedyrkj\u00f8ttallergi kan fremdeles spise kj\u00f8tt fra fugl (for eksempel kylling, kalkun, rype), fisk og skalldyr.<\/li>\n<\/ul>\n<p class=\"italic m-italic\" data-lab-italic=\"italic\">Kilde: Fl\u00e5ttsenteret ved S\u00f8rlandet sykehus \/ Dagbladet<\/p>\n<p>      Vis mer<br \/>\n      Vis mindre<\/p>\n<p> Tilstanden oppst\u00e5r ofte etter fl\u00e5ttbitt, der et spesielt sukkerstoff fra dyr &#8211; alfa-gal &#8211; overf\u00f8res til mennesker, som seinere kan utl\u00f8se en allergisk reaksjon mot kj\u00f8tt.<\/p>\n<p>Syndromet er en sv\u00e6rt sjelden, men alvorlig type matallergi som kan v\u00e6re livstruende.\u00a0<\/p>\n<p class=\"font-weight-bold m-font-weight-bold\" data-lab-font_weight=\"font-weight-bold\">De fleste opps\u00f8ker f\u00f8rst hjelp etter \u00e5 ha f\u00e5tt et anafylaktisk sjokk.<\/p>\n<p>    <a itemprop=\"url\" href=\"https:\/\/www.dagbladet.no\/nyheter\/nyresvikt-etter-d-vitamin-absolutt-alvorlig\/83850799\" rel=\"nofollow noopener\" target=\"_blank\"><\/p>\n<p>      <img loading=\"lazy\" decoding=\"async\" src=\"https:\/\/www.europesays.com\/no\/wp-content\/uploads\/2025\/11\/83851010.webp\" width=\"980\" height=\"441\" title=\"Nyresvikt etter D-vitamin: - Absolutt alvorlig\" alt=\"\" class=\"lazyload\" style=\"--aspect-ratio-image: 2.22; \"\/><\/p>\n<p>        Nyresvikt etter D-vitamin: &#8211; Absolutt alvorlig<\/p>\n<p>    <\/a><\/p>\n<p>Ukjent forekomst i Norge\t<\/p>\n<p>I Norge er kj\u00f8ttallergi fortsatt en sjelden diagnose, og det er ikke p\u00e5vist at den norske skogfl\u00e5tten kan overf\u00f8re alfa-gal. <\/p>\n<p class=\"font-weight-bold m-font-weight-bold\" data-lab-font_weight=\"font-weight-bold\">Forekomsten av allergien i Norge er ukjent, men Fl\u00e5ttsenteret har likevel registrert enkelte tilfeller, trolig som f\u00f8lge av bitt fra andre fl\u00e5ttarter.\u00a0<\/p>\n<p>Den Nasjonale kompetansetjenesten for fl\u00e5ttb\u00e5rne sykdommer ved S\u00f8rlandet sykehus opplyser p\u00e5\u00a0<a href=\"https:\/\/flattsenteret.no\/kjottallergi-etter-flattbitt\/\" target=\"_blank\" rel=\"nofollow noopener\">egne nettsider<\/a>\u00a0at de f\u00e5r rundt 10 til 20 henvendelser i \u00e5ret ang\u00e5ende denne diagnosen.\u00a0<\/p>\n<p>Tilstanden forekommer i f\u00e5 tilfeller, men anses som underdiagnostisert.\u00a0<\/p>\n<p>Det handler om at mange leger ikke kjenner til allergien, og dermed ikke tar den n\u00f8dvendige blodpr\u00f8ven, if\u00f8lge kompetansetjenesten.\u00a0<\/p>\n<p>F\u00f8rste kjente d\u00f8dsfall\t<\/p>\n<p>Det har tidligere v\u00e6rt flere tilfeller der folk har blitt alvorlig syke som f\u00f8lge av kj\u00f8ttallergi.\u00a0<\/p>\n<p>Blant annet ble en 15 \u00e5r gammel dansk gutt tidligere i \u00e5r diagnostisert med syndromet etter en alvorlig allergisk reaksjon, trolig utl\u00f8st av biffen han hadde spist til middag.<\/p>\n<p>Danske studier viser at flere dansker har utviklet diagnosen siden 90-tallet.\u00a0<\/p>\n<p>I sommer opplyste en professor ved Odense Universitetshospitals allergisenter at\u00a0over\u00a0165 personer, hovedsakelig menn, var under behandling for kj\u00f8ttallergi, til <a href=\"https:\/\/nyheder.tv2.dk\/samfund\/2025-07-03-flere-hundrede-danskere-har-koedallergi-efter-flaatbid-i-danmark-siger-ouh-professor\" target=\"_blank\" rel=\"nofollow noopener\">danske TV 2<\/a>.<\/p>\n<p>    <a itemprop=\"url\" href=\"https:\/\/www.dagbladet.no\/nyheter\/spiste-biff-ble-alvorlig-syk\/83356840\" rel=\"nofollow noopener\" target=\"_blank\"><\/p>\n<p>      <img loading=\"lazy\" decoding=\"async\" src=\"https:\/\/www.europesays.com\/no\/wp-content\/uploads\/2025\/11\/83356945.webp\" width=\"147\" height=\"98\" title=\"Spiste biff - ble alvorlig syk\" alt=\"\" class=\"lazyload\" style=\"--aspect-ratio-image: 1.50; \"\/><\/p>\n<p>        Spiste biff &#8211; ble alvorlig syk<\/p>\n<p>    <\/a><\/p>\n<p class=\"font-weight-bold m-font-weight-bold\" data-lab-font_weight=\"font-weight-bold\">Den amerikanske mannen er imidlertid den f\u00f8rste kjente personen som har d\u00f8dd av alfa-gal-allergi.\u00a0<\/p>\n<p>Niv\u00e5et i mannens blodpr\u00f8ver ses i utgangspunktet bare i d\u00f8delige tilfeller, if\u00f8lge en av forskerne, Platts-Mills.<\/p>\n<p>&#8211; Niv\u00e5et hans var 2000. Det h\u00f8yeste niv\u00e5et jeg har sett hos en person som overlevde er 100.\u00a0<\/p>\n<p>        FL\u00c5TT: April markerer starten p\u00e5 fl\u00e5ttsesongen, og det kan v\u00e6re lurt \u00e5 gj\u00f8re noen forebyggede grep mot \u00e5 bli bitt. Video: Embla Hjort-Larsen. Foto: NTB<\/p>\n<p>If\u00f8lge en spesialist i\u00a0allergiimmunologi ved University of North Carolina, er de st\u00f8rste risikofaktorene for \u00e5 utvikle alvorlige reaksjoner trening og alkohol.<\/p>\n<p>Mannen fra New Jersey skal ha trent og drukket \u00e9n \u00f8l p\u00e5 d\u00f8dsdagen, st\u00e5r det i studien.\u00a0<\/p>\n<p>    <a itemprop=\"url\" href=\"https:\/\/www.dagbladet.no\/kjendis\/reagerer-ganske-ufattelig\/83855385\" rel=\"nofollow noopener\" target=\"_blank\"><\/p>\n<p>      <img loading=\"lazy\" decoding=\"async\" src=\"https:\/\/www.europesays.com\/no\/wp-content\/uploads\/2025\/11\/83855560.webp\" width=\"147\" height=\"98\" title=\"Reagerer: - Ganske ufattelig\" alt=\"\" class=\"lazyload\" style=\"--aspect-ratio-image: 1.50; \"\/><\/p>\n<p>        Reagerer: &#8211; Ganske ufattelig<\/p>\n<p>    <\/a><\/p>\n<p>\u00d8kende trussel\t<\/p>\n<p>I USA er de fleste tilfellene av\u00a0alfa-gal-allergi\u00a0knyttet til arten \u00abensom stjernefl\u00e5tt\u00bb.<\/p>\n<p>I studien kommer det fram at syndromet har blitt en \u00f8kende trussel i landet, ettersom arten sammen med dens prim\u00e6re vert, hvithalehjort, har forflyttet seg til nye steder.\u00a0<\/p>\n<p>Amerikanske myndigheter har ansl\u00e5tt at opptil en halv million amerikanere har kj\u00f8ttallergi etter et fl\u00e5ttbitt, if\u00f8lge avisa\u00a0<a href=\"https:\/\/www.theguardian.com\/us-news\/2025\/jun\/29\/lone-star-ticks-increase-climate-crisis\" rel=\"nofollow noopener\" target=\"_blank\">The Guardian<\/a>. <\/p>\n<p>    <a itemprop=\"url\" href=\"https:\/\/www.dagbladet.no\/nyheter\/ut-mot-trend-foreldre-forstar-ikke\/83810111\" rel=\"nofollow noopener\" target=\"_blank\"><\/p>\n<p>      <img loading=\"lazy\" decoding=\"async\" src=\"https:\/\/www.europesays.com\/no\/wp-content\/uploads\/2025\/11\/1763345357_771_83820465.webp\" width=\"147\" height=\"98\" title=\"Ut mot trend: - Foreldre forst\u00e5r ikke\" alt=\"\" class=\"lazyload\" style=\"--aspect-ratio-image: 1.50; \"\/><\/p>\n<p>        Ut mot trend: &#8211; Foreldre forst\u00e5r ikke<\/p>\n<p>    <\/a><\/p>\n<p>Forekomsten vil \u00f8ke\u00a0\t<\/p>\n<p> \u00d8re-nese-hals-spesialist Marie Aln\u00e6s ved Regionalt senter for astma, allergi og overf\u00f8lsomhet (RAAO) i Helse Vest, har tidligere bekreftet overfor\u00a0<a href=\"https:\/\/www.dagbladet.no\/nyheter\/ukjent-fenomen-kan-gjelde-mange\/80359164\" target=\"_blank\" rel=\"nofollow noopener\">Dagbladet<\/a>\u00a0at antall henvendelser knyttet til kj\u00f8ttallergi har \u00f8kt. <\/p>\n<p>    <a itemprop=\"url\" href=\"https:\/\/www.dagbladet.no\/nyheter\/elgku-floy-pa-malin\/83856119\" rel=\"nofollow noopener\" target=\"_blank\"><\/p>\n<p>      <img loading=\"lazy\" decoding=\"async\" src=\"https:\/\/www.europesays.com\/no\/wp-content\/uploads\/2025\/11\/83856301.webp\" width=\"980\" height=\"441\" title=\"Elgku fl\u00f8y p\u00e5 Malin\" alt=\"\" class=\"lazyload\" style=\"--aspect-ratio-image: 2.22; \"\/><\/p>\n<p>        Elgku fl\u00f8y p\u00e5 Malin<\/p>\n<p>    <\/a><\/p>\n<p class=\"font-weight-bold m-font-weight-bold\" data-lab-font_weight=\"font-weight-bold\">Dette som f\u00f8lge av klimaendringer og en st\u00f8rre bestand av hjortedyr som er b\u00e6rende av fl\u00e5tt.\u00a0<\/p>\n<p>Svenske forskere mener ogs\u00e5 at det ikke er usannsynlig at forekomsten vil \u00f8ke i framtida, ettersom fl\u00e5tt er et \u00f8kende problem, skriver <a href=\"https:\/\/flattsenteret.no\/kjottallergi-etter-flattbitt\/\" target=\"_blank\" rel=\"nofollow noopener\">Fl\u00e5ttsenteret<\/a>.\u00a0<\/p>\n<p>    Slik kan du unng\u00e5 fl\u00e5ttbitt:<\/p>\n<ul>\n<li>Ikke g\u00e5 i h\u00f8yt gress, lyng eller kratt. Det er tryggere p\u00e5 stien.<\/li>\n<li>Bruk bukser og v\u00e6r godt tildekket rundt anklene.<\/li>\n<li>Vurder \u00e5 bruke st\u00f8vler i omr\u00e5der med mye fl\u00e5tt.<\/li>\n<li>Insektmiddel til kl\u00e6r som inneholder DEET eller lcaridin kan redusere risikoen for at du blir bitt.<\/li>\n<li>Bruk lyse kl\u00e6r, da er det lettere \u00e5 se fl\u00e5tten hvis den setter seg p\u00e5 deg.<\/li>\n<li>Sjekk st\u00f8vler og bukser for fl\u00e5tt.<\/li>\n<li>Bytt t\u00f8y n\u00e5r du har v\u00e6rt i omr\u00e5der med mye fl\u00e5tt.<\/li>\n<li>Vask kl\u00e6r p\u00e5 60 grader. Fl\u00e5tten kan overleve en runde i vaskemaskinen med lav temperatur.<\/li>\n<li>Har du hund og katt? Sjekk dyrene etter turen. Fl\u00e5tt som enn\u00e5 ikke har sugd seg fast kan forflytte seg fra dyret over til senget\u00f8y og m\u00f8bler, og derfra over til mennesker.\u00a0<\/li>\n<\/ul>\n<p>Kilde: Frende Forsikring<\/p>\n<p>      Vis mer<br \/>\n      Vis mindre<\/p>\n","protected":false},"excerpt":{"rendered":"Kort fortalt En 47 \u00e5r gammel mann fra New Jersey d\u00f8de plutselig etter \u00e5 ha utviklet en sjelden&hellip;\n","protected":false},"author":2,"featured_media":88970,"comment_status":"","ping_status":"","sticky":false,"template":"","format":"standard","meta":{"footnotes":""},"categories":[5],"tags":[11747,20,21,24,25,4349,15,19,8893,22,23,17,18,13,30,28,29,14,16,26,27,412],"class_list":{"0":"post-88969","1":"post","2":"type-post","3":"status-publish","4":"format-standard","5":"has-post-thumbnail","7":"category-overskrifter","8":"tag-allergi","9":"tag-breaking-news","10":"tag-breakingnews","11":"tag-featured-news","12":"tag-featurednews","13":"tag-flatt","14":"tag-headlines","15":"tag-hovedoppslag","16":"tag-kjott","17":"tag-latest-news","18":"tag-latestnews","19":"tag-main-news","20":"tag-mainnews","21":"tag-news","22":"tag-no","23":"tag-norge","24":"tag-norway","25":"tag-nyheter","26":"tag-overskrifter","27":"tag-top-stories","28":"tag-topstories","29":"tag-utenriks"},"share_on_mastodon":{"url":"https:\/\/pubeurope.com\/@no\/115562608416634130","error":""},"_links":{"self":[{"href":"https:\/\/www.europesays.com\/no\/wp-json\/wp\/v2\/posts\/88969","targetHints":{"allow":["GET"]}}],"collection":[{"href":"https:\/\/www.europesays.com\/no\/wp-json\/wp\/v2\/posts"}],"about":[{"href":"https:\/\/www.europesays.com\/no\/wp-json\/wp\/v2\/types\/post"}],"author":[{"embeddable":true,"href":"https:\/\/www.europesays.com\/no\/wp-json\/wp\/v2\/users\/2"}],"replies":[{"embeddable":true,"href":"https:\/\/www.europesays.com\/no\/wp-json\/wp\/v2\/comments?post=88969"}],"version-history":[{"count":0,"href":"https:\/\/www.europesays.com\/no\/wp-json\/wp\/v2\/posts\/88969\/revisions"}],"wp:featuredmedia":[{"embeddable":true,"href":"https:\/\/www.europesays.com\/no\/wp-json\/wp\/v2\/media\/88970"}],"wp:attachment":[{"href":"https:\/\/www.europesays.com\/no\/wp-json\/wp\/v2\/media?parent=88969"}],"wp:term":[{"taxonomy":"category","embeddable":true,"href":"https:\/\/www.europesays.com\/no\/wp-json\/wp\/v2\/categories?post=88969"},{"taxonomy":"post_tag","embeddable":true,"href":"https:\/\/www.europesays.com\/no\/wp-json\/wp\/v2\/tags?post=88969"}],"curies":[{"name":"wp","href":"https:\/\/api.w.org\/{rel}","templated":true}]}}