{"id":88981,"date":"2025-11-17T03:11:13","date_gmt":"2025-11-17T03:11:13","guid":{"rendered":"https:\/\/www.europesays.com\/no\/88981\/"},"modified":"2025-11-17T03:11:13","modified_gmt":"2025-11-17T03:11:13","slug":"fra-1-januar-2026-gjelder-nye-trafikkregler-det-er-ikke-lenger-nok-a-bare-ha-varseltrekanten-i-bilen","status":"publish","type":"post","link":"https:\/\/www.europesays.com\/no\/88981\/","title":{"rendered":"Fra 1. januar 2026 gjelder nye trafikkregler: Det er ikke lenger nok \u00e5 bare ha varseltrekanten i bilen"},"content":{"rendered":"<p>Fra \u00e5rsskiftet innf\u00f8res nye regler som gj\u00f8r at bilister m\u00e5 ha mer enn den klassiske advarselstrekanten i bilen. <\/p>\n<p>Det tradisjonelle utstyret, som i flere ti\u00e5r har v\u00e6rt en selvf\u00f8lge, suppleres n\u00e5 av moderne teknologi som skal gj\u00f8re veiene tryggere og redusere risikoen for ulykker.<\/p>\n<p>Det skriver mediet <a href=\"https:\/\/energozrouti.cz\/clanek\/ceske-ridice-na-to-nikdo-neupozornil-ale-od-1-ledna-2026-vam-v-povinne-vybave-nebude-stacit-jen-vystrazny-trojuhelnik\" target=\"_blank\" rel=\"noopener nofollow\">energozrouti<\/a>.<\/p>\n<p>Spania g\u00e5r foran med nytt varslingslys<\/p>\n<p>Det er i Spania at kravene n\u00e5 endres. Fra 1. januar 2026 blir den velkjente trekanten erstattet av et elektronisk varslingslys kalt V-16. <\/p>\n<p>Enheten plasseres p\u00e5 biltaket, sender ut et kraftig oransje blinklys synlig i alle retninger og rapporterer samtidig bilens posisjon via GPS til transportmyndighetene. <\/p>\n<p>Politi og redningsmannskap kan dermed rykke ut raskere, og sj\u00e5f\u00f8ren slipper \u00e5 bevege seg ut i trafikken for \u00e5 sette opp utstyret.<\/p>\n<p>B\u00f8ter og kostnader<\/p>\n<p>Bilister som ikke har V-16 i bilen etter nytt\u00e5r, risikerer b\u00f8ter p\u00e5 opptil 7.750 kroner. Selve enheten koster rundt 2.000 kroner. <\/p>\n<p>Myndighetene understreker at hensikten ikke er \u00e5 ilegge straff, men \u00e5 forebygge ulykker p\u00e5 motorveiene, der oppsetting av trekant ofte har v\u00e6rt risikabelt.<\/p>\n<p>Ulike regler i Europa<\/p>\n<p>Spania er langt fra det eneste landet som stiller spesielle krav til bilister. I \u00d8sterrike m\u00e5 f\u00f8rstehjelpsskrinet oppbevares i et beskyttet etui, i Polen er brannslukker obligatorisk, mens Frankrike krever at bilister har et alkometer. <\/p>\n<p>Italia, Slovakia og Slovenia p\u00e5byr refleksvester til alle passasjerer, og i Kroatia er reservep\u00e6rer en n\u00f8dvendighet.<\/p>\n<p>Mexico innf\u00f8rer samme regel om \u00e5 erstatte varseltrekanten med en varsellampe ved \u00e5rsskiftet.<\/p>\n<p>Sikkerhet som felles m\u00e5l<\/p>\n<p>Reglene viser tydelig at Europa ikke har \u00e9n felles standard for bilutstyr, men alle landene har det samme m\u00e5let om \u00f8kt trafikksikkerhet. <\/p>\n<p>Utstyret er ikke bare en formalitet, men en ekstra trygghet i en n\u00f8dsituasjon. <\/p>\n<p>Med V-16 tar Spania et tydelig steg i retning av \u00e5 bruke teknologi for \u00e5 beskytte b\u00e5de bilister og redningsmannskap.<\/p>\n","protected":false},"excerpt":{"rendered":"Fra \u00e5rsskiftet innf\u00f8res nye regler som gj\u00f8r at bilister m\u00e5 ha mer enn den klassiske advarselstrekanten i bilen.&hellip;\n","protected":false},"author":2,"featured_media":88982,"comment_status":"","ping_status":"","sticky":false,"template":"","format":"standard","meta":{"footnotes":""},"categories":[12],"tags":[20,21,24,25,15,22,23,13,30,28,29,14,16,26,27,42,43,44,45],"class_list":{"0":"post-88981","1":"post","2":"type-post","3":"status-publish","4":"format-standard","5":"has-post-thumbnail","7":"category-verden","8":"tag-breaking-news","9":"tag-breakingnews","10":"tag-featured-news","11":"tag-featurednews","12":"tag-headlines","13":"tag-latest-news","14":"tag-latestnews","15":"tag-news","16":"tag-no","17":"tag-norge","18":"tag-norway","19":"tag-nyheter","20":"tag-overskrifter","21":"tag-top-stories","22":"tag-topstories","23":"tag-verden","24":"tag-world","25":"tag-world-news","26":"tag-worldnews"},"share_on_mastodon":{"url":"https:\/\/pubeurope.com\/@no\/115562852166835067","error":""},"_links":{"self":[{"href":"https:\/\/www.europesays.com\/no\/wp-json\/wp\/v2\/posts\/88981","targetHints":{"allow":["GET"]}}],"collection":[{"href":"https:\/\/www.europesays.com\/no\/wp-json\/wp\/v2\/posts"}],"about":[{"href":"https:\/\/www.europesays.com\/no\/wp-json\/wp\/v2\/types\/post"}],"author":[{"embeddable":true,"href":"https:\/\/www.europesays.com\/no\/wp-json\/wp\/v2\/users\/2"}],"replies":[{"embeddable":true,"href":"https:\/\/www.europesays.com\/no\/wp-json\/wp\/v2\/comments?post=88981"}],"version-history":[{"count":0,"href":"https:\/\/www.europesays.com\/no\/wp-json\/wp\/v2\/posts\/88981\/revisions"}],"wp:featuredmedia":[{"embeddable":true,"href":"https:\/\/www.europesays.com\/no\/wp-json\/wp\/v2\/media\/88982"}],"wp:attachment":[{"href":"https:\/\/www.europesays.com\/no\/wp-json\/wp\/v2\/media?parent=88981"}],"wp:term":[{"taxonomy":"category","embeddable":true,"href":"https:\/\/www.europesays.com\/no\/wp-json\/wp\/v2\/categories?post=88981"},{"taxonomy":"post_tag","embeddable":true,"href":"https:\/\/www.europesays.com\/no\/wp-json\/wp\/v2\/tags?post=88981"}],"curies":[{"name":"wp","href":"https:\/\/api.w.org\/{rel}","templated":true}]}}