{"id":88987,"date":"2025-11-17T03:20:44","date_gmt":"2025-11-17T03:20:44","guid":{"rendered":"https:\/\/www.europesays.com\/no\/88987\/"},"modified":"2025-11-17T03:20:44","modified_gmt":"2025-11-17T03:20:44","slug":"droneangrep-uten-stopp-1-000-pa-en-uke","status":"publish","type":"post","link":"https:\/\/www.europesays.com\/no\/88987\/","title":{"rendered":"Droneangrep uten stopp \u2013 1.000 p\u00e5 \u00e9n uke"},"content":{"rendered":"<p><strong><strong>Ukrainas president Volodymyr Zelenskyj meldte s\u00f8ndag p\u00e5 X at redningsarbeidet fortsatt p\u00e5g\u00e5r i Kharkiv og i regionene Odesa og Dnipro etter nye russiske angrep gjennom natten. Ogs\u00e5 i Sumy- og Tsjernihiv-regionene har n\u00f8detatene v\u00e6rt i sving.<\/strong><\/strong><\/p>\n<p>If\u00f8lge <a href=\"https:\/\/x.com\/ZelenskyyUa\/status\/1989985847706255459\" rel=\"nofollow\">Zelenskyj <\/a>avfyrte Russland mer enn 170 droner mot Ukraina i l\u00f8pet av natten, hvor minst halvparten skal ha v\u00e6rt s\u00e5kalte \u00abShahed\u00bb-droner. Han opplyser videre at Russland den siste uken har sendt n\u00e6rmere 1.000 angrepsdroner, rundt 980 glidebomber og 36 missiler av ulike typer mot ukrainske m\u00e5l.<\/p>\n<p>Zelenskyj understreker at hver natt krever et sammensatt luftforsvar som involverer luftvern, kampfly, mobile enheter og egne droneavskj\u00e6rere. Han sier at Ukraina jobber aktivt med partnerland for \u00e5 styrke alle disse kapasitetene.<\/p>\n<p>If\u00f8lge innlegget er nye og \u00absterke avtaler\u00bb med europeiske land klare, som skal bidra til \u00e5 styrke ukrainsk luftvern, landets motstandskraft og diplomatiet.<\/p>\n<blockquote class=\"twitter-tweet\" data-media-max-width=\"560\">\n<p lang=\"en\" dir=\"ltr\">Right now, recovery efforts after the Russian strikes continue in Kharkiv and the region, as well as in the Odesa and Dnipro regions. First responders have also been operating in the Sumy and Chernihiv regions. Overall, last night the Russians launched more than 170 drones\u2026 <a href=\"https:\/\/t.co\/vFI5sPmtf8\" rel=\"nofollow\">pic.twitter.com\/vFI5sPmtf8<\/a><\/p>\n<p>\u2014 Volodymyr Zelenskyy \/ \u0412\u043e\u043b\u043e\u0434\u0438\u043c\u0438\u0440 \u0417\u0435\u043b\u0435\u043d\u0441\u044c\u043a\u0438\u0439 (@ZelenskyyUa) <a href=\"https:\/\/twitter.com\/ZelenskyyUa\/status\/1989985847706255459?ref_src=twsrc%5Etfw\" rel=\"nofollow noopener\" target=\"_blank\">November 16, 2025<\/a><\/p><\/blockquote>\n<p>Samtidig meldte den ungarske regjeringen at den vil blokkere alle EU-beslutninger som kan eskalere konflikten i Ukraina og trekke europeiske land inn i krigen. If\u00f8lge Ungarns utenriksminister Peter Szijjarto vil landet bruke sin vetorett dersom EU presser p\u00e5 for \u00e5 involvere Ungarn, selv om det betyr \u00e5 st\u00e5 alene mot de andre 26 medlemslandene.<\/p>\n<p>\u2013 Vi kan ikke tillate at Ungarn og ungarske borgere blir trukket inn i krigen. Vi m\u00e5 beskytte Ungarn mot det\u00bb, understreket Szijjarto p\u00e5 et anti-krigsarrangement i Gyor, if\u00f8lge <a href=\"https:\/\/tass.com\/world\/2044151\" rel=\"nofollow noopener\" target=\"_blank\">Tass<\/a>.<\/p>\n<p><script async src=\"https:\/\/platform.twitter.com\/widgets.js\" charset=\"utf-8\"><\/script><\/p>\n","protected":false},"excerpt":{"rendered":"Ukrainas president Volodymyr Zelenskyj meldte s\u00f8ndag p\u00e5 X at redningsarbeidet fortsatt p\u00e5g\u00e5r i Kharkiv og i regionene Odesa&hellip;\n","protected":false},"author":2,"featured_media":88988,"comment_status":"","ping_status":"","sticky":false,"template":"","format":"standard","meta":{"footnotes":""},"categories":[5],"tags":[20,21,24,25,15,19,179,22,23,17,18,13,30,28,29,14,16,188,26,27,2393,6495],"class_list":{"0":"post-88987","1":"post","2":"type-post","3":"status-publish","4":"format-standard","5":"has-post-thumbnail","7":"category-overskrifter","8":"tag-breaking-news","9":"tag-breakingnews","10":"tag-featured-news","11":"tag-featurednews","12":"tag-headlines","13":"tag-hovedoppslag","14":"tag-krigen-i-ukraina","15":"tag-latest-news","16":"tag-latestnews","17":"tag-main-news","18":"tag-mainnews","19":"tag-news","20":"tag-no","21":"tag-norge","22":"tag-norway","23":"tag-nyheter","24":"tag-overskrifter","25":"tag-russland","26":"tag-top-stories","27":"tag-topstories","28":"tag-ungarn","29":"tag-zelenskyj"},"share_on_mastodon":{"url":"https:\/\/pubeurope.com\/@no\/115562887463741618","error":""},"_links":{"self":[{"href":"https:\/\/www.europesays.com\/no\/wp-json\/wp\/v2\/posts\/88987","targetHints":{"allow":["GET"]}}],"collection":[{"href":"https:\/\/www.europesays.com\/no\/wp-json\/wp\/v2\/posts"}],"about":[{"href":"https:\/\/www.europesays.com\/no\/wp-json\/wp\/v2\/types\/post"}],"author":[{"embeddable":true,"href":"https:\/\/www.europesays.com\/no\/wp-json\/wp\/v2\/users\/2"}],"replies":[{"embeddable":true,"href":"https:\/\/www.europesays.com\/no\/wp-json\/wp\/v2\/comments?post=88987"}],"version-history":[{"count":0,"href":"https:\/\/www.europesays.com\/no\/wp-json\/wp\/v2\/posts\/88987\/revisions"}],"wp:featuredmedia":[{"embeddable":true,"href":"https:\/\/www.europesays.com\/no\/wp-json\/wp\/v2\/media\/88988"}],"wp:attachment":[{"href":"https:\/\/www.europesays.com\/no\/wp-json\/wp\/v2\/media?parent=88987"}],"wp:term":[{"taxonomy":"category","embeddable":true,"href":"https:\/\/www.europesays.com\/no\/wp-json\/wp\/v2\/categories?post=88987"},{"taxonomy":"post_tag","embeddable":true,"href":"https:\/\/www.europesays.com\/no\/wp-json\/wp\/v2\/tags?post=88987"}],"curies":[{"name":"wp","href":"https:\/\/api.w.org\/{rel}","templated":true}]}}