{"id":89021,"date":"2025-11-17T06:17:17","date_gmt":"2025-11-17T06:17:17","guid":{"rendered":"https:\/\/www.europesays.com\/no\/89021\/"},"modified":"2025-11-17T06:17:17","modified_gmt":"2025-11-17T06:17:17","slug":"naeringsliv-kongsberg-jobber-stadig-for-a-vaere-der-kundene-er-krever-nok-mer-a-drive-butikk-i-dag","status":"publish","type":"post","link":"https:\/\/www.europesays.com\/no\/89021\/","title":{"rendered":"N\u00e6ringsliv, Kongsberg | Jobber stadig for \u00e5 v\u00e6re der kundene er: \u2013 Krever nok mer \u00e5 drive butikk i dag"},"content":{"rendered":"<p class=\"content-text brick-c-kIcheF\">Bodil Buch i DNB kan likevel komme med en gladmelding om at det er h\u00f8y grad av lojalitet til lokalt n\u00e6ringsliv i Kongsberg. &#8211; N\u00e5r vi utelukker netthandelen, og ser p\u00e5 det fysiske kortbruket, s\u00e5 ser vi at 73,4 prosent av kortbruket skjer i egen kommune. Det betyr at vi i stor grad handler lokalt. N\u00e5r vi f\u00f8rst handler utenfor egen kommune drar vi til Drammen, der vi bruker 6,8 prosent av det fysiske kortbruket, sier hun.\u00a0<\/p>\n","protected":false},"excerpt":{"rendered":"Bodil Buch i DNB kan likevel komme med en gladmelding om at det er h\u00f8y grad av lojalitet&hellip;\n","protected":false},"author":2,"featured_media":89022,"comment_status":"","ping_status":"","sticky":false,"template":"","format":"standard","meta":{"footnotes":""},"categories":[56],"tags":[60,61,62,30,28,29],"class_list":{"0":"post-89021","1":"post","2":"type-post","3":"status-publish","4":"format-standard","5":"has-post-thumbnail","7":"category-naeringsliv","8":"tag-business","9":"tag-economy","10":"tag-naeringsliv","11":"tag-no","12":"tag-norge","13":"tag-norway"},"share_on_mastodon":{"url":"https:\/\/pubeurope.com\/@no\/115563583464938143","error":""},"_links":{"self":[{"href":"https:\/\/www.europesays.com\/no\/wp-json\/wp\/v2\/posts\/89021","targetHints":{"allow":["GET"]}}],"collection":[{"href":"https:\/\/www.europesays.com\/no\/wp-json\/wp\/v2\/posts"}],"about":[{"href":"https:\/\/www.europesays.com\/no\/wp-json\/wp\/v2\/types\/post"}],"author":[{"embeddable":true,"href":"https:\/\/www.europesays.com\/no\/wp-json\/wp\/v2\/users\/2"}],"replies":[{"embeddable":true,"href":"https:\/\/www.europesays.com\/no\/wp-json\/wp\/v2\/comments?post=89021"}],"version-history":[{"count":0,"href":"https:\/\/www.europesays.com\/no\/wp-json\/wp\/v2\/posts\/89021\/revisions"}],"wp:featuredmedia":[{"embeddable":true,"href":"https:\/\/www.europesays.com\/no\/wp-json\/wp\/v2\/media\/89022"}],"wp:attachment":[{"href":"https:\/\/www.europesays.com\/no\/wp-json\/wp\/v2\/media?parent=89021"}],"wp:term":[{"taxonomy":"category","embeddable":true,"href":"https:\/\/www.europesays.com\/no\/wp-json\/wp\/v2\/categories?post=89021"},{"taxonomy":"post_tag","embeddable":true,"href":"https:\/\/www.europesays.com\/no\/wp-json\/wp\/v2\/tags?post=89021"}],"curies":[{"name":"wp","href":"https:\/\/api.w.org\/{rel}","templated":true}]}}