{"id":89212,"date":"2025-11-17T11:18:07","date_gmt":"2025-11-17T11:18:07","guid":{"rendered":"https:\/\/www.europesays.com\/no\/89212\/"},"modified":"2025-11-17T11:18:07","modified_gmt":"2025-11-17T11:18:07","slug":"i-tarer-over-sonnens-bragd-det-er-sa-mektig-adressa-no","status":"publish","type":"post","link":"https:\/\/www.europesays.com\/no\/89212\/","title":{"rendered":"I t\u00e5rer over s\u00f8nnens bragd: &#8211; Det er s\u00e5 mektig &#8211; adressa.no"},"content":{"rendered":"<ol>\n<li><a href=\"https:\/\/news.google.com\/rss\/articles\/CBMilwFBVV95cUxPSEdVNUdNQkx4VzRFaDBSN1dyR21pYjVrbk51UXo1bUlHTGdNSEZKTVZPV0NpckxCdW9KTzZyclk0ZmRuZmtHNnU3SVRGeEZ6S3JiT1oxZmtQS2k0ZV9PWklUdXBrQS1Sa0ZJaFhiVEVVbi1paUVWZVlMdXZieC1ON1dubm01dmhWNmQ5Q3d3enRqeXJNR1BV?oc=5\" target=\"_blank\" rel=\"nofollow noopener\">I t\u00e5rer over s\u00f8nnens bragd: &#8211; Det er s\u00e5 mektig<\/a>&nbsp;&nbsp;adressa.no<\/li>\n<li><a href=\"https:\/\/news.google.com\/rss\/articles\/CBMiswFBVV95cUxONlNET1ZXS0k3T3BWZUxKdnFjcUlBRzctWW45TXJISkZJMFdJRDhwTVp3THFLbE5ZamtfMEw5SDMzYnplWG9NRDRwQmI2X3I4cUMtWlRvb0tQOW0zOUFhd01NZkQyVXhNLVU1ejJ5WFNiYmpuNE93alozN2RlVXI0c0FxTWxaY1kxMTB1X3daRVU2b2lEcXhpa0ZieEphS3B6VVBMc0cyUWYwOGdBRjA4MFVOdw?oc=5\" target=\"_blank\" rel=\"nofollow noopener\">G\u00f8ran S\u00f8rloth etter Italia-seieren: \u2013 F\u00f8ltes som jeg selv spilte igjen<\/a>&nbsp;&nbsp;fosna-folket.no<\/li>\n<li><a href=\"https:\/\/news.google.com\/rss\/articles\/CBMihgFBVV95cUxOVW1ScWg0Q1BoWWNWWWR6Sk9yZFNsVld0UFVjeFZDQ3plR0F2Sm9IaHFNbmZIMjBiWUVteTdTaTRVbnpJM200My1HaFl6bmY2MElsbVhmandVajV6T0pxWENnazhVMXpJdXJCby1kX2JSZ01OcWJsOVU3RHRYRmRtenQ1bDkzdw?oc=5\" target=\"_blank\" rel=\"nofollow noopener\">VM-helten ble uf\u00f8r: S\u00f8rloths nye livsvalg<\/a>&nbsp;&nbsp;Dagbladet<\/li>\n<li><a href=\"https:\/\/news.google.com\/rss\/articles\/CBMigAFBVV95cUxPdmgzTXRYMlV6dHVBZ2IyRnVMUEtocWpKenEwQ1VlcXNrTDVjZm1saVFHOTRPaUhIUjc2TWtqekdjd1lIeVVzZ0NubkJPTTlpeGZkRDNwMUhtYmR2dFFQTVd5QXQ2NVNWWHFXejAweU5kekZCODFOU3B6Z1RqSFRnVg?oc=5\" target=\"_blank\" rel=\"nofollow noopener\">Her er den tr\u00f8nderske VM-troppen<\/a>&nbsp;&nbsp;Aftenposten<\/li>\n<li><a href=\"https:\/\/news.google.com\/rss\/articles\/CBMinwFBVV95cUxObzc3RlhMLTB6ODM5QjVaYlJ6LWx0b0o2MXcxTDNXcEtMc2VqaWJuQzdFMUU2d3k2MEFBZkd5LTUySHhKVjVLSWtxalVqWWNXaGZ6R3Q2X3FTRzJ4WVFXb3VPWF9tUkZUV1haRXF4M2s0MVB0MmNManE3ekExM2ppamY0UWVjdjBOaWc5S25zT3c0bEZDaFRRS0pRbWFwZlk?oc=5\" target=\"_blank\" rel=\"nofollow noopener\">S\u00f8rloth etter VM-plassen: \u2013 Har m\u00e5ttet st\u00e5 her og forklart d\u00e5rlige resultater<\/a>&nbsp;&nbsp;433.no<\/li>\n<\/ol>\n","protected":false},"excerpt":{"rendered":"I t\u00e5rer over s\u00f8nnens bragd: &#8211; Det er s\u00e5 mektig&nbsp;&nbsp;adressa.no G\u00f8ran S\u00f8rloth etter Italia-seieren: \u2013 F\u00f8ltes som jeg&hellip;\n","protected":false},"author":2,"featured_media":89213,"comment_status":"","ping_status":"","sticky":false,"template":"","format":"standard","meta":{"footnotes":""},"categories":[59],"tags":[3033,11671,810,11468,30,28,29,83,82],"class_list":{"0":"post-89212","1":"post","2":"type-post","3":"status-publish","4":"format-standard","5":"has-post-thumbnail","7":"category-sport","8":"tag-alexander-sorloth","9":"tag-bjorn-magnussen","10":"tag-erling-braut-haaland","11":"tag-goran-sorloth","12":"tag-no","13":"tag-norge","14":"tag-norway","15":"tag-sport","16":"tag-sports"},"share_on_mastodon":{"url":"https:\/\/pubeurope.com\/@no\/115564767016886436","error":""},"_links":{"self":[{"href":"https:\/\/www.europesays.com\/no\/wp-json\/wp\/v2\/posts\/89212","targetHints":{"allow":["GET"]}}],"collection":[{"href":"https:\/\/www.europesays.com\/no\/wp-json\/wp\/v2\/posts"}],"about":[{"href":"https:\/\/www.europesays.com\/no\/wp-json\/wp\/v2\/types\/post"}],"author":[{"embeddable":true,"href":"https:\/\/www.europesays.com\/no\/wp-json\/wp\/v2\/users\/2"}],"replies":[{"embeddable":true,"href":"https:\/\/www.europesays.com\/no\/wp-json\/wp\/v2\/comments?post=89212"}],"version-history":[{"count":0,"href":"https:\/\/www.europesays.com\/no\/wp-json\/wp\/v2\/posts\/89212\/revisions"}],"wp:featuredmedia":[{"embeddable":true,"href":"https:\/\/www.europesays.com\/no\/wp-json\/wp\/v2\/media\/89213"}],"wp:attachment":[{"href":"https:\/\/www.europesays.com\/no\/wp-json\/wp\/v2\/media?parent=89212"}],"wp:term":[{"taxonomy":"category","embeddable":true,"href":"https:\/\/www.europesays.com\/no\/wp-json\/wp\/v2\/categories?post=89212"},{"taxonomy":"post_tag","embeddable":true,"href":"https:\/\/www.europesays.com\/no\/wp-json\/wp\/v2\/tags?post=89212"}],"curies":[{"name":"wp","href":"https:\/\/api.w.org\/{rel}","templated":true}]}}