{"id":89214,"date":"2025-11-17T11:24:00","date_gmt":"2025-11-17T11:24:00","guid":{"rendered":"https:\/\/www.europesays.com\/no\/89214\/"},"modified":"2025-11-17T11:24:00","modified_gmt":"2025-11-17T11:24:00","slug":"ber-europa-sende-vapen-til-ukraina-fremfor-saudi-arabia-og-qatar","status":"publish","type":"post","link":"https:\/\/www.europesays.com\/no\/89214\/","title":{"rendered":"Ber Europa sende v\u00e5pen til Ukraina fremfor Saudi-Arabia og Qatar"},"content":{"rendered":"<p>    Europa driver v\u00e5peneksport i stor skala til diktaturer i Midt\u00f8sten.\u00a0Eksperter mener Ukraina b\u00f8r prioriteres.\u00a0<\/p>\n<p>\n        Ukrainas president Volodymyr Zelenskyj poserer for en selfie sammen med en ukrainsk soldat n\u00e6r frontlinjen i Zaporizjzja-regionen.<br \/>\n        Foto: Ukrainas presidentkontors pressetjeneste\n    <\/p>\n<p class=\"kicker tertiary color_mobile_tertiary\" style=\"\">Verden<\/p>\n<p> \u00abMens Europa mangler v\u00e5pen, har europeiske land stor eksport til tre diktaturer i Midt\u00f8sten \u2013 Saudi-Arabia, Qatar, og Forente arabiske emirater.\u00bb\u00a0<\/p>\n<p>Det skriver forskere i\u00a0<a href=\"https:\/\/www.nupi.no\/publikasjoner\/cristin-pub\/to-scenarier-for-krigen-i-ukraina-hva-betyr-de-for-europa-og-hva-vil-det-koste\" rel=\"nofollow noopener\" target=\"_blank\">en Nupi-rapport<\/a> som ble lansert denne uka.\u00a0<\/p>\n<p> \u2013 S\u00e5nn det ser ut n\u00e5, er det forstemmende lite av det som produseres i Europa som g\u00e5r til Ukraina. S\u00e5nn burde det ikke v\u00e6re, sier Karsten Friis til Dagsavisen.<\/p>\n","protected":false},"excerpt":{"rendered":"Europa driver v\u00e5peneksport i stor skala til diktaturer i Midt\u00f8sten.\u00a0Eksperter mener Ukraina b\u00f8r prioriteres.\u00a0 Ukrainas president Volodymyr Zelenskyj&hellip;\n","protected":false},"author":2,"featured_media":89215,"comment_status":"","ping_status":"","sticky":false,"template":"","format":"standard","meta":{"footnotes":""},"categories":[12],"tags":[20,21,24,25,15,22,23,13,30,28,29,14,16,26,27,42,43,44,45],"class_list":{"0":"post-89214","1":"post","2":"type-post","3":"status-publish","4":"format-standard","5":"has-post-thumbnail","7":"category-verden","8":"tag-breaking-news","9":"tag-breakingnews","10":"tag-featured-news","11":"tag-featurednews","12":"tag-headlines","13":"tag-latest-news","14":"tag-latestnews","15":"tag-news","16":"tag-no","17":"tag-norge","18":"tag-norway","19":"tag-nyheter","20":"tag-overskrifter","21":"tag-top-stories","22":"tag-topstories","23":"tag-verden","24":"tag-world","25":"tag-world-news","26":"tag-worldnews"},"share_on_mastodon":{"url":"https:\/\/pubeurope.com\/@no\/115564790777777226","error":""},"_links":{"self":[{"href":"https:\/\/www.europesays.com\/no\/wp-json\/wp\/v2\/posts\/89214","targetHints":{"allow":["GET"]}}],"collection":[{"href":"https:\/\/www.europesays.com\/no\/wp-json\/wp\/v2\/posts"}],"about":[{"href":"https:\/\/www.europesays.com\/no\/wp-json\/wp\/v2\/types\/post"}],"author":[{"embeddable":true,"href":"https:\/\/www.europesays.com\/no\/wp-json\/wp\/v2\/users\/2"}],"replies":[{"embeddable":true,"href":"https:\/\/www.europesays.com\/no\/wp-json\/wp\/v2\/comments?post=89214"}],"version-history":[{"count":0,"href":"https:\/\/www.europesays.com\/no\/wp-json\/wp\/v2\/posts\/89214\/revisions"}],"wp:featuredmedia":[{"embeddable":true,"href":"https:\/\/www.europesays.com\/no\/wp-json\/wp\/v2\/media\/89215"}],"wp:attachment":[{"href":"https:\/\/www.europesays.com\/no\/wp-json\/wp\/v2\/media?parent=89214"}],"wp:term":[{"taxonomy":"category","embeddable":true,"href":"https:\/\/www.europesays.com\/no\/wp-json\/wp\/v2\/categories?post=89214"},{"taxonomy":"post_tag","embeddable":true,"href":"https:\/\/www.europesays.com\/no\/wp-json\/wp\/v2\/tags?post=89214"}],"curies":[{"name":"wp","href":"https:\/\/api.w.org\/{rel}","templated":true}]}}