{"id":89234,"date":"2025-11-17T11:45:31","date_gmt":"2025-11-17T11:45:31","guid":{"rendered":"https:\/\/www.europesays.com\/no\/89234\/"},"modified":"2025-11-17T11:45:31","modified_gmt":"2025-11-17T11:45:31","slug":"brudd-for-malin-hjelmhaug-og-martin-sire","status":"publish","type":"post","link":"https:\/\/www.europesays.com\/no\/89234\/","title":{"rendered":"Brudd for Malin Hjelmhaug og Martin Sire"},"content":{"rendered":"<p>  &#8211; Livet skjer, og noen ganger tar det oss i nye retninger.\u00a0<\/p>\n<p>\n    G\u00c5R HVER TIL SITT: Martin Garn\u00e5s Sire og Malin Hjelmhaug fant kj\u00e6rligheten under innspillingen av \u00abLove Island Norge\u00bb. N\u00e5 har de g\u00e5tt hver til sitt. Foto: Skjermbilde: @malinhjelmhaug \/ Instagram\n  <\/p>\n<p class=\"no_italic m-no_italic\" data-lab-italic=\"\">I et felles innlegg p\u00e5 <a href=\"https:\/\/www.instagram.com\/p\/DRIKeThCFuM\/\" rel=\"nofollow noopener\" target=\"_blank\">Instagram<\/a> avsl\u00f8rer \u00abLove Island Norge\u00bb-paret\u00a0 Malin Hjelmhaug (23) og Martin Garn\u00e5s Sire (28) at de har g\u00e5tt hver til sitt.\u00a0<\/p>\n<p>    <a itemprop=\"url\" href=\"https:\/\/www.seher.no\/kjendis\/lillesoster-ble-fodt-i-vintersolen\/83859599\" rel=\"nofollow noopener\" target=\"_blank\"><\/p>\n<p>      <img loading=\"lazy\" decoding=\"async\" src=\"https:\/\/www.europesays.com\/no\/wp-content\/uploads\/2025\/11\/83859623.webp\" width=\"980\" height=\"441\" title=\"- Lilles\u00f8ster ble f\u00f8dt i vintersolen\" alt=\"\" class=\"lazyload\" style=\"--aspect-ratio-image: 2.22; \"\/><\/p>\n<p>        &#8211; Lilles\u00f8ster ble f\u00f8dt i vintersolen<\/p>\n<p>    <\/a><\/p>\n<p> \u00abLivet skjer, og noen ganger tar det oss i nye retninger. Vi har n\u00e5 tatt den tunge avgj\u00f8relsen om \u00e5 g\u00e5 hver v\u00e5r vei. Det er ingenting dramatisk som har skjedd, vi er fortsatt utrolig glade i hverandre\u00bb, skriver de innledningsvis.\u00a0 <\/p>\n<p>Det var <a data-lab-font_weight=\"font-weight-bold\" href=\"https:\/\/www.vg.no\/rampelys\/i\/93gRA5\/brudd-for-love-island-paret-malin-og-martin\" rel=\"nofollow noopener\" target=\"_blank\">VG <\/a>som f\u00f8rst omtalte saken.\u00a0<\/p>\n<p>Videre skriver eksparet at b\u00e5ndet de har skapt, m\u00e5ten de m\u00f8ttes p\u00e5 og alt de har opplevd sammen, er noe f\u00e5 kan kjenne seg igjen i.\u00a0<\/p>\n<p>        OVERRASKER: Influenser Robert \u00abNorwayRob\u00bb Scott dukker opp som deltaker i Netflix-suksessen \u00abSquid Game: The Challenge\u00bb. Video: Kine Falch \/ Netflix<\/p>\n<p> \u00abVi angrer ikke p\u00e5 noe av det som har ledet oss hit. Vi har v\u00e6rt hverandres trygghet i medgang og motgang, og vi \u00f8nsker \u00e5 ta vare p\u00e5 den gode relasjonen videre\u00bb, fortsetter Malin og Martin.\u00a0<\/p>\n<p>    <a itemprop=\"url\" href=\"https:\/\/www.seher.no\/kongelig\/mistet-millioner-i-formue\/83859548\" rel=\"nofollow noopener\" target=\"_blank\"><\/p>\n<p>      <img loading=\"lazy\" decoding=\"async\" src=\"https:\/\/www.europesays.com\/no\/wp-content\/uploads\/2025\/11\/1763379931_29_83860079.webp\" width=\"147\" height=\"98\" title=\"Mistet millioner i formue\" alt=\"\" class=\"lazyload\" style=\"--aspect-ratio-image: 1.50; \"\/><\/p>\n<p>        Mistet millioner i formue<\/p>\n<p>    <\/a><\/p>\n<p>Avslutningsvis takker de alle som har v\u00e6rt med p\u00e5 reisen og heiet p\u00e5 dem:\u00a0<\/p>\n<p>\u00abDet betyr mer enn dere aner\u00bb.\u00a0<\/p>\n<p>          <img loading=\"lazy\" decoding=\"async\" src=\"https:\/\/www.europesays.com\/no\/wp-content\/uploads\/2025\/11\/83860508.webp\" width=\"686\" height=\"879\" title=\"VIL BEHOLDE VENNSKAPET: Martin og Malin skriver at de \u00f8nsker \u00e5 ta vare p\u00e5 den gode relasjonen de har. Foto: Skjermbilde: @martinsire \/ Instagram\" alt=\"\" class=\"\" style=\"--aspect-ratio-image: 0.78; \"\/><\/p>\n<p>\n          VIL BEHOLDE VENNSKAPET: Martin og Malin skriver at de \u00f8nsker \u00e5 ta vare p\u00e5 den gode relasjonen de har. Foto: Skjermbilde: @martinsire \/ Instagram\n      <\/p>\n<p>Malin og Martin var med i \u00e5rets sesong av TV 2-programmet.<\/p>\n<p>Bruddet kommer rundt en m\u00e5ned <a href=\"https:\/\/www.seher.no\/kjendis\/roper-brudd\/83663293\" rel=\"nofollow noopener\" target=\"_blank\">etter at et annet \u00abLove Island Norge\u00bb-par bekreftet brudd.<\/a> I slutten av september delte Henrik Fossedal (29) og Eisabeth Henriksen Reither (28) at de hadde besluttet \u00e5 g\u00e5 hver til sitt.<\/p>\n<p>Ogs\u00e5 de delte bruddnyheten i et felles innlegg p\u00e5 Instagram.\u00a0<\/p>\n<p class=\"font-weight-bold m-font-weight-bold\" data-lab-font_weight=\"font-weight-bold\">\u00abDet var ikke s\u00e5nn det skulle bli\u2026 Det er ikke alt som er ment \u00e5 vare selv om man er glad i hverandre\u00bb, skrev Henrik og Elisabeth.\u00a0<\/p>\n<p>\u00abS\u00e5nn er livet, og s\u00e5nn er kj\u00e6rligheten noen ganger. Vi har bestemt oss for \u00e5 g\u00e5 hvert til v\u00e5rt, men vi har fortsatt enormt mye kj\u00e6rlighet og respekt for hverandre\u00bb, fortsatte de.\u00a0<\/p>\n<p>        NY START: Etter \u00abJakten p\u00e5 kj\u00e6rligheten\u00bb har bonden Cornelia en ny mann i kikkerten. Reporter: Sanne Holt. Video: TV 2\/ R\u00f8d L\u00f8per <\/p>\n<p>Begge forsikret om at det ikke l\u00e5 noe dramatikk bak bruddet, og at de \u00f8nsker hverandre alt godt.<\/p>\n<p>          <img loading=\"lazy\" decoding=\"async\" src=\"https:\/\/www.europesays.com\/no\/wp-content\/uploads\/2025\/11\/83860521.webp\" width=\"686\" height=\"844\" title=\"VANT: Elisabeth og Henrik vant \u00abLove Island Norge\u00bb i 2024. \u00c5ret etter gikk de hver til sitt. Foto: Skjermbilde: @hrelisabeth \/ Instagram\" alt=\"\" class=\"\" style=\"--aspect-ratio-image: 0.81; \"\/><\/p>\n<p>\n          VANT: Elisabeth og Henrik vant \u00abLove Island Norge\u00bb i 2024. \u00c5ret etter gikk de hver til sitt. Foto: Skjermbilde: @hrelisabeth \/ Instagram\n      <\/p>\n<p>\u00abVi vil alltid v\u00e6re takknemlige for reisen vi har hatt sammen. For ja, det var en reise &#8211; og ja, det var ekte. Tusen takk til alle som har heiet p\u00e5 oss hele veien. Vi setter utrolig stor pris p\u00e5 det\u00bb, avsluttet de innlegget.<\/p>\n<p>Henrik Fossedal jobber som sportsjournalist i Dagbladet, som i likhet med Se og H\u00f8r eies av Aller Media.<\/p>\n<p><script async src=\"\/\/www.instagram.com\/embed.js\"><\/script><\/p>\n","protected":false},"excerpt":{"rendered":"&#8211; Livet skjer, og noen ganger tar det oss i nye retninger.\u00a0 G\u00c5R HVER TIL SITT: Martin Garn\u00e5s&hellip;\n","protected":false},"author":2,"featured_media":89235,"comment_status":"","ping_status":"","sticky":false,"template":"","format":"standard","meta":{"footnotes":""},"categories":[58],"tags":[4104,71,479,4466,11773,11774,30,28,29,72],"class_list":{"0":"post-89234","1":"post","2":"type-post","3":"status-publish","4":"format-standard","5":"has-post-thumbnail","7":"category-underholdning","8":"tag-eksklusivt","9":"tag-entertainment","10":"tag-kjendis","11":"tag-love-island","12":"tag-malin-hjelmhaug","13":"tag-martin-garas-sire","14":"tag-no","15":"tag-norge","16":"tag-norway","17":"tag-underholdning"},"share_on_mastodon":{"url":"https:\/\/pubeurope.com\/@no\/115564873457604458","error":""},"_links":{"self":[{"href":"https:\/\/www.europesays.com\/no\/wp-json\/wp\/v2\/posts\/89234","targetHints":{"allow":["GET"]}}],"collection":[{"href":"https:\/\/www.europesays.com\/no\/wp-json\/wp\/v2\/posts"}],"about":[{"href":"https:\/\/www.europesays.com\/no\/wp-json\/wp\/v2\/types\/post"}],"author":[{"embeddable":true,"href":"https:\/\/www.europesays.com\/no\/wp-json\/wp\/v2\/users\/2"}],"replies":[{"embeddable":true,"href":"https:\/\/www.europesays.com\/no\/wp-json\/wp\/v2\/comments?post=89234"}],"version-history":[{"count":0,"href":"https:\/\/www.europesays.com\/no\/wp-json\/wp\/v2\/posts\/89234\/revisions"}],"wp:featuredmedia":[{"embeddable":true,"href":"https:\/\/www.europesays.com\/no\/wp-json\/wp\/v2\/media\/89235"}],"wp:attachment":[{"href":"https:\/\/www.europesays.com\/no\/wp-json\/wp\/v2\/media?parent=89234"}],"wp:term":[{"taxonomy":"category","embeddable":true,"href":"https:\/\/www.europesays.com\/no\/wp-json\/wp\/v2\/categories?post=89234"},{"taxonomy":"post_tag","embeddable":true,"href":"https:\/\/www.europesays.com\/no\/wp-json\/wp\/v2\/tags?post=89234"}],"curies":[{"name":"wp","href":"https:\/\/api.w.org\/{rel}","templated":true}]}}