{"id":89238,"date":"2025-11-17T11:52:43","date_gmt":"2025-11-17T11:52:43","guid":{"rendered":"https:\/\/www.europesays.com\/no\/89238\/"},"modified":"2025-11-17T11:52:43","modified_gmt":"2025-11-17T11:52:43","slug":"la-ut-falskt-stordalen-bilde","status":"publish","type":"post","link":"https:\/\/www.europesays.com\/no\/89238\/","title":{"rendered":"La ut falskt Stordalen-bilde"},"content":{"rendered":"<p class=\"kicker \" style=\"\">Oskar Westerlin:<\/p>\n<p>  Oskar Westerlin kommer med en ny melding om den angivelige Sveits-flyttingen, og deler samtidig et KI-generert bilde.<\/p>\n<p>\n    FULL FORVIRRING: Forrige uke meldte influenser Oskar Westerlin flytting til Sveits. Foto: Andreas Fadum \/ Se og H\u00f8r\n  <\/p>\n<p>Influenser Oskar Westerlin (27) deler i et innlegg i sosiale medier at han p\u00e5 vei tilbake til Norge &#8211; med et manipulert bilde.\u00a0<\/p>\n<p>&#8211; Langhelg i Sveits. Borte bra, men hjemme best, skriver han p\u00e5 Instagram.<\/p>\n<p>Overfor Dagbladet bekrefter Westerlin at han ikke skal bosette seg i Sveits.<\/p>\n<p>&#8211; Flytta ikke. Var i Sveits i helga, men tilbake n\u00e5, skriver han i en melding.<\/p>\n<p>27-\u00e5ringen har lagt ut et bilde hvor han sitter om bord i et fly. I bakgrunnen sitter hotellkongen Petter Stordalen.<\/p>\n<p>Overfor Dagbladet bekrefter hotellkjeden Strawberry Group at bildet er falskt.<\/p>\n<p>&#8211;\u00a0 Bildet er \u00e5penbart KI-generert og utover det har vi ingen kommentar til saken, sier pressekontakt i Strawberry, Trude Laberg, til Dagbladet. <\/p>\n<p>Det har ikke lyktes Dagbladet \u00e5 f\u00e5 en kommentar fra Petter Stordalen.<\/p>\n<p>I samme bildekarusell har 27-\u00e5ringen ogs\u00e5 delt et bilde av flere avisoppslag om den angivelige flyttingen.<\/p>\n<p>        MAAEMO: Oskar Westerlin forteller om date p\u00e5 Maaemo. Video: Silja Furset\/Nora Skavhaug.<\/p>\n<p>Gjennom helga har Westerlin delt en rekke bilder fra den sveitsiske byen Luzern. I skrivende stund st\u00e5r influenseren fortsatt registrert som utvandret til Sveits hos Folkeregisteret.<\/p>\n<p>Flyttebeskjeden skapte en rekke reaksjoner, og flere trodde at det hele kunne v\u00e6re et PR-stunt. Blant dem er stortingsrepresentant Simen Velle (24). <\/p>\n<p> &#8211; Det er jo en ung mann som har en historie med \u00e5 drive med PR-stunt. Det er kanskje greit \u00e5 ta noen forbehold her, sa Velle til\u00a0<a href=\"https:\/\/www.nrk.no\/norge\/oskar-westerlin-har-meldt-flytting-til-sveits-1.17649817\" rel=\"nofollow noopener\" target=\"_blank\">NRK<\/a>. <\/p>\n<p>    <a itemprop=\"url\" href=\"https:\/\/www.dagbladet.no\/kjendis\/reagerer-lukter-pr-stunt\/83843842\" rel=\"nofollow noopener\" target=\"_blank\"><\/p>\n<p>      <img loading=\"lazy\" decoding=\"async\" src=\"https:\/\/www.europesays.com\/no\/wp-content\/uploads\/2025\/11\/1763380363_324_83844156.webp\" width=\"980\" height=\"441\" title=\"Reagerer: - Lukter PR-stunt\" alt=\"\" class=\"lazyload\" style=\"--aspect-ratio-image: 2.22; \"\/><\/p>\n<p>        Reagerer: &#8211; Lukter PR-stunt<\/p>\n<p>    <\/a><\/p>\n<p>Dagbladet m\u00f8tte Westerlins kompis og \u00abGutta\u00bb-kollega Henrik Viken onsdag forrige uke. Han fortalte p\u00e5 det tidspunktet at han ikke hadde snakket noe med kompisen om den mulige Sveits-flyttingen.\u00a0<\/p>\n<p> &#8211; Det blir trist, jeg har ikke snakket s\u00e5 mye med han. Jeg fikk ikke h\u00f8re noe p\u00e5 forh\u00e5nd eller etterp\u00e5. Man f\u00e5r sikkert dra ned \u00e5 bes\u00f8ke han, sa Viken til Dagbladet.<\/p>\n","protected":false},"excerpt":{"rendered":"Oskar Westerlin: Oskar Westerlin kommer med en ny melding om den angivelige Sveits-flyttingen, og deler samtidig et KI-generert&hellip;\n","protected":false},"author":2,"featured_media":89239,"comment_status":"","ping_status":"","sticky":false,"template":"","format":"standard","meta":{"footnotes":""},"categories":[5],"tags":[20,21,24,25,15,19,479,22,23,17,18,13,30,28,29,14,2550,16,26,27],"class_list":{"0":"post-89238","1":"post","2":"type-post","3":"status-publish","4":"format-standard","5":"has-post-thumbnail","7":"category-overskrifter","8":"tag-breaking-news","9":"tag-breakingnews","10":"tag-featured-news","11":"tag-featurednews","12":"tag-headlines","13":"tag-hovedoppslag","14":"tag-kjendis","15":"tag-latest-news","16":"tag-latestnews","17":"tag-main-news","18":"tag-mainnews","19":"tag-news","20":"tag-no","21":"tag-norge","22":"tag-norway","23":"tag-nyheter","24":"tag-oskar-westerlin","25":"tag-overskrifter","26":"tag-top-stories","27":"tag-topstories"},"share_on_mastodon":{"url":"https:\/\/pubeurope.com\/@no\/115564900960057467","error":""},"_links":{"self":[{"href":"https:\/\/www.europesays.com\/no\/wp-json\/wp\/v2\/posts\/89238","targetHints":{"allow":["GET"]}}],"collection":[{"href":"https:\/\/www.europesays.com\/no\/wp-json\/wp\/v2\/posts"}],"about":[{"href":"https:\/\/www.europesays.com\/no\/wp-json\/wp\/v2\/types\/post"}],"author":[{"embeddable":true,"href":"https:\/\/www.europesays.com\/no\/wp-json\/wp\/v2\/users\/2"}],"replies":[{"embeddable":true,"href":"https:\/\/www.europesays.com\/no\/wp-json\/wp\/v2\/comments?post=89238"}],"version-history":[{"count":0,"href":"https:\/\/www.europesays.com\/no\/wp-json\/wp\/v2\/posts\/89238\/revisions"}],"wp:featuredmedia":[{"embeddable":true,"href":"https:\/\/www.europesays.com\/no\/wp-json\/wp\/v2\/media\/89239"}],"wp:attachment":[{"href":"https:\/\/www.europesays.com\/no\/wp-json\/wp\/v2\/media?parent=89238"}],"wp:term":[{"taxonomy":"category","embeddable":true,"href":"https:\/\/www.europesays.com\/no\/wp-json\/wp\/v2\/categories?post=89238"},{"taxonomy":"post_tag","embeddable":true,"href":"https:\/\/www.europesays.com\/no\/wp-json\/wp\/v2\/tags?post=89238"}],"curies":[{"name":"wp","href":"https:\/\/api.w.org\/{rel}","templated":true}]}}