{"id":89244,"date":"2025-11-17T12:00:09","date_gmt":"2025-11-17T12:00:09","guid":{"rendered":"https:\/\/www.europesays.com\/no\/89244\/"},"modified":"2025-11-17T12:00:09","modified_gmt":"2025-11-17T12:00:09","slug":"tromsoskolen-kommuneokonomi-vi-sparer-oss-til-samfunnskollaps-nordnorsk-debatt","status":"publish","type":"post","link":"https:\/\/www.europesays.com\/no\/89244\/","title":{"rendered":"Troms\u00f8skolen, Kommune\u00f8konomi | Vi sparer oss til samfunnskollaps &#8211; Nordnorsk debatt"},"content":{"rendered":"<ol>\n<li><a href=\"https:\/\/news.google.com\/rss\/articles\/CBMihgFBVV95cUxQUjlHUTROOHNTSjhHVGxXV3paRnlwQ2dpTVUxM05jaDJmdjdHUW9ZaWFVRlFkMXYyZVY0RzMxQVUwNTJyZ1BITUtqS2MzdlhDZzIwcFN5MkJEWVNGZjdEMTE1NXUydGg3dnJ3SmhZcENtTnRYNm1rU1JMYUdVd0FFT0pSRzlHZw?oc=5\" target=\"_blank\" rel=\"nofollow noopener\">Troms\u00f8skolen, Kommune\u00f8konomi | Vi sparer oss til samfunnskollaps<\/a>&nbsp;&nbsp;Nordnorsk debatt<\/li>\n<li><a href=\"https:\/\/news.google.com\/rss\/articles\/CBMif0FVX3lxTE1ZaEpUaTVzc1FUVDNWRWFrYTRubnFEeVF4bGhnN1hZeTdrQVRlOGlzeml5LVVQZC1FeHFxQUdZVlBJZWZDNlRZaGZKY1g0RnNNdUh3c1VFWV9CVUF2QjdiRjhpMEhmaEdJTzZFZ2E5TFNQSzRENXpTM3E3WC1XaWc?oc=5\" target=\"_blank\" rel=\"nofollow noopener\">(+) Kutt p\u00e5 vedlikehold: \u2013 Ikke b\u00e6rekraftig<\/a>&nbsp;&nbsp;vol.no<\/li>\n<li><a href=\"https:\/\/news.google.com\/rss\/articles\/CBMib0FVX3lxTE9QWHg4QmxNTjc0aUFSa1FKclRPMGVxaC02WXlDMG5EWTZlSmhfb1N2Z0Rpc2p3YktOa29SVGlGSVFEUERjdWtiZ2M2WFF6RnZzYloxc25fNmVRbk8zQ0Q3QXMxd0lRSjlaN3VyNWdyRQ?oc=5\" target=\"_blank\" rel=\"nofollow noopener\">\u2013 Vi bryter lovverk og antallet unge uf\u00f8re vil \u00f8ke<\/a>&nbsp;&nbsp;gat.no<\/li>\n<li><a href=\"https:\/\/news.google.com\/rss\/articles\/CBMiqAFBVV95cUxNd0h4VExsSUwwV3JuOW5DaXRGM3dId2VXMnRHS0VSMW84SFBXbC1OZVpsVVJoU3k5c2xBX2ZNWXpndmx6b09CQjlzT3JGQnVWMUZhcUhaSDY2STN4WWJhdlB5aGVxWWVoNnpzTHJ0NEZ1R0hvamxpdzlwcy0tRjZhb1paeEFDODRKVS1OTmVRMUlyek5rRjh6RDA5OGNMQXdHbVU4OXZvMGI?oc=5\" target=\"_blank\" rel=\"nofollow noopener\">Debatt, Nyheter | Nesodden: Et budsjett for \u00f8kte forskjeller og reduserte kommunale tilbud<\/a>&nbsp;&nbsp;Akershus Amtstidende<\/li>\n<li><a href=\"https:\/\/news.google.com\/rss\/articles\/CBMikgFBVV95cUxQcE1qc2RXRldKczJkUmI1Mkk4VjlWSkhDRF9CRWpMZnY2NFR1Wnk4NTNuT0lmdjhKVTlUeGtiV3ZlLUt2Z011cUx0eUdNdHlmUGxCN1ppM0ZiZFN1RUQ5VmFGZDJnZk1vNUdBZEM0b0VQSlo2TEozWXF0d2g5a3lad1FkbHc2RlFMZ3JxWjFHUmlJUQ?oc=5\" target=\"_blank\" rel=\"nofollow noopener\">FAU om budsjettet: \u2013 Det er ikke p\u00e5 barna vi skal spare<\/a>&nbsp;&nbsp;lp.no<\/li>\n<\/ol>\n","protected":false},"excerpt":{"rendered":"Troms\u00f8skolen, Kommune\u00f8konomi | Vi sparer oss til samfunnskollaps&nbsp;&nbsp;Nordnorsk debatt (+) Kutt p\u00e5 vedlikehold: \u2013 Ikke b\u00e6rekraftig&nbsp;&nbsp;vol.no \u2013 Vi&hellip;\n","protected":false},"author":2,"featured_media":89245,"comment_status":"","ping_status":"","sticky":false,"template":"","format":"standard","meta":{"footnotes":"","_share_on_mastodon":"0"},"categories":[10],"tags":[36,11776,20,21,24,25,15,806,22,23,13,30,28,29,14,1533,16,11777,11778,26,27,1424,11775],"class_list":["post-89244","post","type-post","status-publish","format-standard","has-post-thumbnail","category-norge","tag-art","tag-barn-med-diagnoser","tag-breaking-news","tag-breakingnews","tag-featured-news","tag-featurednews","tag-headlines","tag-kommuneokonomi","tag-latest-news","tag-latestnews","tag-news","tag-no","tag-norge","tag-norway","tag-nyheter","tag-opinion","tag-overskrifter","tag-skolekutt","tag-skoleokonomi","tag-top-stories","tag-topstories","tag-tromso-kommune","tag-tromsoskolen"],"share_on_mastodon":{"url":"https:\/\/pubeurope.com\/@no\/115564932117803144","error":""},"_links":{"self":[{"href":"https:\/\/www.europesays.com\/no\/wp-json\/wp\/v2\/posts\/89244","targetHints":{"allow":["GET"]}}],"collection":[{"href":"https:\/\/www.europesays.com\/no\/wp-json\/wp\/v2\/posts"}],"about":[{"href":"https:\/\/www.europesays.com\/no\/wp-json\/wp\/v2\/types\/post"}],"author":[{"embeddable":true,"href":"https:\/\/www.europesays.com\/no\/wp-json\/wp\/v2\/users\/2"}],"replies":[{"embeddable":true,"href":"https:\/\/www.europesays.com\/no\/wp-json\/wp\/v2\/comments?post=89244"}],"version-history":[{"count":0,"href":"https:\/\/www.europesays.com\/no\/wp-json\/wp\/v2\/posts\/89244\/revisions"}],"wp:featuredmedia":[{"embeddable":true,"href":"https:\/\/www.europesays.com\/no\/wp-json\/wp\/v2\/media\/89245"}],"wp:attachment":[{"href":"https:\/\/www.europesays.com\/no\/wp-json\/wp\/v2\/media?parent=89244"}],"wp:term":[{"taxonomy":"category","embeddable":true,"href":"https:\/\/www.europesays.com\/no\/wp-json\/wp\/v2\/categories?post=89244"},{"taxonomy":"post_tag","embeddable":true,"href":"https:\/\/www.europesays.com\/no\/wp-json\/wp\/v2\/tags?post=89244"}],"curies":[{"name":"wp","href":"https:\/\/api.w.org\/{rel}","templated":true}]}}