{"id":89270,"date":"2025-11-17T12:33:09","date_gmt":"2025-11-17T12:33:09","guid":{"rendered":"https:\/\/www.europesays.com\/no\/89270\/"},"modified":"2025-11-17T12:33:09","modified_gmt":"2025-11-17T12:33:09","slug":"trafikk-veg-to-vogntog-star-fast-pa-fylkesveg","status":"publish","type":"post","link":"https:\/\/www.europesays.com\/no\/89270\/","title":{"rendered":"Trafikk, Veg | To vogntog st\u00e5r fast p\u00e5 fylkesveg"},"content":{"rendered":"\n<p>Operasjonssentralen i Vest politidistrikt melder klokka 11.14 om at politiet er p\u00e5 veg til Bremanger, etter \u00e5 ha blitt varsla om at to vogntog st\u00e5r fast.<\/p>\n<p>Desse skal st\u00e5 om lag 300 meter s\u00f8r for Magnhildskartunnelen p\u00e5 fv. 614.<\/p>\n<p>Det er bratt stigning p\u00e5 staden, og det vert opplyst at br\u00f8ytebil ikkje kjem seg forbi. Vegtrafikksentralen Vest skal vere varsla.<\/p>\n<p>Operasjonsleiar Steinar Hausvik fortel til Firda at politipatruljen er framme p\u00e5 staden, og at dei melder at det er glatt og d\u00e5rlege k\u00f8yreforhold p\u00e5 staden.<\/p>\n<p>Hausvik fortel at det eine vogntoget er opplyst \u00e5 vere utanlandsk. Om dette gjelde dei begge, er han ikkje kjent med.<\/p>\n<p>\u2013 Korleis er trafikken p\u00e5verka? Og vert det jobba p\u00e5 staden med \u00e5 legge kjettingar, eller er det behov for st\u00f8rre bilberging?<\/p>\n<p>\u2013 Det veit vi per no ikkje. Patruljen har akkurat komme fram p\u00e5 staden, fortel Hausvik.<\/p>\n<p>Bilbergar m\u00e5 ogs\u00e5 legge p\u00e5 kjetting<\/p>\n<p>Vegen er stengd for k\u00f8yret\u00f8y st\u00f8rre enn 7,5 tonn.<\/p>\n<p>Klokka 11.49 skal bilbergar vere p\u00e5 veg til staden.<\/p>\n<p>Trafikkoperat\u00f8r Ken Ove Holm ved Vegtrafikksentralen Vest fortel at bilbergar er rekvirert fr\u00e5 Nordfjordeid. Sist melding fr\u00e5 bilbergaren kom klokka 12.10, og d\u00e5 melde sj\u00e5f\u00f8ren \u00e5 vere om lag 20 minutt unna staden.<\/p>\n<p>Men trafikkoperat\u00f8r Holm nemner noko som ytterlegare skildrar korleis k\u00f8yreforholda p\u00e5 staden:<\/p>\n<p>\u2013 Han m\u00e5 sj\u00f8lv legge p\u00e5 kjetting f\u00f8rst.<\/p>\n<p>K\u00f8yreforholda forverra<\/p>\n<p>Trafikkoperat\u00f8ren er ikkje kjent med om det er begge eller \u00e9itt av vogntoga som treng berging.<\/p>\n<p>\u2013 Eg har ikkje dei detaljane, anna enn at begge er opplyst \u00e5 vere d\u00e5rleg skodd.<\/p>\n<p>Holm fortel vidare at k\u00f8yreforholda p\u00e5 staden har blitt ytterlegare forverra, ettersom at br\u00f8ytebil ikkje har kunne passere grunna dei to vogntoga.<\/p>\n<p><b>Firda oppdaterer saka.<\/b><\/p>\n","protected":false},"excerpt":{"rendered":"Operasjonssentralen i Vest politidistrikt melder klokka 11.14 om at politiet er p\u00e5 veg til Bremanger, etter \u00e5 ha&hellip;\n","protected":false},"author":2,"featured_media":89271,"comment_status":"","ping_status":"","sticky":false,"template":"","format":"standard","meta":{"footnotes":""},"categories":[10],"tags":[36,20,21,1585,24,25,15,22,23,13,30,28,29,14,16,1510,26,27,224,8402],"class_list":{"0":"post-89270","1":"post","2":"type-post","3":"status-publish","4":"format-standard","5":"has-post-thumbnail","7":"category-norge","8":"tag-art","9":"tag-breaking-news","10":"tag-breakingnews","11":"tag-bremanger","12":"tag-featured-news","13":"tag-featurednews","14":"tag-headlines","15":"tag-latest-news","16":"tag-latestnews","17":"tag-news","18":"tag-no","19":"tag-norge","20":"tag-norway","21":"tag-nyheter","22":"tag-overskrifter","23":"tag-story","24":"tag-top-stories","25":"tag-topstories","26":"tag-trafikk","27":"tag-veg"},"share_on_mastodon":{"url":"https:\/\/pubeurope.com\/@no\/115565061949802871","error":""},"_links":{"self":[{"href":"https:\/\/www.europesays.com\/no\/wp-json\/wp\/v2\/posts\/89270","targetHints":{"allow":["GET"]}}],"collection":[{"href":"https:\/\/www.europesays.com\/no\/wp-json\/wp\/v2\/posts"}],"about":[{"href":"https:\/\/www.europesays.com\/no\/wp-json\/wp\/v2\/types\/post"}],"author":[{"embeddable":true,"href":"https:\/\/www.europesays.com\/no\/wp-json\/wp\/v2\/users\/2"}],"replies":[{"embeddable":true,"href":"https:\/\/www.europesays.com\/no\/wp-json\/wp\/v2\/comments?post=89270"}],"version-history":[{"count":0,"href":"https:\/\/www.europesays.com\/no\/wp-json\/wp\/v2\/posts\/89270\/revisions"}],"wp:featuredmedia":[{"embeddable":true,"href":"https:\/\/www.europesays.com\/no\/wp-json\/wp\/v2\/media\/89271"}],"wp:attachment":[{"href":"https:\/\/www.europesays.com\/no\/wp-json\/wp\/v2\/media?parent=89270"}],"wp:term":[{"taxonomy":"category","embeddable":true,"href":"https:\/\/www.europesays.com\/no\/wp-json\/wp\/v2\/categories?post=89270"},{"taxonomy":"post_tag","embeddable":true,"href":"https:\/\/www.europesays.com\/no\/wp-json\/wp\/v2\/tags?post=89270"}],"curies":[{"name":"wp","href":"https:\/\/api.w.org\/{rel}","templated":true}]}}