{"id":89311,"date":"2025-11-17T13:29:51","date_gmt":"2025-11-17T13:29:51","guid":{"rendered":"https:\/\/www.europesays.com\/no\/89311\/"},"modified":"2025-11-17T13:29:51","modified_gmt":"2025-11-17T13:29:51","slug":"zara-hylles-og-slaktes-de-samme-kjedelige-klaerne-og-det-samme-tapelige-konseptet","status":"publish","type":"post","link":"https:\/\/www.europesays.com\/no\/89311\/","title":{"rendered":"Zara hylles og slaktes: \u2013 De samme kjedelige kl\u00e6rne og det samme t\u00e5pelige konseptet"},"content":{"rendered":"\n<p>(<a href=\"https:\/\/www.ba.no\/zara-slakt-de-samme-kjedelige-klarne-og-det-samme-tapelige-konseptet\/s\/5-8-3219831\" rel=\"Follow nofollow noopener\" target=\"_blank\">Bergensavisen<\/a>): Det var fullt kok p\u00e5 Lagunen Storsenter, et kj\u00f8pesenter i bydelen Fana i Bergen, da klesbutikken Zara \u00e5pner d\u00f8rene torsdag formiddag.<\/p>\n<p><a href=\"https:\/\/www.ba.no\/torsdag-apner-zara-pa-lagunen\/s\/5-8-3216780\" rel=\"Follow nofollow noopener\" target=\"_blank\">Storsenteret har i ni \u00e5r fors\u00f8kt \u00e5 f\u00e5 den spanske kleskjeden til senteret. <\/a>N\u00e5 f\u00e5r Zara-fansen det de lenge har ventet p\u00e5.<\/p>\n<p>\u2013 Jeg er veldig forn\u00f8yd med kl\u00e6rne. De har fin stil, og du finner alt du trenger. Samtidig er det ikke veldig dyrt. Det er bra folk f\u00e5r mulighet til \u00e5 kj\u00f8pe rimelige kl\u00e6r, sa Sara Habeeb, som var en av de aller f\u00f8rste kundene i butikken torsdag.<\/p>\n<p><b>Les ogs\u00e5: <a href=\"https:\/\/www.nettavisen.no\/5-95-2724953\" rel=\"nofollow noopener\" target=\"_blank\">SSB innr\u00f8mmer stor feil: Har beregnet Norgespris feil<\/a><\/b><\/p>\n<p>   <img decoding=\"async\" width=\"1200\" height=\"800\" fetchpriority=\"low\"  loading=\"lazy\"  src=\"https:\/\/www.europesays.com\/no\/wp-content\/uploads\/2025\/11\/zara.jpg\" alt=\"\" class=\"brick-c-cFOWSL\" style=\"--brick-image-ratio: 1200 \/ 800;\"\/><\/p>\n<p>      Fra venstre: Sunniva S. Olsen, Hadja Habeeb og Sara Habeeb<br \/>\n      Foto: Eirik Hages\u00e6ter\n    <\/p>\n<p>Men ikke alle er like begeistret. For hva er egentlig greien med Zara som gj\u00f8r at sv\u00e6rt mange har gledet seg til den spanske giganten \u00e5pner i byen?<\/p>\n<p><b>Les ogs\u00e5: <a href=\"https:\/\/www.nettavisen.no\/5-95-2716060\" rel=\"nofollow noopener\" target=\"_blank\">Stjernesmell for Rema: \u2013 De ansatte skammer seg<\/a><\/b><\/p>\n<p>\u2013 Ganske like konsepter<\/p>\n<p>Klesforsker Ingun Grimstad Klepp tror svaret ligger i markedsf\u00f8ringen.<\/p>\n<p>Hun er professor i kl\u00e6r og b\u00e6rekraft ved OsloMet og har forsket mye p\u00e5 s\u00e5kalt fast fashion.<\/p>\n<p>\u2013 En del av dette handler om tilgjengelighet. Zara og H &amp; M er ganske like konsepter. Men mens vi har en H &amp; M-butikk p\u00e5 hvert kj\u00f8pesenter i landet, har Zara har blitt en butikk mange har reist langt for \u00e5 bes\u00f8ke, som det er f\u00e5 av i Norge. N\u00e5r den da kommer til Lagunen, s\u00e5 blir det fort en opphausset stemning, sier hun.<\/p>\n<p><b>Les ogs\u00e5: <a href=\"https:\/\/www.nettavisen.no\/5-95-2720443\" rel=\"nofollow noopener\" target=\"_blank\">Raser mot NRK-profil: \u2013 N\u00e5 er det faen meg nok<\/a><\/b><\/p>\n<p>I praksis like<\/p>\n<p>For egentlig mener klesforskeren det ikke er noen nevneverdig forskjell p\u00e5 de to kleskonseptene.<\/p>\n<p>\u2013 Jeg tror ikke det er noen vesensforskjell p\u00e5 H &amp; M og Zara. Uten \u00e5 ha studert kl\u00e6rne i detalj, s\u00e5 er det to akt\u00f8rer som f\u00e5r frem masseproduserte, ensartede kl\u00e6r. Det er de samme kjedelige kl\u00e6rne og de samme t\u00e5pelige konseptene, sier hun.<\/p>\n<p>BA har bedt Zara om \u00e5 kommentere p\u00e5standene i denne saken. Ved butikken p\u00e5 Lagunen f\u00e5r vi til svar at ledelsen, ved Norden-sjef Eirik Steen, ikke har anledning til \u00e5 gi noe intervju.<\/p>\n<p><b>Les ogs\u00e5: <a href=\"https:\/\/www.nettavisen.no\/5-95-2718821\" rel=\"nofollow noopener\" target=\"_blank\">Bompengegigant dobler m\u00e5nedsprisen<\/a><\/b><\/p>\n<p>   <img decoding=\"async\" width=\"4128\" height=\"2752\" fetchpriority=\"low\"  loading=\"lazy\"  src=\"https:\/\/www.europesays.com\/no\/wp-content\/uploads\/2025\/11\/Butikkpning+Lagunen+-+uredigert+bilde_1.bin\" alt=\"\" class=\"brick-c-cFOWSL\" style=\"--brick-image-ratio: 4128 \/ 2752;\"\/><\/p>\n<p>      \u2013 Beklager, v\u00e5r policy er at presseavdelingen tar seg av all kommunikasjon med media, svarer Norden-sjef Eirik Steen h\u00f8flig. Han var til stede under Lagunen-\u00e5pningen sammen med en stor, internasjonal stab.<br \/>\n      Foto: EIRIK HAGES\u00c6TER\n    <\/p>\n<p>\u2013 Handler du p\u00e5 Zara selv? <\/p>\n<p>\u2013 Er jeg p\u00e5 reise og trenger en ny str\u00f8mpebukse s\u00e5 kan det v\u00e6re. Men ellers m\u00e5 det helst v\u00e6re av faglig interesse at jeg tar turen innom en Zara-butikk, ikke for \u00e5 kj\u00f8pe kl\u00e6rne, sier Klepp.<\/p>\n<p>N\u00e5r dette er sagt, s\u00e5 vil hun ikke laste dagens ungdom for at de g\u00e5r av hengslene n\u00e5r et nytt Zara-konsept kommer til byen.<\/p>\n<p>\u2013 Jeg tror 15-\u00e5ringer p\u00e5 Lagunen gjerne har lyst \u00e5 hausse opp stemningen helt generelt. Da skal det ikke engang verdens klokeste markedsf\u00f8ring til for \u00e5 f\u00e5 det til \u00e5 skje. Dersom ungdom har det g\u00f8y s\u00e5 b\u00f8r vil la de f\u00e5 ha det, og ikke legge p\u00e5 deres skuldre \u00e5 l\u00f8se de enorme problemene vi har med overproduksjon av kl\u00e6r.<\/p>\n<p>   <img decoding=\"async\" width=\"4128\" height=\"2752\" fetchpriority=\"low\"  loading=\"lazy\"  src=\"https:\/\/www.europesays.com\/no\/wp-content\/uploads\/2025\/11\/Butikkpning+Lagunen+-+uredigert+bilde.bin\" alt=\"\" class=\"brick-c-cFOWSL\" style=\"--brick-image-ratio: 4128 \/ 2752;\"\/><\/p>\n<p>      De to som kanskje var mest forn\u00f8yde med Zara-\u00e5pningen av Lagunen-sjefene Tone Havneraas og Knut Eliassen.<br \/>\n      Foto: EIRIK HAGES\u00c6TER\n    <\/p>\n<p>  Blir ikke bedre<\/p>\n<p>Som klesforsker har hun jobbet mye med reguleringer som skal gj\u00f8re den forurensende klesindustrien mer b\u00e6rekraftig.<\/p>\n<p>\u2013 Blir konsepter som Zara bedre p\u00e5 b\u00e6rekraft? <\/p>\n<p>\u2013 Nei, og det kan de ikke. For den eneste m\u00e5ten det kan skje p\u00e5, er \u00e5 f\u00e5 ned volumene. Og produserer de mindre, s\u00e5 kommer bare en annen akt\u00f8r og \u00f8ker volumet. Slik jeg ser det kan ikke bedriftene l\u00f8se disse problemene selv, de m\u00e5 ha hjelp av reguleringer, sier hun.<\/p>\n<p>\u2013 Hva med oss forbrukere? Blir vi bedre p\u00e5 \u00e5 tenke gjenbruk og \u00e5 ta vare p\u00e5 kl\u00e6r?<\/p>\n<p>\u2013 Det er en \u00f8kende trend om \u00e5 snakke om det, og det har ogs\u00e5 v\u00e6rt en gjenbrukstrend. Problemet er at jo mer kl\u00e6r vi kj\u00f8per, jo mer kaster vi. Og n\u00e5r kleshaugene \u00f8ker blir det som kastes ofte nesten ikke slitt. Vi har store lagre av kl\u00e6r i de tusen hjem i Norge, og mange har ogs\u00e5 store nok hus til \u00e5 ha en stor beholdning, sier hun.<\/p>\n<p>   <img decoding=\"async\" width=\"4128\" height=\"2752\" fetchpriority=\"low\"  loading=\"lazy\"  src=\"https:\/\/www.europesays.com\/no\/wp-content\/uploads\/2025\/11\/EH8_5696.jpg\" alt=\"\u00c5pning av Zara p\u00e5 Lagunen Storsenter. &#10;&#10;\" class=\"brick-c-cFOWSL\" style=\"--brick-image-ratio: 4128 \/ 2752;\"\/><\/p>\n<p>      Lang k\u00f8 f\u00f8r \u00e5pning av Zara p\u00e5 Lagunen Storsenter.<br \/>\n      Foto: EIRIK HAGES\u00c6TER\n    <\/p>\n<p>  Derfor liker de Zara<\/p>\n<p>Men kundene prater villig vekk.<\/p>\n<p><a href=\"https:\/\/www.ba.no\/her-strommer-folk-til-for-a-oppleve-zara-som-er-lagunens-nye-trekkplaster\/s\/5-8-3220760\" rel=\"Follow nofollow noopener\" target=\"_blank\">Sara Habeeb og Hajer Habeeb var aller fremst i k\u00f8en da den spanske motegiganten \u00e5pnet d\u00f8rene. <\/a><\/p>\n<p>\u2013 Vi var her klokken halv \u00e5tte. Vi ville gjerne v\u00e6re f\u00f8rst, sier Hajer.<\/p>\n<p>BA sp\u00f8r s\u00f8strene hva som gj\u00f8r at de liker Zara.<\/p>\n<p>\u2013 Jeg er veldig forn\u00f8yd, og datteren min har brukt kl\u00e6rne siden hun var baby. Hun er 15 \u00e5r i dag, sier Sara.<\/p>\n<p><b>Etter \u00e5 ha tatt en runde er konklusjonen fra klesentusiasten denne: <\/b><\/p>\n<p><b>\u2013 En veldig fin butikk, akkurat slik vi h\u00e5pet. N\u00e5 skal vi finne oss noe \u00e5 spise f\u00f8r vi handler videre!<\/b><\/p>\n<p>Fagforeningsleder: \u2013 Ugreit med deltid<\/p>\n<p><a href=\"https:\/\/www.ba.no\/zara-soker-etter-folk-som-skal-jobbe-i-den-nye-butikken-pa-lagunen-i-bergen-men-vil-ikke-si-hvor-mange\/s\/5-8-3165704\" rel=\"Follow nofollow noopener\" target=\"_blank\">BA har tidligere ansl\u00e5tt at Zara vil ansette minst 100 personer i forbindelse med \u00e5pningen av sin nye butikk. I den forbindelse er flere deltidsstillinger lyst ut.<\/a><\/p>\n<p>Etter hva vi erfarer er det s\u00e5 langt ansatt rundt 60 medarbeidere p\u00e5 Lagunen.<\/p>\n<p>Regionleder Espen Berntsen i Handel og Kontor frykter at Zara vil gj\u00f8re bruk av mange deltidsarbeidere i Bergen.<\/p>\n<p>\u2013 Det er veldig fint at studenter og unge folk kan spe p\u00e5 litt ekstra, og i helger og noen kvelder, men 20\u201340 prosent er ikke grunnmuren i norsk arbeidsliv. De kommer i tillegg, sier Berntsen til BA.<\/p>\n<p>Fagbladet HK Nytt har tidligere omtalt at Zara lyste ut 45 deltidsstillinger ved sine filialer i Stavanger, Kristiansand, Sandvika og Karl Johan.<\/p>\n<p>Berntsen oppfordrer p\u00e5 generelt grunnlag ledelsen i den spanske kleskjeden til \u00e5 f\u00f8lge den norske modellen, som er \u00e5 ansette i faste stillinger.<\/p>\n<p>Fagforeningen sl\u00e5r fast at de faste, fulle stillingene m\u00e5 v\u00e6re normen for \u00e5 opprettholde et stabilt og rettferdig arbeidsliv.<\/p>\n","protected":false},"excerpt":{"rendered":"(Bergensavisen): Det var fullt kok p\u00e5 Lagunen Storsenter, et kj\u00f8pesenter i bydelen Fana i Bergen, da klesbutikken Zara&hellip;\n","protected":false},"author":2,"featured_media":85997,"comment_status":"","ping_status":"","sticky":false,"template":"","format":"standard","meta":{"footnotes":""},"categories":[56],"tags":[60,61,62,30,28,29],"class_list":{"0":"post-89311","1":"post","2":"type-post","3":"status-publish","4":"format-standard","5":"has-post-thumbnail","7":"category-naeringsliv","8":"tag-business","9":"tag-economy","10":"tag-naeringsliv","11":"tag-no","12":"tag-norge","13":"tag-norway"},"share_on_mastodon":{"url":"https:\/\/pubeurope.com\/@no\/115565286410843519","error":""},"_links":{"self":[{"href":"https:\/\/www.europesays.com\/no\/wp-json\/wp\/v2\/posts\/89311","targetHints":{"allow":["GET"]}}],"collection":[{"href":"https:\/\/www.europesays.com\/no\/wp-json\/wp\/v2\/posts"}],"about":[{"href":"https:\/\/www.europesays.com\/no\/wp-json\/wp\/v2\/types\/post"}],"author":[{"embeddable":true,"href":"https:\/\/www.europesays.com\/no\/wp-json\/wp\/v2\/users\/2"}],"replies":[{"embeddable":true,"href":"https:\/\/www.europesays.com\/no\/wp-json\/wp\/v2\/comments?post=89311"}],"version-history":[{"count":0,"href":"https:\/\/www.europesays.com\/no\/wp-json\/wp\/v2\/posts\/89311\/revisions"}],"wp:featuredmedia":[{"embeddable":true,"href":"https:\/\/www.europesays.com\/no\/wp-json\/wp\/v2\/media\/85997"}],"wp:attachment":[{"href":"https:\/\/www.europesays.com\/no\/wp-json\/wp\/v2\/media?parent=89311"}],"wp:term":[{"taxonomy":"category","embeddable":true,"href":"https:\/\/www.europesays.com\/no\/wp-json\/wp\/v2\/categories?post=89311"},{"taxonomy":"post_tag","embeddable":true,"href":"https:\/\/www.europesays.com\/no\/wp-json\/wp\/v2\/tags?post=89311"}],"curies":[{"name":"wp","href":"https:\/\/api.w.org\/{rel}","templated":true}]}}