{"id":89325,"date":"2025-11-17T13:45:37","date_gmt":"2025-11-17T13:45:37","guid":{"rendered":"https:\/\/www.europesays.com\/no\/89325\/"},"modified":"2025-11-17T13:45:37","modified_gmt":"2025-11-17T13:45:37","slug":"de-er-innstilt-til-stor-kontrakt-pa-nye-aker-sykehus","status":"publish","type":"post","link":"https:\/\/www.europesays.com\/no\/89325\/","title":{"rendered":"De er innstilt til stor kontrakt p\u00e5 Nye Aker sykehus"},"content":{"rendered":"<p>\n        Illustrasjon: Helse S\u00f8r-\u00d8st og TeamAker<\/p>\n<p>    AF Energi er innstilt til kontrakt med Helse S\u00f8r-\u00d8st RHF. Avtalen har en verdi p\u00e5 rundt 200 millioner kroner uten moms.\u00a0<\/p>\n<p>             Mange bedrifter har tegnet bedriftsavtale hos oss.<br \/>\n<br \/>\nDen l\u00f8sningen gir alle med e-post inneholdende bedriftens maildomene tilgang.<br \/>\n<br \/>\nLurer du p\u00e5 om din bedrift har en bedriftsl\u00f8sning?<br \/>\n<br \/>\nSend oss en mail, s\u00e5 sjekker vi det ut for deg.<\/p>\n<p>Andre sp\u00f8rsm\u00e5l? <a href=\"https:\/\/www.bygg.no\/af-energi-kontrakter\/de-er-innstilt-til-stor-kontrakt-pa-nye-aker-sykehus\/mailto:digital@bygg.no\" rel=\"nofollow noopener\" target=\"_blank\">Kontakt oss<\/a><\/p>\n","protected":false},"excerpt":{"rendered":"Illustrasjon: Helse S\u00f8r-\u00d8st og TeamAker AF Energi er innstilt til kontrakt med Helse S\u00f8r-\u00d8st RHF. Avtalen har en&hellip;\n","protected":false},"author":2,"featured_media":89326,"comment_status":"","ping_status":"","sticky":false,"template":"","format":"standard","meta":{"footnotes":""},"categories":[56],"tags":[60,61,62,30,28,29],"class_list":{"0":"post-89325","1":"post","2":"type-post","3":"status-publish","4":"format-standard","5":"has-post-thumbnail","7":"category-naeringsliv","8":"tag-business","9":"tag-economy","10":"tag-naeringsliv","11":"tag-no","12":"tag-norge","13":"tag-norway"},"share_on_mastodon":{"url":"https:\/\/pubeurope.com\/@no\/115565345041825062","error":""},"_links":{"self":[{"href":"https:\/\/www.europesays.com\/no\/wp-json\/wp\/v2\/posts\/89325","targetHints":{"allow":["GET"]}}],"collection":[{"href":"https:\/\/www.europesays.com\/no\/wp-json\/wp\/v2\/posts"}],"about":[{"href":"https:\/\/www.europesays.com\/no\/wp-json\/wp\/v2\/types\/post"}],"author":[{"embeddable":true,"href":"https:\/\/www.europesays.com\/no\/wp-json\/wp\/v2\/users\/2"}],"replies":[{"embeddable":true,"href":"https:\/\/www.europesays.com\/no\/wp-json\/wp\/v2\/comments?post=89325"}],"version-history":[{"count":0,"href":"https:\/\/www.europesays.com\/no\/wp-json\/wp\/v2\/posts\/89325\/revisions"}],"wp:featuredmedia":[{"embeddable":true,"href":"https:\/\/www.europesays.com\/no\/wp-json\/wp\/v2\/media\/89326"}],"wp:attachment":[{"href":"https:\/\/www.europesays.com\/no\/wp-json\/wp\/v2\/media?parent=89325"}],"wp:term":[{"taxonomy":"category","embeddable":true,"href":"https:\/\/www.europesays.com\/no\/wp-json\/wp\/v2\/categories?post=89325"},{"taxonomy":"post_tag","embeddable":true,"href":"https:\/\/www.europesays.com\/no\/wp-json\/wp\/v2\/tags?post=89325"}],"curies":[{"name":"wp","href":"https:\/\/api.w.org\/{rel}","templated":true}]}}