{"id":89432,"date":"2025-11-17T15:58:36","date_gmt":"2025-11-17T15:58:36","guid":{"rendered":"https:\/\/www.europesays.com\/no\/89432\/"},"modified":"2025-11-17T15:58:36","modified_gmt":"2025-11-17T15:58:36","slug":"slik-lever-putins-hemmelige-sonner-2","status":"publish","type":"post","link":"https:\/\/www.europesays.com\/no\/89432\/","title":{"rendered":"Slik lever Putins hemmelige s\u00f8nner"},"content":{"rendered":"<p>  De kalles Russlands mest hemmelige barn. Vladimir Putins s\u00f8nner lever if\u00f8lge kilder isolert og under konstant vakthold. Flere spor etter barna finnes i en stillingsannonse.<\/p>\n<p>\n    Det finnes f\u00e5 bilder av den russiske presidenten Vladimir Putin og den tidligere turneren Alina Kabajeva. Her fra en bankett i 2004. Foto: Itar-Tass \/ AP \/ NTB\n  <\/p>\n<p>En granskning fra det Kreml-kritiske mediet Dossier Center forteller om to s\u00f8nner som den russiske presidenten angivelig skal ha f\u00e5tt med en hemmelig kj\u00e6reste. <\/p>\n<p>Den tidligere toppidrettsut\u00f8veren Alina Kabajeva har lenge v\u00e6rt antatt \u00e5 v\u00e6re Putins kj\u00e6reste, uten at det noensinne har blitt bekreftet offentlig. V\u00e5ren 2015 begynte ryktene \u00e5 g\u00e5 om at Kabajeva hadde f\u00f8dt et barn p\u00e5 en privatklinikk i sveitsiske Lugano. P\u00e5standene ble raskt avvist av Kreml.<\/p>\n<p>Noen f\u00e5 \u00e5r senere kom det p\u00e5 nytt lignende rykter. Kabajevas andre s\u00f8nn skal ha blitt f\u00f8dt i Moskva v\u00e5ren 2019 med hjelp fra en tilreisende f\u00f8dselslege fra den samme klinikken. En bekjent av legen skal ha bekreftet til den sveitsiske avisa SonntagsZeitung at den russiske presidenten er faren til barnet.<\/p>\n<p>Beskyttet som spioner\t<\/p>\n<p>Dossier Center skal ha f\u00e5tt informasjon fra en person som jobber i presidentens bolig. Vedkommende kaller guttene for Ivan og Vladimir, men det finnes ingen spor etter guttene i statlige registre. <\/p>\n<p>          <img loading=\"lazy\" decoding=\"async\" src=\"https:\/\/www.europesays.com\/no\/wp-content\/uploads\/2025\/11\/83858095.webp\" width=\"980\" height=\"559\" title=\"Slik lever Putins hemmelige s\u00f8nner\" alt=\"\" class=\"\" style=\"--aspect-ratio-image: 1.75; \"\/><\/p>\n<p>De har angivelig samme type beskyttelse som russiske agenter.<\/p>\n<p>If\u00f8lge granskningen f\u00e5tt s\u00f8nnene undervisning av privatl\u00e6rere, og de m\u00f8ter knapt jevnaldrende barn. De lever under konstant bevoktning av den russiske sikkerhetstjenesten, og de reiser kun med privatfly, luksusyachter eller pansrede tog. <\/p>\n<p>        ANGREP: Her bruker Ukraina sin s\u00e5kalte Flamingo-rakett i et angrep mot russisk-okkuperte omr\u00e5der og m\u00e5l inne i Russland torsdag. Reporter: Jostein Sletten \/ Dagbladet<\/p>\n<p>Anonym stillingsannonse\t<\/p>\n<p>En formidler av barnepassere og privatl\u00e6rere som er kjent for \u00e5 rekruttere personale til oligarker og den russiske eliten, publiserte en stillingsannonse i 2024. Denne annonsen skal angivelig v\u00e6re for en engelskl\u00e6rer til de to guttene.<\/p>\n<p>\u2013 Familien lever isolert, het det i annonsen.<\/p>\n<p>    <a itemprop=\"url\" href=\"https:\/\/sol.no\/nyheter\/putin-og-netanyahu-har-snakket-sammen\/83857273\" rel=\"nofollow noopener\" target=\"_blank\"><\/p>\n<p>      <img loading=\"lazy\" decoding=\"async\" src=\"https:\/\/www.europesays.com\/no\/wp-content\/uploads\/2025\/11\/83857286.webp\" width=\"147\" height=\"109\" title=\"Putin og Netanyahu har snakket sammen\" alt=\"\" class=\"lazyload\" style=\"--aspect-ratio-image: 1.35; \"\/><\/p>\n<p>        Putin og Netanyahu har snakket sammen <\/p>\n<p>sol.no<\/p>\n<p>    <\/a><\/p>\n<p>Blant kravene var at s\u00f8keren m\u00e5tte v\u00e6re villig til \u00e5 gjennomg\u00e5 medisinske unders\u00f8kelser de f\u00f8rste ukene, og at man m\u00e5 jobbe i isolasjon, uten \u00e5 forlate arbeidsgivernes omr\u00e5de. <\/p>\n<p>Det var foretrukket en s\u00f8ker fra S\u00f8r-Afrika, som ogs\u00e5 er et av f\u00e5 engelskspr\u00e5klige land med vennlige b\u00e5nd til Russland. L\u00f8nnen l\u00e5 p\u00e5 over 85.000 kroner i m\u00e5neden, som er langt over en vanlig l\u00e6rerl\u00f8nn i Russland.<\/p>\n<p>To d\u00f8tre\t<\/p>\n<p>If\u00f8lge granskningen liker de to guttene Lego og Disney-filmer \u2013 til foreldrenes store ergrelse. De m\u00f8ter bare foreldrene sent om kvelden, og de m\u00f8ter sjeldent faren. <\/p>\n<p>Det er angivelig rene h\u00f8ytidsfeiringen hver gang de m\u00f8ter faren sin. Ved presidentens residens i Valdaj, som ligger halvveis mellom Moskva og St. Petersburg, skal Putin og den eldste s\u00f8nnen av og til spille ishockey sammen.<\/p>\n<p>Det er offentlig kjent at Putin har to d\u00f8tre, Maria (40) og Katarina (39), sammen med ekskona Ljudmila Otjeretnaja, som han ble skilt fra i 2014 etter \u00e5 ha v\u00e6rt gift i over 30 \u00e5r.<\/p>\n","protected":false},"excerpt":{"rendered":"De kalles Russlands mest hemmelige barn. Vladimir Putins s\u00f8nner lever if\u00f8lge kilder isolert og under konstant vakthold. Flere&hellip;\n","protected":false},"author":2,"featured_media":89433,"comment_status":"","ping_status":"","sticky":false,"template":"","format":"standard","meta":{"footnotes":""},"categories":[12],"tags":[20,21,24,25,15,22,23,13,30,28,29,14,16,26,27,42,43,44,45],"class_list":{"0":"post-89432","1":"post","2":"type-post","3":"status-publish","4":"format-standard","5":"has-post-thumbnail","7":"category-verden","8":"tag-breaking-news","9":"tag-breakingnews","10":"tag-featured-news","11":"tag-featurednews","12":"tag-headlines","13":"tag-latest-news","14":"tag-latestnews","15":"tag-news","16":"tag-no","17":"tag-norge","18":"tag-norway","19":"tag-nyheter","20":"tag-overskrifter","21":"tag-top-stories","22":"tag-topstories","23":"tag-verden","24":"tag-world","25":"tag-world-news","26":"tag-worldnews"},"share_on_mastodon":{"url":"https:\/\/pubeurope.com\/@no\/115565868284991399","error":""},"_links":{"self":[{"href":"https:\/\/www.europesays.com\/no\/wp-json\/wp\/v2\/posts\/89432","targetHints":{"allow":["GET"]}}],"collection":[{"href":"https:\/\/www.europesays.com\/no\/wp-json\/wp\/v2\/posts"}],"about":[{"href":"https:\/\/www.europesays.com\/no\/wp-json\/wp\/v2\/types\/post"}],"author":[{"embeddable":true,"href":"https:\/\/www.europesays.com\/no\/wp-json\/wp\/v2\/users\/2"}],"replies":[{"embeddable":true,"href":"https:\/\/www.europesays.com\/no\/wp-json\/wp\/v2\/comments?post=89432"}],"version-history":[{"count":0,"href":"https:\/\/www.europesays.com\/no\/wp-json\/wp\/v2\/posts\/89432\/revisions"}],"wp:featuredmedia":[{"embeddable":true,"href":"https:\/\/www.europesays.com\/no\/wp-json\/wp\/v2\/media\/89433"}],"wp:attachment":[{"href":"https:\/\/www.europesays.com\/no\/wp-json\/wp\/v2\/media?parent=89432"}],"wp:term":[{"taxonomy":"category","embeddable":true,"href":"https:\/\/www.europesays.com\/no\/wp-json\/wp\/v2\/categories?post=89432"},{"taxonomy":"post_tag","embeddable":true,"href":"https:\/\/www.europesays.com\/no\/wp-json\/wp\/v2\/tags?post=89432"}],"curies":[{"name":"wp","href":"https:\/\/api.w.org\/{rel}","templated":true}]}}