{"id":89468,"date":"2025-11-17T16:54:10","date_gmt":"2025-11-17T16:54:10","guid":{"rendered":"https:\/\/www.europesays.com\/no\/89468\/"},"modified":"2025-11-17T16:54:10","modified_gmt":"2025-11-17T16:54:10","slug":"louvre-galleri-stengt-som-folge-av-strukturell-svakhet","status":"publish","type":"post","link":"https:\/\/www.europesays.com\/no\/89468\/","title":{"rendered":"Louvre-galleri stengt som f\u00f8lge av strukturell svakhet"},"content":{"rendered":"\n<p class=\"_lead_o9xde_2 _lead_xtcu6_50 layout-component text-serif-m layout-normal text-serif-l layout-component layout-wide layout-padded _wide_17hqh_1 layout-padded\">Det verdenskjente Louvre-museet i Paris stenger ett av sine gallerier som f\u00f8lge av en strukturell svakhet i bygningsmassen.<\/p>\n<p><img alt=\"Folk i k\u00f8 utenfor Louvre i Paris.  Foto: Emma Da Silva \/ AP \/ NTB\" class=\"_image_qp4xg_65 layout-component layout-wide\" data-fullscreen- data-track-element-type=\"Article image fullscreen\" data-track-name=\"ImageFullscreen\" fetchpriority=\"high\" decoding=\"sync\" loading=\"eager\" height=\"5128\" itemprop=\"image\"  src=\"https:\/\/www.europesays.com\/no\/wp-content\/uploads\/2025\/11\/bee200e8-3a63-4892-b48d-0a5423ece514\"  style=\"object-position:0% 0%\" width=\"7693\"\/>Folk i k\u00f8 utenfor Louvre i Paris.  Foto: Emma Da Silva \/ AP \/ NTB<\/p>\n<ul aria-hidden=\"true\" class=\"_images_18f0k_111\">\n<li><a class=\"_link_18f0k_116\" href=\"https:\/\/www.vg.no\/forfatter\/ntb\" style=\"z-index:1\" title=\"NTB\" rel=\"nofollow noopener\" target=\"_blank\"><img alt=\"Bilde av NTB\" class=\"_image_18f0k_93\" fetchpriority=\"low\" loading=\"lazy\" decoding=\"async\" itemprop=\"image\"  src=\"https:\/\/www.europesays.com\/no\/wp-content\/uploads\/2025\/11\/1763398450_65_c33980b0-5d07-4027-84a1-813f90a7c8d6\"  width=\"480\"\/><\/a><\/li>\n<\/ul>\n<p> Oppdatert mandag 17. november kl. 17:01     <\/p>\n<p class=\"_paragraph_o9xde_4 _paragraph_xtcu6_10 layout-component text-serif-m layout-normal text-serif-m layout-padded\">Det dreier seg om problemer med bjelker i Campana-galleriet, som huser ni rom med antikk gresk keramikk. Der er det oppdaget svakheter i bjelker som st\u00f8tter opp om gulvet i andre etasje. <\/p>\n<p class=\"_paragraph_o9xde_4 _paragraph_xtcu6_10 layout-component text-serif-m layout-normal text-serif-m layout-padded\"> Galleriet blir holdt stengt mens det gj\u00f8res unders\u00f8kelser i svakhetene, opplyser <a href=\"https:\/\/presse.louvre.fr\/le-musee-du-louvre-annonce-la-fermeture-de-deux-etages-au-sein-du-quadrilatere-sully\/?lang=fr\" class=\"_link_o9xde_39\" rel=\"nofollow noopener\" target=\"_blank\">museet<\/a>. <\/p>\n<p class=\"_paragraph_o9xde_4 _paragraph_xtcu6_10 layout-component text-serif-m layout-normal text-serif-m layout-padded\">Stengningen gj\u00f8r at 65 ansatte ved museet m\u00e5 evakuere fra sine kontorer de tre neste dagene. <\/p>\n<p class=\"_paragraph_o9xde_4 _paragraph_xtcu6_10 layout-component text-serif-m layout-normal text-serif-m layout-padded\">Nyheten kommer i det som allerede er en tr\u00f8blete h\u00f8st for Louvre, der tyver i oktober stjal uerstattelige juveler for milliarder av kroner. Tyvegodset er enn\u00e5 ikke funnet.<\/p>\n","protected":false},"excerpt":{"rendered":"Det verdenskjente Louvre-museet i Paris stenger ett av sine gallerier som f\u00f8lge av en strukturell svakhet i bygningsmassen.&hellip;\n","protected":false},"author":2,"featured_media":89469,"comment_status":"","ping_status":"","sticky":false,"template":"","format":"standard","meta":{"footnotes":""},"categories":[12],"tags":[20,21,24,25,15,22,23,13,30,28,29,14,16,26,27,42,43,44,45],"class_list":{"0":"post-89468","1":"post","2":"type-post","3":"status-publish","4":"format-standard","5":"has-post-thumbnail","7":"category-verden","8":"tag-breaking-news","9":"tag-breakingnews","10":"tag-featured-news","11":"tag-featurednews","12":"tag-headlines","13":"tag-latest-news","14":"tag-latestnews","15":"tag-news","16":"tag-no","17":"tag-norge","18":"tag-norway","19":"tag-nyheter","20":"tag-overskrifter","21":"tag-top-stories","22":"tag-topstories","23":"tag-verden","24":"tag-world","25":"tag-world-news","26":"tag-worldnews"},"share_on_mastodon":{"url":"https:\/\/pubeurope.com\/@no\/115566088487474461","error":""},"_links":{"self":[{"href":"https:\/\/www.europesays.com\/no\/wp-json\/wp\/v2\/posts\/89468","targetHints":{"allow":["GET"]}}],"collection":[{"href":"https:\/\/www.europesays.com\/no\/wp-json\/wp\/v2\/posts"}],"about":[{"href":"https:\/\/www.europesays.com\/no\/wp-json\/wp\/v2\/types\/post"}],"author":[{"embeddable":true,"href":"https:\/\/www.europesays.com\/no\/wp-json\/wp\/v2\/users\/2"}],"replies":[{"embeddable":true,"href":"https:\/\/www.europesays.com\/no\/wp-json\/wp\/v2\/comments?post=89468"}],"version-history":[{"count":0,"href":"https:\/\/www.europesays.com\/no\/wp-json\/wp\/v2\/posts\/89468\/revisions"}],"wp:featuredmedia":[{"embeddable":true,"href":"https:\/\/www.europesays.com\/no\/wp-json\/wp\/v2\/media\/89469"}],"wp:attachment":[{"href":"https:\/\/www.europesays.com\/no\/wp-json\/wp\/v2\/media?parent=89468"}],"wp:term":[{"taxonomy":"category","embeddable":true,"href":"https:\/\/www.europesays.com\/no\/wp-json\/wp\/v2\/categories?post=89468"},{"taxonomy":"post_tag","embeddable":true,"href":"https:\/\/www.europesays.com\/no\/wp-json\/wp\/v2\/tags?post=89468"}],"curies":[{"name":"wp","href":"https:\/\/api.w.org\/{rel}","templated":true}]}}