{"id":89472,"date":"2025-11-17T17:02:10","date_gmt":"2025-11-17T17:02:10","guid":{"rendered":"https:\/\/www.europesays.com\/no\/89472\/"},"modified":"2025-11-17T17:02:10","modified_gmt":"2025-11-17T17:02:10","slug":"johann-sebastian-bach-klassisk-to-hittil-ukjente-orgelkomposisjoner-av-johann-sebastian-bach-oppdaget-i-tyskland","status":"publish","type":"post","link":"https:\/\/www.europesays.com\/no\/89472\/","title":{"rendered":"Johann Sebastian Bach, Klassisk | To hittil ukjente orgelkomposisjoner av Johann Sebastian Bach oppdaget i Tyskland"},"content":{"rendered":"\n<p>To hittil ukjente komposisjoner av en av verdens mest kjente komponister, Johann Sebastian Bach, er oppdaget i Tyskland, if\u00f8lge forskere.<\/p>\n<p>Verkene ble skrevet av Bach da han var 18 \u00e5r. De ble framf\u00f8rt i Tyskland mandag, melder det franske nyhetsbyr\u00e5et AFP.<\/p>\n<p>Ny forskning beviser at de ble skrevet av Bach.<\/p>\n<p>\u2013 Bach-forskeren Peter Wollny i Leipzig har identifisert to orgelstykker som verk av den 18-\u00e5rige Johann Sebastian Bach, opplyser organisasjonen Bach-Archiv i Leipzig, der Bach d\u00f8de i 1750.<\/p>\n<p>Organisasjonen dokumenterer og forsker p\u00e5 komponistens liv og verk.<\/p>\n<p>   <img decoding=\"async\" width=\"2199\" height=\"2700\" fetchpriority=\"low\"  loading=\"lazy\"  src=\"https:\/\/www.europesays.com\/no\/wp-content\/uploads\/2025\/11\/NTB_M5P0GAfxU78.jpg\" alt=\"Undated photo of composer Johann Sebastian Bach, the world will celebrate the 250th anniversary of the famous composer who was born 1685 and died 1750 in Leipzig. (AP Photo)\" class=\"brick-c-cFOWSL\" style=\"--brick-image-ratio: 2199 \/ 2700;\"\/><\/p>\n<p>      AVDEKKET: Johann Sebastian Bach, n\u00e5 aktuell igjen etter at forskere i Leipzig har avdekket to hittil ukjente orgelstykker.<br \/>\n      Foto: Ap\n    <\/p>\n<p>Johann Sebastian Bach var en tysk komponist, organist, cembalist, fiolinist, pedagog og kapellmester.\u00a0<\/p>\n<p>Bach regnes derfor som en av de st\u00f8rste navnene i musikkhistorien, med en innflytelse som strekker seg langt utover den klassiske musikkverdenen. Livsl\u00f8pet hans f\u00f8lger i grove trekk h\u00f8ydepunktet og avslutningen av barokkeepoken, det skriver <a href=\"https:\/\/snl.no\/Johann_Sebastian_Bach\" rel=\"Follow nofollow noopener\" target=\"_blank\">Store norske leksikon<\/a>.\u00a0<\/p>\n<p>Bach var sv\u00e6rt produktiv, og blant de mange verkene hans finner man Johannespasjonen og Matteuspasjonen, Juleoratoriet, de seks Brandenburgerkonsertene og Das Wohltemperierte Klavier.\u00a0<\/p>\n<p>Bach komponerte ogs\u00e5 en mengde kantater, kammermusikk, fiolinsonater og mange andre betydelige cembalo- og orgelverk, blant dem Toccata og fuge i d-moll, som er ett av barokkens mest kjente musikkstykker.<\/p>\n","protected":false},"excerpt":{"rendered":"To hittil ukjente komposisjoner av en av verdens mest kjente komponister, Johann Sebastian Bach, er oppdaget i Tyskland,&hellip;\n","protected":false},"author":2,"featured_media":89473,"comment_status":"","ping_status":"","sticky":false,"template":"","format":"standard","meta":{"footnotes":""},"categories":[12],"tags":[20,21,24,25,15,22,23,13,30,28,29,14,16,26,27,42,43,44,45],"class_list":{"0":"post-89472","1":"post","2":"type-post","3":"status-publish","4":"format-standard","5":"has-post-thumbnail","7":"category-verden","8":"tag-breaking-news","9":"tag-breakingnews","10":"tag-featured-news","11":"tag-featurednews","12":"tag-headlines","13":"tag-latest-news","14":"tag-latestnews","15":"tag-news","16":"tag-no","17":"tag-norge","18":"tag-norway","19":"tag-nyheter","20":"tag-overskrifter","21":"tag-top-stories","22":"tag-topstories","23":"tag-verden","24":"tag-world","25":"tag-world-news","26":"tag-worldnews"},"share_on_mastodon":{"url":"https:\/\/pubeurope.com\/@no\/115566119919992426","error":""},"_links":{"self":[{"href":"https:\/\/www.europesays.com\/no\/wp-json\/wp\/v2\/posts\/89472","targetHints":{"allow":["GET"]}}],"collection":[{"href":"https:\/\/www.europesays.com\/no\/wp-json\/wp\/v2\/posts"}],"about":[{"href":"https:\/\/www.europesays.com\/no\/wp-json\/wp\/v2\/types\/post"}],"author":[{"embeddable":true,"href":"https:\/\/www.europesays.com\/no\/wp-json\/wp\/v2\/users\/2"}],"replies":[{"embeddable":true,"href":"https:\/\/www.europesays.com\/no\/wp-json\/wp\/v2\/comments?post=89472"}],"version-history":[{"count":0,"href":"https:\/\/www.europesays.com\/no\/wp-json\/wp\/v2\/posts\/89472\/revisions"}],"wp:featuredmedia":[{"embeddable":true,"href":"https:\/\/www.europesays.com\/no\/wp-json\/wp\/v2\/media\/89473"}],"wp:attachment":[{"href":"https:\/\/www.europesays.com\/no\/wp-json\/wp\/v2\/media?parent=89472"}],"wp:term":[{"taxonomy":"category","embeddable":true,"href":"https:\/\/www.europesays.com\/no\/wp-json\/wp\/v2\/categories?post=89472"},{"taxonomy":"post_tag","embeddable":true,"href":"https:\/\/www.europesays.com\/no\/wp-json\/wp\/v2\/tags?post=89472"}],"curies":[{"name":"wp","href":"https:\/\/api.w.org\/{rel}","templated":true}]}}