{"id":89518,"date":"2025-11-17T18:20:11","date_gmt":"2025-11-17T18:20:11","guid":{"rendered":"https:\/\/www.europesays.com\/no\/89518\/"},"modified":"2025-11-17T18:20:11","modified_gmt":"2025-11-17T18:20:11","slug":"dansk-folkeparti-matte-innromme-at-de-har-brukt-oppdiktede-sitater-i-kronikk","status":"publish","type":"post","link":"https:\/\/www.europesays.com\/no\/89518\/","title":{"rendered":"Dansk Folkeparti m\u00e5tte innr\u00f8mme at de har brukt oppdiktede sitater i kronikk."},"content":{"rendered":"<p class=\"extendedContent hyperion-css-eyn926\" data-test-tag=\"lead-text\">Dansk Folkeparti skrev kronikk fordi de mente andre partier l\u00f8y om politikken deres. Men sitatene de viste til, var falske. <\/p>\n<p><img decoding=\"async\" class=\"image-asset hyperion-css-u06ts1\" data-test-tag=\"image-asset\" src=\"https:\/\/www.europesays.com\/no\/wp-content\/uploads\/2025\/11\/42a823bd-5b32-489a-be71-fd0f713fdf34\"  alt=\"Morten Messerschmidt i Dansk Folkeparti. Han har beskyldt andre for \u00e5 lyve om partiets politikk, men m\u00e5 n\u00e5 beklage at partiet selv tilla andre sitater de aldri har gitt. \"  loading=\"eager\" fetchpriority=\"high\" style=\"aspect-ratio:2048 \/ 1365\"\/>Morten Messerschmidt i Dansk Folkeparti. Han har beskyldt andre for \u00e5 lyve om partiets politikk, men m\u00e5 n\u00e5 beklage at partiet selv tilla andre sitater de aldri har gitt. Foto: Sebastian Elias Uth, Reuters \/ NTB<\/p>\n<p>Publisert: 17.11.2025 18:41<\/p>\n<p>Kortversjonen<\/p>\n<ul class=\"hyperion-css-1wfq1v6\" data-test-tag=\"list\">\n<li class=\"hyperion-css-13wylk3\">Dansk Folkeparti innr\u00f8mmer feilaktige sitater i en kronikk og beklager. Partiet hevdet andre partier l\u00f8y om deres politikk om remigrasjon. <\/li>\n<li class=\"hyperion-css-13wylk3\">Sitatene som ble brukt, var falske. Dette f\u00f8rte til at debattartikkelen ble avpublisert av Jyllands-Posten.<\/li>\n<li class=\"hyperion-css-13wylk3\">Partiet har ikke gitt noen forklaring p\u00e5 hvordan feilen kunne skje. <\/li>\n<\/ul>\n<p data-nosnippet=\"true\" class=\"hyperion-css-1qe9pn0\">Sammendraget er laget ved hjelp av kunstig intelligens (KI) og kvalitetssikret av Aftenpostens journalister.<\/p>\n<p>Vis mer<\/p>\n<p class=\"paywall hyperion-css-1j42uic\">De siste ukene har det v\u00e6rt en heftig debatt i Danmark<a data-test-tag=\"internal-link\" href=\"https:\/\/www.aftenposten.no\/verden\/i\/zAd35q\/dansk-folkeparti-vil-ha-masseutvisning-av-utlendinger-som-begaar-kriminalitet-eller-lever-paa-trygd\" class=\"hyperion-css-1raymq9\" rel=\"nofollow noopener\" target=\"\" aria-label=\" om begrepet remigrasjon\"> om begrepet remigrasjon<\/a>. Det er Dansk Folkeparti som har f\u00e5tt det inn i dansk politikk. Diskusjonen tok av etter et intervju som Weekendavisen gjorde med partileder Morten Messerschmidt med tittelen <a aria-label=\"\u00abDen store utvisningen\u00bb\" class=\"default hyperion-css-1raymq9\" href=\"https:\/\/www.weekendavisen.dk\/samfund\/den-store-udvisning\" target=\"_blank\" rel=\"noopener nofollow noreferrer\" data-test-tag=\"external-link\">\u00abDen store utvisningen\u00bb<\/a>. <\/p>\n<p class=\"paywall hyperion-css-1j42uic\">Der sa han at han ville utvise utlendinger som beg\u00e5r lovbrudd eller som lever p\u00e5 offentlig st\u00f8tte. Det sto at han ville frihetsber\u00f8ve titusener om de ikke drar frivillig.  I tillegg vil Messerschmidt at alle som har f\u00e5tt dansk statsborgerskap de siste \u00e5tte \u00e5rene m\u00e5 s\u00f8ke p\u00e5 nytt og bevise at de er \u00abdanske i hjertet\u00bb. Partilederen for det h\u00f8yrepopulistiske partiet sa at han ville gj\u00f8re det \u00abn\u00e6rmest umulig\u00bb \u00e5 leve islamske liv i Danmark.  <\/p>\n<p class=\"paywall hyperion-css-1j42uic\">Etter det har det v\u00e6rt full strid og forvirring om hva han og partiet egentlig mener. <\/p>\n<p>Ville saks\u00f8ke <\/p>\n<p class=\"paywall hyperion-css-1j42uic\">Begrepet remigrasjon er sv\u00e6rt kontroversielt og har tidligere blitt knyttet til ekstreme bevegelser og skikkelser. Da partileder Martin Lidegaard i partiet Radikale Venstre beskyldte Dansk Folkeparti for \u00e5 ville deportere titusener p\u00e5 bakgrunn av etnisitet eller hudfarge, truet Morten Messerschmidt<a aria-label=\" med s\u00f8ksm\u00e5l for \u00e6rekrenkelser\" class=\"default hyperion-css-1raymq9\" href=\"https:\/\/www.dr.dk\/nyheder\/politik\/kommunalvalg\/pludselig-eksploderer-partilederdebat-i-randers-enten-dementerer-du-eller-ogsaa-saa-moedes-vi-i\" target=\"_blank\" rel=\"noopener nofollow noreferrer\" data-test-tag=\"external-link\"> med s\u00f8ksm\u00e5l for \u00e6rekrenkelser<\/a>. Han avviste at de hadde snakket om hudfarge.  <\/p>\n<p class=\"paywall hyperion-css-1j42uic\">Men det gikk helt galt da partiet selv skulle pr\u00f8ve \u00e5 forklare hva de egentlig mener. Sist torsdag fikk partiet, med Messerschmidt i spissen, en kronikk med tittelen \u00abRemigrasjon er ikke deportasjon\u00bb p\u00e5 trykk i <a aria-label=\"Jyllands-Posten \" class=\"default hyperion-css-1raymq9\" href=\"https:\/\/jyllands-posten.dk\/politik\/ECE18746054\/df-indroemmer-opdigtede-citater-i-kronik\/?fp-exp=60671012&amp;fp-alg=606710121\" target=\"_blank\" rel=\"noopener nofollow noreferrer\" data-test-tag=\"external-link\">Jyllands-Posten <\/a><\/p>\n<p class=\"paywall hyperion-css-1j42uic\">Der siterte de sjefredakt\u00f8r Martin Krasnik i Weekendavisen p\u00e5 at remigrasjon er en \u00abeufemisme eufemisme Mildnende, forskj\u00f8nnende eller n\u00f8ytraliserende omskrivning, is\u00e6r av ord som kan virke st\u00f8tende eller ramme en selv med kritikk. Kilde: Det norske akademis ordbok. for deportasjon\u00bb og \u00abdet har vi h\u00f8rt f\u00f8r. P\u00e5 1930-tallet i Tyskland\u00bb. Men det har Krasnik aldri skrevet eller sagt. <\/p>\n<p><img decoding=\"async\" class=\"image-asset hyperion-css-u06ts1\" data-test-tag=\"image-asset\" src=\"https:\/\/www.europesays.com\/no\/wp-content\/uploads\/2025\/11\/4863bcc6-de8e-4092-a140-85f96929acec\"  alt=\"Sjefredakt\u00f8r Martin Krasnik i Weekendavisen. \"  loading=\"eager\" fetchpriority=\"high\" style=\"aspect-ratio:2048 \/ 1365\"\/>Sjefredakt\u00f8r Martin Krasnik i Weekendavisen. Foto: Morten Uglum \/ Aftenposten<\/p>\n<p class=\"paywall hyperion-css-1j42uic\">Partiet siterte ogs\u00e5 lederen for partiet Enhedslisten, som er R\u00f8dts s\u00f8sterparti i Danmark. Han skulle ha sagt at det var \u00abetnisk rensning i moderne kl\u00e6r\u00bb. Den tidligere integrasjonsministeren S\u00f8ren Pind siteres p\u00e5 at \u00abremigrasjon er et dekknavn for det nazistene kalte Endl\u00f6sungEndl\u00f6sungTysk for den endelige l\u00f8sning. Var planen for utryddelse av alle j\u00f8der under nazitiden i Tyskland.\u00bb. <\/p>\n<p class=\"paywall hyperion-css-1j42uic\">Alle de tre har kritisert Dansk Folkepartis forslag om remigrasjon. Men de har aldri kommet med sitatene i kronikken.  <\/p>\n<p>Beklager feil <\/p>\n<p class=\"paywall hyperion-css-1j42uic\">N\u00e5 er debattartikkelen <a aria-label=\"avpublisert\" class=\"default hyperion-css-1raymq9\" href=\"https:\/\/jyllands-posten.dk\/debat\/ECE18745959\/jyllandsposten-fjerner-dfkronik\/\" target=\"_blank\" rel=\"noopener nofollow noreferrer\" data-test-tag=\"external-link\">avpublisert<\/a>. Dansk Folkeparti har innr\u00f8mmet at de har gjort \u00abfaktuelle feil\u00bb og beklaget. <\/p>\n<p class=\"paywall hyperion-css-1j42uic\">\u2013 Vi insisterer p\u00e5 at andre skal ha orden i pennalet &#8211; og da g\u00e5r det selvsagt ikke at vi selv gj\u00f8r feil. Punktum. <\/p>\n<p class=\"paywall hyperion-css-1j42uic\">N\u00e5 lurer alle p\u00e5 hvordan feilen kan ha oppst\u00e5tt, \u00abfor eksempel om det har v\u00e6rt kunstig intelligens eller bare lav intelligens, involvert\u00bb, som Jyllands-Postens debattredakt\u00f8r formulerer det. <\/p>\n<p class=\"paywall hyperion-css-1j42uic\">Det vil ikke Dansk Folkeparti svare p\u00e5. Det er lokalvalg i Danmark tirsdag og var debatt s\u00f8ndag kveld. Men Messerschmidt <a aria-label=\"ville ikke svare \" class=\"default hyperion-css-1raymq9\" href=\"https:\/\/nyheder.tv2.dk\/live\/politik\/2025-11-03-seneste-nyt-fra-kommunal-og-regionsraadsvalget-2025\/messerschmidt-flygter-fra-tv-2s-reporter-efter-spoergsmaal-om-fejlcitater?entry=5e72ea17-3577-4026-bff3-b617364efa62\" target=\"_blank\" rel=\"noopener nofollow noreferrer\" data-test-tag=\"external-link\">ville ikke svare <\/a>p\u00e5 sp\u00f8rsm\u00e5l om sitatfusket.<\/p>\n<p>\u2013 Ironisk<\/p>\n<p class=\"paywall hyperion-css-1j42uic\">Sjefredakt\u00f8r Martin Krasnik sier at han aldri har sagt ordene han ble sitert p\u00e5. Han sier til dansk<a aria-label=\" TV2\" class=\"default hyperion-css-1raymq9\" href=\"https:\/\/nyheder.tv2.dk\/politik\/2025-11-16-nyt-niveau-af-mudderkast-fra-df-siger-chefredaktoer\" target=\"_blank\" rel=\"noopener nofollow noreferrer\" data-test-tag=\"external-link\"> TV2<\/a> at Dansk Folkeparti kritiserer \u00aballe mulige andre\u00bb og deretter skriver misvisende om andre. <\/p>\n<p class=\"paywall hyperion-css-1j42uic\">\u2013 Det er sv\u00e6rt ironisk og sv\u00e6rt dumt av dem, fordi de ofte g\u00e5r rundt og anklager andre for \u00e5 gj\u00f8re feil, sier Krasnik. <\/p>\n<p>Remigrasjon<\/p>\n<p class=\"hyperion-css-ffjyk2\">Handler om at utlendinger eller personer som ikke oppfattes \u00e5 v\u00e6re godt nok integrert m\u00e5 returnere til familiens opprinnelsesland enten frivillige eller med tvang. <\/p>\n<p>Vis mer<\/p>\n<p class=\"paywall hyperion-css-1j42uic\">Det er sv\u00e6rt sjelden at aviser avpubliserer noe.  Kronikk- og debattredakt\u00f8r Henrik H\u00f8jgaard Sejerkilde i Jyllands-Posten <a aria-label=\"skriver at\" class=\"default hyperion-css-1raymq9\" href=\"https:\/\/jyllands-posten.dk\/debat\/leder\/ECE18746501\/citatfusk-er-en-alvorlig-paamindelse-om-at-sandheden-er-udfordret\/?fp-exp=60072012&amp;fp-alg=600720121\" target=\"_blank\" rel=\"noopener nofollow noreferrer\" data-test-tag=\"external-link\">skriver at<\/a> sitatfusket er en alvorlig p\u00e5minnelse om at sannheten er utfordret. De n\u00e5 vil skjerpe kravene til dokumentasjon for leserinnlegg. <\/p>\n<p class=\"paywall hyperion-css-1j42uic\">Om kunstig intelligens er forklaringen, mener han det er skremmende. Han minner om at denne teksten ikke kom fra en urutinert skribent, men en profesjonell kommunikasjonsavdeling i et parti. <\/p>\n<p class=\"paywall hyperion-css-1j42uic\">\u00abDet er forstemmende, for hvis ikke de folkevalgte selv forst\u00e5r \u00e5 verne om det frie &#8211; og sanne &#8211; ord,  s\u00e5 er kampen mot russiske trollh\u00e6rer og fiendtlig faktaforvirring ikke v\u00e5rt st\u00f8rste problem\u00bb, skriver Sejerkilde. <\/p>\n","protected":false},"excerpt":{"rendered":"Dansk Folkeparti skrev kronikk fordi de mente andre partier l\u00f8y om politikken deres. Men sitatene de viste til,&hellip;\n","protected":false},"author":2,"featured_media":89519,"comment_status":"","ping_status":"","sticky":false,"template":"","format":"standard","meta":{"footnotes":""},"categories":[12],"tags":[20,21,24,25,15,22,23,13,30,28,29,14,16,26,27,42,43,44,45],"class_list":{"0":"post-89518","1":"post","2":"type-post","3":"status-publish","4":"format-standard","5":"has-post-thumbnail","7":"category-verden","8":"tag-breaking-news","9":"tag-breakingnews","10":"tag-featured-news","11":"tag-featurednews","12":"tag-headlines","13":"tag-latest-news","14":"tag-latestnews","15":"tag-news","16":"tag-no","17":"tag-norge","18":"tag-norway","19":"tag-nyheter","20":"tag-overskrifter","21":"tag-top-stories","22":"tag-topstories","23":"tag-verden","24":"tag-world","25":"tag-world-news","26":"tag-worldnews"},"share_on_mastodon":{"url":"https:\/\/pubeurope.com\/@no\/115566426584846990","error":""},"_links":{"self":[{"href":"https:\/\/www.europesays.com\/no\/wp-json\/wp\/v2\/posts\/89518","targetHints":{"allow":["GET"]}}],"collection":[{"href":"https:\/\/www.europesays.com\/no\/wp-json\/wp\/v2\/posts"}],"about":[{"href":"https:\/\/www.europesays.com\/no\/wp-json\/wp\/v2\/types\/post"}],"author":[{"embeddable":true,"href":"https:\/\/www.europesays.com\/no\/wp-json\/wp\/v2\/users\/2"}],"replies":[{"embeddable":true,"href":"https:\/\/www.europesays.com\/no\/wp-json\/wp\/v2\/comments?post=89518"}],"version-history":[{"count":0,"href":"https:\/\/www.europesays.com\/no\/wp-json\/wp\/v2\/posts\/89518\/revisions"}],"wp:featuredmedia":[{"embeddable":true,"href":"https:\/\/www.europesays.com\/no\/wp-json\/wp\/v2\/media\/89519"}],"wp:attachment":[{"href":"https:\/\/www.europesays.com\/no\/wp-json\/wp\/v2\/media?parent=89518"}],"wp:term":[{"taxonomy":"category","embeddable":true,"href":"https:\/\/www.europesays.com\/no\/wp-json\/wp\/v2\/categories?post=89518"},{"taxonomy":"post_tag","embeddable":true,"href":"https:\/\/www.europesays.com\/no\/wp-json\/wp\/v2\/tags?post=89518"}],"curies":[{"name":"wp","href":"https:\/\/api.w.org\/{rel}","templated":true}]}}