{"id":89646,"date":"2025-11-17T21:58:29","date_gmt":"2025-11-17T21:58:29","guid":{"rendered":"https:\/\/www.europesays.com\/no\/89646\/"},"modified":"2025-11-17T21:58:29","modified_gmt":"2025-11-17T21:58:29","slug":"barn-og-unge-teater-vi-garanterer-julestemning","status":"publish","type":"post","link":"https:\/\/www.europesays.com\/no\/89646\/","title":{"rendered":"Barn og unge, Teater | \u2013 Vi garanterer julestemning"},"content":{"rendered":"\n<p>Fredag braker det l\u00f8s med premiere p\u00e5 Bj\u00f8rkelangen.<\/p>\n<p>Regionsteateret Baluba har fredag premiere p\u00e5 juleforestillingen Scrooge \u2013 et Juleeventyr i Kulturarena Aurskog-H\u00f8land. Dette er teaterlagets tiende forestilling.<\/p>\n<p>\u2013 Dette er et stykke som vi har satt opp en gang f\u00f8r i 2021, og vi gleder oss til \u00e5 vise frem den nye versjonen, sier kasserer Hege Solvang.<\/p>\n<p>P\u00e5 scenen f\u00e5r du se 23 skuespillere, og teaterlaget har skuespillertalenter i alle aldre, og har et aldersspenn p\u00e5 64 \u00e5r mellom yngste og eldste akt\u00f8r.<\/p>\n<p>\u2013 Stolte <\/p>\n<p>\u2013 Vi er veldig stolte av skuespillerne v\u00e5re, og sammen er vi sikre p\u00e5 at stykket vil skape julestemning b\u00e5de for barn og voksne, sier styreleder Oliver Olsen \u00d8deg\u00e5rd.<\/p>\n<p>Forestillingen forteller den klassiske julefortellingen av Charles Dickens om gjerrigknarken Ebenezer Scrooge som hater julen og alt julen st\u00e5r for. En julenatt f\u00e5r han bes\u00f8k: Tre av Julens \u00c5nder som etter tur tvinger ham til et oppgj\u00f8r med sin fortid, sin n\u00e5tid og sin fremtid. <\/p>\n<p>Langsomt endrer han oppfatning om seg selv i sin s\u00f8ken etter \u00e5 bli et bedre menneske. <\/p>\n<p>Det er mye som skal til for \u00e5 f\u00e5 p\u00e5 plass en forestilling. Mange timer med jobb har blitt lagt ned av alle involverte. Det skal \u00f8ves b\u00e5de replikker og sang, og kostymer og kulisser skal ordnes. Mange av kulissene er selvlaget, og det har blitt dedikert mange timer til dette i tillegg til \u00f8velser.<\/p>\n<p>Det spilles \u00e9n forestilling fredag og to l\u00f8rdag.<\/p>\n","protected":false},"excerpt":{"rendered":"Fredag braker det l\u00f8s med premiere p\u00e5 Bj\u00f8rkelangen. Regionsteateret Baluba har fredag premiere p\u00e5 juleforestillingen Scrooge \u2013 et&hellip;\n","protected":false},"author":2,"featured_media":89647,"comment_status":"","ping_status":"","sticky":false,"template":"","format":"standard","meta":{"footnotes":"","_share_on_mastodon":"0"},"categories":[58],"tags":[36,1177,524,2943,71,30,28,29,11803,1510,2909,72],"class_list":["post-89646","post","type-post","status-publish","format-standard","has-post-thumbnail","category-underholdning","tag-art","tag-aurskog-holand","tag-barn-og-unge","tag-bjorkelangen","tag-entertainment","tag-no","tag-norge","tag-norway","tag-regionsteatret-baluba","tag-story","tag-teater","tag-underholdning"],"share_on_mastodon":{"url":"https:\/\/pubeurope.com\/@no\/115567283598853406","error":""},"_links":{"self":[{"href":"https:\/\/www.europesays.com\/no\/wp-json\/wp\/v2\/posts\/89646","targetHints":{"allow":["GET"]}}],"collection":[{"href":"https:\/\/www.europesays.com\/no\/wp-json\/wp\/v2\/posts"}],"about":[{"href":"https:\/\/www.europesays.com\/no\/wp-json\/wp\/v2\/types\/post"}],"author":[{"embeddable":true,"href":"https:\/\/www.europesays.com\/no\/wp-json\/wp\/v2\/users\/2"}],"replies":[{"embeddable":true,"href":"https:\/\/www.europesays.com\/no\/wp-json\/wp\/v2\/comments?post=89646"}],"version-history":[{"count":0,"href":"https:\/\/www.europesays.com\/no\/wp-json\/wp\/v2\/posts\/89646\/revisions"}],"wp:featuredmedia":[{"embeddable":true,"href":"https:\/\/www.europesays.com\/no\/wp-json\/wp\/v2\/media\/89647"}],"wp:attachment":[{"href":"https:\/\/www.europesays.com\/no\/wp-json\/wp\/v2\/media?parent=89646"}],"wp:term":[{"taxonomy":"category","embeddable":true,"href":"https:\/\/www.europesays.com\/no\/wp-json\/wp\/v2\/categories?post=89646"},{"taxonomy":"post_tag","embeddable":true,"href":"https:\/\/www.europesays.com\/no\/wp-json\/wp\/v2\/tags?post=89646"}],"curies":[{"name":"wp","href":"https:\/\/api.w.org\/{rel}","templated":true}]}}