{"id":89687,"date":"2025-11-17T22:56:09","date_gmt":"2025-11-17T22:56:09","guid":{"rendered":"https:\/\/www.europesays.com\/no\/89687\/"},"modified":"2025-11-17T22:56:09","modified_gmt":"2025-11-17T22:56:09","slug":"hovedrolle-og-manusforfatter-i-dansk-serie","status":"publish","type":"post","link":"https:\/\/www.europesays.com\/no\/89687\/","title":{"rendered":"Hovedrolle og manusforfatter i dansk serie"},"content":{"rendered":"<p class=\"kicker \" style=\"\">Ulrikke Falch:<\/p>\n<p>  \u00abSKAM\u00bb-stjernen har v\u00e6rt kryptisk rundt hva hun har jobbet med etter at hun flyttet til K\u00f8benhavn. En pressemelding viser svaret.<\/p>\n<p>\n    KRYPTISK: \u00abSKAM\u00bb-skuespiller Ulrikke Falch flyttet for kort tid siden til K\u00f8benhavn, men var kryptisk rundt \u00e5rsaken. Foto: Gorm Kallestad \/ NTB\n  <\/p>\n<p>Ulrikke Falch (28) ble raskt et av Norges mest kjente fjes da hun inntok skjermen som Vilde i NRK-serien \u00abSKAM\u00bb i 2015.\u00a0<\/p>\n<p>Derfor ble mange sjokkerte da hun i 2020 annonserte p\u00e5 Instagram at hun skulle slutte \u00e5 bruke sosiale medier.\u00a0<\/p>\n<p>        ELLE: SKAM-stjernene Josefine Frida Pettersen, Herman T\u00f8mmeraas og Thomas Hayes dukket opp sammen p\u00e5 \u00e5rets Elle-galla. Reporter: Nora Skavhaug. Video: Danny Son Ngoc To \/ R\u00f8d L\u00f8per<\/p>\n<p class=\"font-weight-bold m-font-weight-bold\" data-lab-font_weight=\"font-weight-bold\">Fem \u00e5r senere fortalte Falch\u00a0<a href=\"https:\/\/www.seher.no\/kjendis\/enormt-bekreftelsesbehov\/82660351\" rel=\"nofollow noopener\" target=\"_blank\">hvorfor hun forlot rampelyset<\/a>\u00a0i podkasten \u00abHanna &amp; de heldige\u00bb.\u00a0\u00a0<\/p>\n<p>&#8211; Det \u00e5 ha tilgang til den hurtige dopaminutl\u00f8sningen, om man kan kalle d\u00e9t det. Enten det er en story, et innlegg eller en kronikk. Det var s\u00e5 mye som jeg hadde tilgang p\u00e5, og det vekket et slags behov for \u00e5 bli sett og f\u00e5 bekreftelse. Noe\u00a0jeg tenker er veldig normalt og menneskelig, men som ble veldig\u00a0eksplosivt etter hvert, delte skuespilleren i podkasten. <\/p>\n<p>    <a itemprop=\"url\" href=\"https:\/\/www.seher.no\/kjendis\/skulle-vise-det-nye-brytekastet\/83865184\" rel=\"nofollow noopener\" target=\"_blank\"><\/p>\n<p>      <img loading=\"lazy\" decoding=\"async\" src=\"https:\/\/www.europesays.com\/no\/wp-content\/uploads\/2025\/11\/1763420168_168_83865230.webp\" width=\"147\" height=\"98\" title=\"- Skulle vise det nye brytekastet\" alt=\"\" class=\"lazyload\" style=\"--aspect-ratio-image: 1.50; \"\/><\/p>\n<p>        &#8211; Skulle vise det nye brytekastet<\/p>\n<p>    <\/a><\/p>\n<p>28-\u00e5ringen har den siste tiden bodd i K\u00f8benhavn, der hun har v\u00e6rt kryptisk rundt hva slags prosjekter hun jobber med.\u00a0<\/p>\n<p class=\"font-weight-bold m-font-weight-bold\" data-lab-font_weight=\"font-weight-bold\">N\u00e5 avsl\u00f8rer derimot en <a href=\"https:\/\/www.dr.dk\/presse\/presse-indhold\/tak-ingenting-ulrikke-falch-og-staerkt-cast-i-ny-serie-om-privilegier-og\" rel=\"nofollow noopener\" target=\"_blank\">pressemelding fra den danske TV-kanalen DR<\/a>\u00a0hva Falch har jobbet med i den danske hovedstaden. <\/p>\n<p>        \u00c5RETS ROMANSE?: De to deltakerne forteller at de har f\u00e5tt en god tone i l\u00f8pet av deltakelsen i \u00abSkal vi danse\u00bb. Video: Nora Skavhaug\/Thea Hope\/R\u00f8d L\u00f8per<\/p>\n<p>I pressemeldingen bekrefter kanalen at Falch spiller hovedrollen i serien og at hun har skrevet manuset til dramakomedien, som har f\u00e5tt navnet \u00abTak for ingenting\u00bb.\u00a0<\/p>\n<p>          <img loading=\"lazy\" decoding=\"async\" src=\"https:\/\/www.europesays.com\/no\/wp-content\/uploads\/2025\/11\/83865499.webp\" width=\"686\" height=\"419\" title=\"FORFATTER OG SKUESPILLER: Ulrikke Falch har skrevet manuset til dramakomedien \u00abTak for Ingenting\u00bb. Hun spiller ogs\u00e5 hovedrollen. Foto: DR\" alt=\"\" class=\"\" style=\"--aspect-ratio-image: 1.64; \"\/><\/p>\n<p>\n          FORFATTER OG SKUESPILLER: Ulrikke Falch har skrevet manuset til dramakomedien \u00abTak for Ingenting\u00bb. Hun spiller ogs\u00e5 hovedrollen. Foto: DR\n      <\/p>\n<p>Serien har premiere i slutten av november. Der\u00a0m\u00f8ter seerne Falch i rollen som Siri, midt i et \u00abgiftig, kaotisk og sv\u00e6rt underholdende\u00bb familiedrama.\u00a0<\/p>\n<p>&#8211;\u00a0 \u00c5 spille og skrive &#8216;Tak for ingenting&#8217; har v\u00e6rt s\u00e5 g\u00f8y. Hvis man trenger en serie om en bortskjemt familie som er d\u00e5rlig til \u00e5 f\u00f8lelsesregulere og dytter hverandre vekk n\u00e5r de aller mest bare trenger en klem, er denne serien til deg, sier Falch om serien.\u00a0<\/p>\n<p>          <img loading=\"lazy\" decoding=\"async\" src=\"https:\/\/www.europesays.com\/no\/wp-content\/uploads\/2025\/11\/83865508.webp\" width=\"686\" height=\"762\" title=\"I SERIEN: Den danske skuespilleren Thomas Bo Larsen er en av de danske stjernene som blir \u00e5 se i serien. Her er han avbildet i forbindelse med filmen \u00abJagten\u00bb i Cannes i 2012. Foto: Camilla Morandi \/ REX \/ NTB\" alt=\"\" class=\"\" style=\"--aspect-ratio-image: 0.90; \"\/><\/p>\n<p>\n          I SERIEN: Den danske skuespilleren Thomas Bo Larsen er en av de danske stjernene som blir \u00e5 se i serien. Her er han avbildet i forbindelse med filmen \u00abJagten\u00bb i Cannes i 2012. Foto: Camilla Morandi \/ REX \/ NTB\n      <\/p>\n<p>Lisbeth Wulff (53), Thomas Bo Larsen (61), Hella Joof (63), Dulfi Al Jabouri (34), Magnus Haugaard (30) og Emilie Koppel (23) er blant stjernene som blir \u00e5 se i serien.\u00a0<\/p>\n<p> If\u00f8lge DR f\u00f8lger historien s\u00f8sknene Ella og Valdemar. To voksne curlingbarn som lever godt p\u00e5 morens penger og stadig jakter mer oppmerksomhet.\u00a0<\/p>\n<p>        GIKK VIRALT: Trygve Bennetsen r\u00f8per hva Sophie Elise sa etter hans mulige \u00abMaskorama\u00bb-avsl\u00f8ring gikk viralt. Reporter: Sanne Holt\/ Karolina Grace Rusov-Hansen<\/p>\n<p>Alt rakner derimot n\u00e5r moren bestemmer seg for \u00e5 gi bort hele familieformuen til veldedighet. <\/p>\n","protected":false},"excerpt":{"rendered":"Ulrikke Falch: \u00abSKAM\u00bb-stjernen har v\u00e6rt kryptisk rundt hva hun har jobbet med etter at hun flyttet til K\u00f8benhavn.&hellip;\n","protected":false},"author":2,"featured_media":89688,"comment_status":"","ping_status":"","sticky":false,"template":"","format":"standard","meta":{"footnotes":""},"categories":[58],"tags":[71,479,30,28,29,9163,11806,72],"class_list":{"0":"post-89687","1":"post","2":"type-post","3":"status-publish","4":"format-standard","5":"has-post-thumbnail","7":"category-underholdning","8":"tag-entertainment","9":"tag-kjendis","10":"tag-no","11":"tag-norge","12":"tag-norway","13":"tag-skam","14":"tag-ulrikke-falch","15":"tag-underholdning"},"share_on_mastodon":{"url":"https:\/\/pubeurope.com\/@no\/115567511971686692","error":""},"_links":{"self":[{"href":"https:\/\/www.europesays.com\/no\/wp-json\/wp\/v2\/posts\/89687","targetHints":{"allow":["GET"]}}],"collection":[{"href":"https:\/\/www.europesays.com\/no\/wp-json\/wp\/v2\/posts"}],"about":[{"href":"https:\/\/www.europesays.com\/no\/wp-json\/wp\/v2\/types\/post"}],"author":[{"embeddable":true,"href":"https:\/\/www.europesays.com\/no\/wp-json\/wp\/v2\/users\/2"}],"replies":[{"embeddable":true,"href":"https:\/\/www.europesays.com\/no\/wp-json\/wp\/v2\/comments?post=89687"}],"version-history":[{"count":0,"href":"https:\/\/www.europesays.com\/no\/wp-json\/wp\/v2\/posts\/89687\/revisions"}],"wp:featuredmedia":[{"embeddable":true,"href":"https:\/\/www.europesays.com\/no\/wp-json\/wp\/v2\/media\/89688"}],"wp:attachment":[{"href":"https:\/\/www.europesays.com\/no\/wp-json\/wp\/v2\/media?parent=89687"}],"wp:term":[{"taxonomy":"category","embeddable":true,"href":"https:\/\/www.europesays.com\/no\/wp-json\/wp\/v2\/categories?post=89687"},{"taxonomy":"post_tag","embeddable":true,"href":"https:\/\/www.europesays.com\/no\/wp-json\/wp\/v2\/tags?post=89687"}],"curies":[{"name":"wp","href":"https:\/\/api.w.org\/{rel}","templated":true}]}}