{"id":89729,"date":"2025-11-18T03:02:46","date_gmt":"2025-11-18T03:02:46","guid":{"rendered":"https:\/\/www.europesays.com\/no\/89729\/"},"modified":"2025-11-18T03:02:46","modified_gmt":"2025-11-18T03:02:46","slug":"tete-lidbom-om-kjaeresten-kaia-og-bryllupsplanene","status":"publish","type":"post","link":"https:\/\/www.europesays.com\/no\/89729\/","title":{"rendered":"Tete Lidbom om kj\u00e6resten Kaia og bryllupsplanene"},"content":{"rendered":"<p>    Tete Lidbom savnet sin kj\u00e6re, Kaia Walstad Gr\u00f8nland, da han skulle bestige Denali. Men n\u00e5r paret kan erkl\u00e6re seg for \u00abrette ektefolk\u00bb, er de fortsatt ikke helt sikre p\u00e5.<\/p>\n<p>\n        <b>PAR I HJERTER:<\/b> Kaia Walstad Gr\u00f8nland svarte ja da Tete gikk ned p\u00e5 kne tidligere i \u00e5r. Paret har v\u00e6rt sammen i over ti \u00e5r.<br \/>\n        Instagram\/privat\n    <\/p>\n<p>\u00abD\u00e5rlig impulskontroll\u00bb, forklarer en lattermild Tete Lidbom (39) om grunnen til at han takket ja til \u00e5 delta i NRK-serien \u00abEkspedisjonen\u00bb.<\/p>\n<p>Sammen med et knippe kjendiser har han lagt ut p\u00e5 en strabasi\u00f8s reise, i h\u00e5p om \u00e5 n\u00e5 Nord-Amerikas h\u00f8yeste fjell. Denali ruver 6190 meter over havet i Alaskas villmark, men det satte ikke en stopper for den lite friluftsvante Tete.<\/p>\n<p>\u2013 Men jeg skj\u00f8nte at dette kom til \u00e5 bli spektakul\u00e6rt, uten \u00e5 tenke over at jeg har lite erfaring med den type turg\u00e5ing. Jeg inns\u00e5 fort at jeg hadde tatt et veldig stort steg inn i noe helt nytt, skummelt og ganske spennende, forteller han.<\/p>\n<p>Fryktet for fingrene\u00a0<\/p>\n<p>Utfordringene dukket opp p\u00e5 rekke og rad i l\u00f8pet av fjellklatringen. For Tete ble de enorme temperaturforskjellene det st\u00f8rste sjokket.<\/p>\n<p>                <img decoding=\"async\" src=\"https:\/\/www.europesays.com\/no\/wp-content\/uploads\/2025\/11\/7574216.webp\" width=\"480\" height=\"271\" title=\"UERFAREN: Tete er den i ekspedisjonen som har minst turerfaring.\" alt=\"\" loading=\"lazy\" style=\"\"\/><\/p>\n<p>\n            <b>UERFAREN:<\/b> Tete er den i ekspedisjonen som har minst turerfaring.<br \/>\n            \u00d8yvind Nordahl N\u00e6ss\/Strix\/NRK\n        <\/p>\n<p>\u2013 Det kunne v\u00e6re 25 varmegrader og stekende sol om dagen, og plutselig var det 35 minusgrader om natten. Dessuten har jeg \u00ablikfingre\u00bb, som gj\u00f8r at jeg mister f\u00f8lelsen n\u00e5r de blir kalde. Da kan det fort bli alvorlig, for det skal lite til f\u00f8r du mister dem, forklarer Tete om tilstanden der blod\u00e5rene trekker seg unormalt mye sammen n\u00e5r det blir kaldt.\u00a0<\/p>\n<p>Les ogs\u00e5: <a href=\"https:\/\/www.klikk.no\/underholdning\/tone-damli-mistet-sosteren-tale-det-kjenner-jeg-pa-7570932\" rel=\"nofollow noopener\" target=\"_blank\">Tone Damli etter den tunge tiden: \u2013 Det kjenner jeg p\u00e5<\/a><\/p>\n<p>Bar p\u00e5 dob\u00f8tter\u00a0<\/p>\n<p>F\u00f8r avreisen var tr\u00f8nderen \u00e6rlig p\u00e5 at de manglende toalettfasilitetene p\u00e5 turen var en stor bekymring. \u00c5 skulle gj\u00f8re sitt forn\u00f8dne i 30 minusgrader midt p\u00e5 natten, fristet lite. Deltakerne brukte imidlertid tisseflasker, mens \u00abnummer to\u00bb ble gjort i en b\u00f8tte med poser i.<\/p>\n<p>\u2013 Og de dob\u00f8ttene drasset vi rundt p\u00e5, vi bar rett og slett p\u00e5 v\u00e5r egen avf\u00f8ring. Og det ble man etter hvert komfortabel med. Jeg kan ogs\u00e5 avsl\u00f8re at man blir veldig god venn med tisseflasken etter hvert. Den ble ikke bare redningen for \u00e5 slippe \u00e5 g\u00e5 ut av teltet, men ble brukt som varmeflaske etterp\u00e5, ler han.<\/p>\n<p>                <img decoding=\"async\" src=\"https:\/\/www.europesays.com\/no\/wp-content\/uploads\/2025\/11\/7570858.webp\" width=\"480\" height=\"312\" title=\"DETEKTIVARBEID: Tete sitter ogs\u00e5 i panelet i \u00abMaskorama\u00bb sammen med Robert Stoltenberg og Tone Damli.\" alt=\"\" loading=\"lazy\" style=\"\"\/><\/p>\n<p>\n            <b>DETEKTIVARBEID:<\/b> Tete sitter ogs\u00e5 i panelet i \u00abMaskorama\u00bb sammen med Robert Stoltenberg og Tone Damli.<br \/>\n            NRK\n        <\/p>\n<p>Tete avsl\u00f8rer at fjellturen ogs\u00e5 ble en indre reise for ham personlig. Han beskriver seg selv som \u00abflat og glad\u00bb av natur, men under ekspedisjonen oppdaget han at han er mer f\u00f8lsom enn han trodde.<\/p>\n<p>\u2013 Jeg opplevde hjemlengsel for f\u00f8rste gang i mitt liv. Det satte jeg pris p\u00e5. Det var deilig \u00e5 kjenne p\u00e5 et st\u00f8rre f\u00f8lelsesregister.<\/p>\n<p>Les ogs\u00e5: (+)\u00a0<a href=\"https:\/\/www.klikk.no\/historier\/en-kveld-pa-hytta-kom-ordene-jeg-aldri-glemmer-7568485\" rel=\"nofollow noopener\" target=\"_blank\">Leserne forteller: Jeg ante ingenting om det hun hadde b\u00e5ret p\u00e5. En kveld p\u00e5 hytta kom ordene jeg aldri glemmer<\/a><\/p>\n<p>Fridde til kj\u00e6resten\u00a0<\/p>\n<p>Og det var ikke hvem som helst han lengtet hjem til. P\u00e5 hjemmebane ventet Tetes utk\u00e5rede, Kaia Walstad Gr\u00f8nland (37). Tidligere i \u00e5r gikk TV-profilen ned p\u00e5 kne, og paret ble forlovet etter ti \u00e5r som kj\u00e6rester.\u00a0<\/p>\n<p>Bryllupsplanene g\u00e5r det imidlertid s\u00e5 som s\u00e5 med.<\/p>\n<p>                <img decoding=\"async\" src=\"https:\/\/www.europesays.com\/no\/wp-content\/uploads\/2025\/11\/7574214.webp\" width=\"480\" height=\"274\" title=\"P\u00c5 TUR: Tete Lidbom fikk minnerike opplevelser i Alaskas villmark.\u00a0\u2013 Vi var en fin og god gjeng p\u00e5 tur.\" alt=\"\" loading=\"lazy\" style=\"\"\/><\/p>\n<p>\n            <b>P\u00c5 TUR:<\/b> Tete Lidbom fikk minnerike opplevelser i Alaskas villmark.\u00a0\u2013 Vi var en fin og god gjeng p\u00e5 tur.<br \/>\n            Morten Bendiksen\n        <\/p>\n<p>\u2013 Vi er elendige p\u00e5 forberedelser. Det gjelder ikke bare meg, Kaia er like d\u00e5rlig! Det eneste vi har planlagt, er at det ikke skjer til neste \u00e5r, men kanskje om et par, tre \u00e5r. Og s\u00e5 har vi begynt \u00e5 snakke om konseptet vi ser for oss \u2013 det gleder vi oss til, smiler Tete Lidbom.<\/p>\n","protected":false},"excerpt":{"rendered":"Tete Lidbom savnet sin kj\u00e6re, Kaia Walstad Gr\u00f8nland, da han skulle bestige Denali. Men n\u00e5r paret kan erkl\u00e6re&hellip;\n","protected":false},"author":2,"featured_media":89730,"comment_status":"","ping_status":"","sticky":false,"template":"","format":"standard","meta":{"footnotes":""},"categories":[58],"tags":[71,30,28,29,72],"class_list":{"0":"post-89729","1":"post","2":"type-post","3":"status-publish","4":"format-standard","5":"has-post-thumbnail","7":"category-underholdning","8":"tag-entertainment","9":"tag-no","10":"tag-norge","11":"tag-norway","12":"tag-underholdning"},"share_on_mastodon":{"url":"https:\/\/pubeurope.com\/@no\/115568479210610488","error":""},"_links":{"self":[{"href":"https:\/\/www.europesays.com\/no\/wp-json\/wp\/v2\/posts\/89729","targetHints":{"allow":["GET"]}}],"collection":[{"href":"https:\/\/www.europesays.com\/no\/wp-json\/wp\/v2\/posts"}],"about":[{"href":"https:\/\/www.europesays.com\/no\/wp-json\/wp\/v2\/types\/post"}],"author":[{"embeddable":true,"href":"https:\/\/www.europesays.com\/no\/wp-json\/wp\/v2\/users\/2"}],"replies":[{"embeddable":true,"href":"https:\/\/www.europesays.com\/no\/wp-json\/wp\/v2\/comments?post=89729"}],"version-history":[{"count":0,"href":"https:\/\/www.europesays.com\/no\/wp-json\/wp\/v2\/posts\/89729\/revisions"}],"wp:featuredmedia":[{"embeddable":true,"href":"https:\/\/www.europesays.com\/no\/wp-json\/wp\/v2\/media\/89730"}],"wp:attachment":[{"href":"https:\/\/www.europesays.com\/no\/wp-json\/wp\/v2\/media?parent=89729"}],"wp:term":[{"taxonomy":"category","embeddable":true,"href":"https:\/\/www.europesays.com\/no\/wp-json\/wp\/v2\/categories?post=89729"},{"taxonomy":"post_tag","embeddable":true,"href":"https:\/\/www.europesays.com\/no\/wp-json\/wp\/v2\/tags?post=89729"}],"curies":[{"name":"wp","href":"https:\/\/api.w.org\/{rel}","templated":true}]}}