{"id":89743,"date":"2025-11-18T04:39:14","date_gmt":"2025-11-18T04:39:14","guid":{"rendered":"https:\/\/www.europesays.com\/no\/89743\/"},"modified":"2025-11-18T04:39:14","modified_gmt":"2025-11-18T04:39:14","slug":"svaert-alvorlig","status":"publish","type":"post","link":"https:\/\/www.europesays.com\/no\/89743\/","title":{"rendered":"&#8211; Sv\u00e6rt alvorlig"},"content":{"rendered":"<p class=\"kicker \" style=\"\">Mulig kontroll-sak mot Stoltenberg<\/p>\n<p>  Kontrollkomiteens leder Per-Willy Amundsen (Frp) kan bli avgj\u00f8rende for om det innledes til kontrollsak mot finansministeren. N\u00e5 teller han p\u00e5 knappene.<\/p>\n<p>    Kort fortalt<\/p>\n<p lang=\"nb-NO\">Kontroll- og konstitusjonskomiteen dr\u00f8fter tirsdag om den skal stille sp\u00f8rsm\u00e5l til finansministeren, som f\u00f8rste steg i en eventuell kontroll-sak for \u00e5 ha droppet h\u00f8ring om oljefondets nye etikkrammeverk.<\/p>\n<p lang=\"nb-NO\">Det skjer etter at Redd Barna, Amnesty, Framtiden i v\u00e5re hender, Changemaker og Forum for utvikling og milj\u00f8 torsdag ba komiteen unders\u00f8ke mulige brudd p\u00e5 loven og god forvaltningsskikk.<\/p>\n<p lang=\"nb-NO\">Komit\u00e9leder Per-Willy Amundsen (Frp) \u00e5pner n\u00e5 for \u00e5 stille finansministeren sp\u00f8rsm\u00e5l. Han sier at saken reiser konstitusjonelle problemstillinger, og at komiteen m\u00e5 ta den \u00absv\u00e6rt alvorlig\u00bb.<\/p>\n<p lang=\"nb-NO\">Partiene R\u00f8dts, MDGs\u00a0 og SVs komit\u00e9medlemmer g\u00e5r inn for \u00e5 stille Stoltenberg sp\u00f8rsm\u00e5l, men det kreves st\u00f8tte fra enda to medlemmer.<\/p>\n<p class=\"italic ai-disclaimer\" data-lab-italic=\"italic\">Sammendraget er laget av ChatGPT og godkjent av B\u00f8rsen.<\/p>\n<p>      Vis mer<br \/>\n      Vis mindre<\/p>\n<p>Flere partier er i tenkeboksen foran Kontroll- og konstitusjonskomiteens m\u00f8te tirsdag. Der avgj\u00f8res det om f\u00f8rste skritt skal tas for en mulig kontrollsak mot finansminister Jens Stoltenberg.<\/p>\n<p>Slik Dagbladet har skrevet, har fem organisasjoner bedt komiteen unders\u00f8ke om finansministeren\u00a0<a href=\"https:\/\/borsen.dagbladet.no\/nyheter\/kan-ha-brutt-loven\/83848119\" rel=\"nofollow noopener\" target=\"_blank\">br\u00f8t\u00a0loven <\/a>\u00a0da han droppet h\u00f8ring om oljefondets nye etikkrammeverk &#8211; noe <a href=\"https:\/\/borsen.dagbladet.no\/nyheter\/kan-ha-brutt-loven\/83848119\" rel=\"nofollow noopener\" target=\"_blank\">Finansdepartementet har avvist<\/a>.\u00a0<\/p>\n<p>Den som sitter med mye av n\u00f8kkelen, er komit\u00e9leder Per-Willy Amundsen.<\/p>\n<p>&#8211; Jeg er enn\u00e5 i tenkeboksen, sier Amundsen (Frp) da Dagbladet ringer mandag ettermiddag.<\/p>\n<p>          <img loading=\"lazy\" decoding=\"async\" src=\"https:\/\/www.europesays.com\/no\/wp-content\/uploads\/2025\/11\/83864926.webp\" width=\"686\" height=\"392\" title=\"I TENKEBOKSEN: Per-Willy Amundsen (FrP), leder i Stortingets kontroll- og konstitusjonskomit\u00e9. Foto: J\u00f8rn H. Moen, Dagbladet\" alt=\"\" class=\"\" style=\"--aspect-ratio-image: 1.75; \"\/><\/p>\n<p>\n          I TENKEBOKSEN: Per-Willy Amundsen (FrP), leder i Stortingets kontroll- og konstitusjonskomit\u00e9. Foto: J\u00f8rn H. Moen, Dagbladet\n      <\/p>\n<p>&#8211; Aldri en liknende sak\t<\/p>\n<p>Han forklarer at flere problemstillinger gj\u00f8r saken spesiell:<\/p>\n<p class=\"font-weight-bold m-font-weight-bold\" data-lab-font_weight=\"font-weight-bold\">&#8211; For det f\u00f8rste har vi aldri hatt en liknende sak.\u00a0 Jeg har pr\u00f8vd \u00e5 etterg\u00e5 det, og det ser ikke ut til at vi har noen saker som danner presedens for hvordan den type problemstillinger skal tas opp.<\/p>\n<p>Amundsen sier at det n\u00e5 og da skjer at regjeringen bryter Utrednings-instruksen &#8211; slik flere organisasjoner hevdet i et brev til komiteen torsdag &#8211; og at dette kan v\u00e6re godt begrunnet.<\/p>\n<p>          <img loading=\"lazy\" decoding=\"async\" src=\"https:\/\/www.europesays.com\/no\/wp-content\/uploads\/2025\/11\/83864949.webp\" width=\"980\" height=\"559\" title=\"RISIKERER KONTROLLSAK: Finansminister Jens Stoltenberg. Foto: Lars Eivind Bones\/Dagbladet\" alt=\"\" class=\"\" style=\"--aspect-ratio-image: 1.75; \"\/><\/p>\n<p>\n          RISIKERER KONTROLLSAK: Finansminister Jens Stoltenberg. Foto: Lars Eivind Bones\/Dagbladet\n      <\/p>\n<p>&#8211; Men i og med at dette er gjennomf\u00f8rt p\u00e5 bakgrunn av et stortingsvedtak, s\u00e5 stiller saken seg noe annerledes enn den vanligvis ville ha gjort. S\u00e5 her er vi inne p\u00e5 konstitusjonelle problemstillinger, sier Amundsen.<\/p>\n<p>Dermed er ikke br\u00e5ket om oljefondets etiske rammeverk over.<\/p>\n<p>Det begynte da finansministeren 4. november fikk stortingsflertallet med p\u00e5 endringer som <a href=\"https:\/\/www.dagbladet.no\/nyheter\/sterke-reaksjoner-boyer-seg-for-trump\/83806823\" rel=\"nofollow noopener\" target=\"_blank\">skapte raseri <\/a>blant flere samarbeidspartier.<\/p>\n<p>    <a itemprop=\"url\" href=\"https:\/\/borsen.dagbladet.no\/nyheter\/kan-ha-brutt-loven\/83848119\" rel=\"nofollow noopener\" target=\"_blank\"><\/p>\n<p>      <img loading=\"lazy\" decoding=\"async\" src=\"https:\/\/www.europesays.com\/no\/wp-content\/uploads\/2025\/11\/83848681.webp\" width=\"980\" height=\"441\" title=\"- Kan ha brutt loven\" alt=\"\" class=\"lazyload\" style=\"--aspect-ratio-image: 2.22; \"\/><\/p>\n<p>        &#8211; Kan ha brutt loven<\/p>\n<p>    <\/a><\/p>\n<p>\u00c5pent utfall\t<\/p>\n<p>If\u00f8lge Stoltenberg selv var hensikten \u00e5 unng\u00e5 \u00e5 m\u00e5tte utelukke noen av verdens st\u00f8rste selskaper fra oljefondet.<\/p>\n<p>F\u00e5 dager seinere fastsatte regjeringen et\u00a0<a href=\"https:\/\/www.regjeringen.no\/contentassets\/879dc6845c314ddfb04fd54ca6772f97\/mandat-for-forvaltningen-av-statens-pensjonsfond-utland.pdf\" rel=\"nofollow noopener\" target=\"_blank\">endret mandat<\/a>\u00a0for forvaltningen og\u00a0<a href=\"https:\/\/www.regjeringen.no\/contentassets\/879dc6845c314ddfb04fd54ca6772f97\/midlertidige-etiske-retningslinjer.pdf\" rel=\"nofollow noopener\" target=\"_blank\">midlertidige etiske retningslinjer<\/a>\u00a0&#8211; uten \u00e5 sende dem p\u00e5 h\u00f8ring.<\/p>\n<p> N\u00e5 vil flere komit\u00e9medlemmer at kontrollkomiteen skal sende sp\u00f8rsm\u00e5l til finansministeren, som er f\u00f8rste steg for en mulig kontrollsak.<\/p>\n<p>&#8211; Det ser ut som Stoltenberg har hatt det s\u00e5 travelt med \u00e5 sette Etikkr\u00e5det ut av spill, at han har hoppet bukk over Utredningsinstruksens krav om h\u00f8ring, sier R\u00f8dts Hege Bae Nyholt.<\/p>\n<p>Hun kaller det et \u00abdemokratisk problem\u00bb.<\/p>\n<p>          <img loading=\"lazy\" decoding=\"async\" src=\"https:\/\/www.europesays.com\/no\/wp-content\/uploads\/2025\/11\/83864942.webp\" width=\"980\" height=\"559\" title=\"- HOPPET BUKK: R\u00f8dts Hege Bae Nyholt tror Stoltenberg har hatt det s\u00e5 travelt med \u00e5 sette Etikkr\u00e5det ut av spill, at han har hoppet bukk over krav om en h\u00f8ring. Foto: Javad Parsa\/NTB\" alt=\"\" class=\"\" style=\"--aspect-ratio-image: 1.75; \"\/><\/p>\n<p>\n          &#8211; HOPPET BUKK: R\u00f8dts Hege Bae Nyholt tror Stoltenberg har hatt det s\u00e5 travelt med \u00e5 sette Etikkr\u00e5det ut av spill, at han har hoppet bukk over krav om en h\u00f8ring. Foto: Javad Parsa\/NTB\n      <\/p>\n<p class=\"font-weight-bold m-font-weight-bold\" data-lab-font_weight=\"font-weight-bold\">Men selv om hun har med seg b\u00e5de SVs og MDGs medlemmer i \u00f8nsket om \u00e5 stille Stoltenberg sp\u00f8rsm\u00e5l, s\u00e5 er det ikke nok: Det kreves tilslutning fra enda to medlemmer &#8211; til sammen fem.\u00a0<\/p>\n<p>Mandag ettermiddag var utfallet \u00e5pent. Minst to av de \u00f8vrige medlemmene holdt d\u00f8ra \u00e5pen for \u00e5 ta det f\u00f8rste steget i det som kan bli en ny kontrollsak.<\/p>\n<p>&#8211; Sv\u00e6rt alvorlig\t<\/p>\n<p> \u00abHar ikke konkludert om hvordan vi vil forholde oss til brevet\u00bb, skriver Senterpartiets kontrollkomit\u00e9-medlem Geir Pollestad til Dagbladet. <\/p>\n<p>Han skriver at saken er \u00ablitt spesiell\u00bb, fordi det handler om en konkret oppf\u00f8lging av et vedtak i Stortinget.\u00a0<\/p>\n<p>\u00abSamtidig er det snakk om et midlertidig endring. P\u00e5 den andre siden er h\u00f8ring og involvering viktig\u00bb, skriver Pollestad.<\/p>\n<p>          <img loading=\"lazy\" decoding=\"async\" src=\"https:\/\/www.europesays.com\/no\/wp-content\/uploads\/2025\/11\/83864930.webp\" width=\"980\" height=\"559\" title=\"JOKER: Senterpartiets komitemedlem Geir Pollestad. Foto: Shad Madian, Dagbladet\" alt=\"\" class=\"\" style=\"--aspect-ratio-image: 1.75; \"\/><\/p>\n<p>\n          JOKER: Senterpartiets komitemedlem Geir Pollestad. Foto: Shad Madian, Dagbladet\n      <\/p>\n<p>B\u00e5de han og komit\u00e9leder Per-Willy Amundsen tilh\u00f8rer partier som i Stortinget stemte for Stoltenbergs etikk-endringer.<\/p>\n<p>Amundsen innr\u00f8mmer at det kanskje kan framst\u00e5 spesielt \u00e5\u00a0stille sp\u00f8rsm\u00e5l kort tid etter, rundt en sak som Stortinget selv har vedtatt, men gjentar at han ikke har konkludert. <\/p>\n<p class=\"font-weight-bold m-font-weight-bold\" data-lab-font_weight=\"font-weight-bold\">&#8211; Det er s\u00e5 mange potensielle utfordringer her, ogs\u00e5 for framtida &#8211; presedens og s\u00e5 videre &#8211; som gj\u00f8r at vi er n\u00f8dt til \u00e5 ta dette sv\u00e6rt alvorlig, sl\u00e5r komit\u00e9leder Per-Willy Amundsen fast. <\/p>\n","protected":false},"excerpt":{"rendered":"Mulig kontroll-sak mot Stoltenberg Kontrollkomiteens leder Per-Willy Amundsen (Frp) kan bli avgj\u00f8rende for om det innledes til kontrollsak&hellip;\n","protected":false},"author":2,"featured_media":89744,"comment_status":"","ping_status":"","sticky":false,"template":"","format":"standard","meta":{"footnotes":""},"categories":[5],"tags":[20,21,628,24,25,7396,763,1829,15,19,240,22,23,17,18,777,13,30,28,29,14,761,16,244,1553,1963,333,947,26,27],"class_list":{"0":"post-89743","1":"post","2":"type-post","3":"status-publish","4":"format-standard","5":"has-post-thumbnail","7":"category-overskrifter","8":"tag-breaking-news","9":"tag-breakingnews","10":"tag-etikkradet","11":"tag-featured-news","12":"tag-featurednews","13":"tag-finansdepartementet","14":"tag-fremskrittspartiet","15":"tag-geir-pollestad","16":"tag-headlines","17":"tag-hovedoppslag","18":"tag-jens-stoltenberg","19":"tag-latest-news","20":"tag-latestnews","21":"tag-main-news","22":"tag-mainnews","23":"tag-mdg","24":"tag-news","25":"tag-no","26":"tag-norge","27":"tag-norway","28":"tag-nyheter","29":"tag-oljefondet","30":"tag-overskrifter","31":"tag-per-willy-amundsen","32":"tag-rodt","33":"tag-senterpartiet","34":"tag-stortinget","35":"tag-sv","36":"tag-top-stories","37":"tag-topstories"},"share_on_mastodon":{"url":"https:\/\/pubeurope.com\/@no\/115568860636352293","error":""},"_links":{"self":[{"href":"https:\/\/www.europesays.com\/no\/wp-json\/wp\/v2\/posts\/89743","targetHints":{"allow":["GET"]}}],"collection":[{"href":"https:\/\/www.europesays.com\/no\/wp-json\/wp\/v2\/posts"}],"about":[{"href":"https:\/\/www.europesays.com\/no\/wp-json\/wp\/v2\/types\/post"}],"author":[{"embeddable":true,"href":"https:\/\/www.europesays.com\/no\/wp-json\/wp\/v2\/users\/2"}],"replies":[{"embeddable":true,"href":"https:\/\/www.europesays.com\/no\/wp-json\/wp\/v2\/comments?post=89743"}],"version-history":[{"count":0,"href":"https:\/\/www.europesays.com\/no\/wp-json\/wp\/v2\/posts\/89743\/revisions"}],"wp:featuredmedia":[{"embeddable":true,"href":"https:\/\/www.europesays.com\/no\/wp-json\/wp\/v2\/media\/89744"}],"wp:attachment":[{"href":"https:\/\/www.europesays.com\/no\/wp-json\/wp\/v2\/media?parent=89743"}],"wp:term":[{"taxonomy":"category","embeddable":true,"href":"https:\/\/www.europesays.com\/no\/wp-json\/wp\/v2\/categories?post=89743"},{"taxonomy":"post_tag","embeddable":true,"href":"https:\/\/www.europesays.com\/no\/wp-json\/wp\/v2\/tags?post=89743"}],"curies":[{"name":"wp","href":"https:\/\/api.w.org\/{rel}","templated":true}]}}