{"id":89777,"date":"2025-11-18T06:07:11","date_gmt":"2025-11-18T06:07:11","guid":{"rendered":"https:\/\/www.europesays.com\/no\/89777\/"},"modified":"2025-11-18T06:07:11","modified_gmt":"2025-11-18T06:07:11","slug":"eu-toll-jernlegeringer-analytikere-tror-norske-selskaper-kan-tjene-pa-eus-toll","status":"publish","type":"post","link":"https:\/\/www.europesays.com\/no\/89777\/","title":{"rendered":"EU-toll, Jernlegeringer | Analytikere tror norske selskaper kan tjene p\u00e5 EUs toll"},"content":{"rendered":"\n<p>\u2013 Det er et helt reelt scenario, sier Marcus Gavelli i Pareto Securities til <a href=\"https:\/\/www.dn.no\/politikk\/norske-selskaper-kan-tjene-penger-pa-eu-toll\/2-1-1901866\" rel=\"nofollow noopener\" target=\"_blank\">avisa<\/a>.<\/p>\n<p>\u00c5rsaken er if\u00f8lge Dagens N\u00e6ringsliv de lave prisene p\u00e5 ferrosilisium i det europeiske markedet. Om EU setter inn beskyttelsestiltak, kommer prisene trolig til \u00e5 stige. Nordea-analytiker Andreas Nibe Nyg\u00e5rd ser uavhengig av utfall ingen negative konsekvenser for Elkem.<\/p>\n<p>\u2013 Hvis beskyttelsestiltak i EU ikke blir innf\u00f8rt, tror jeg prisene fortsetter som lave. Hvis det blir beskyttelsestiltak, vil prisene ha et netto positivt bidrag for Elkem, sier han.<\/p>\n<p>Kan ramme arbeidsplasser<\/p>\n<p>Marcus Gavelli understreker at selv om tollen kan f\u00e5 en positiv effekt p\u00e5 Elkems inntjening, s\u00e5 kan selskapet m\u00e5tte kutte i volum og eventuelt arbeidsplasser. <\/p>\n<p>Etter planen skulle EUs komit\u00e9 for beskyttelsestiltak, Safeguard Committee, samle seg om et vedtak mandag morgen. Men saken ble utsatt for andre gang, har h\u00f8ytst\u00e5ende EU-kilder bekreftet overfor NTB.<\/p>\n<p>Frist tirsdag<\/p>\n<p>Siste frist for \u00e5 innf\u00f8re tolltiltaket er tirsdag. Grunnen til det er at EU f\u00f8rst varslet et mulig tiltak 18. desember i fjor. If\u00f8lge reglene har de da elleve m\u00e5neder p\u00e5 seg til \u00e5 f\u00e5 tiltaket p\u00e5 plass.<\/p>\n<p>Norge er storprodusent av jernlegeringer, som brukes i st\u00e5lproduksjon. 43 prosent av all EU-import av slike metaller kommer fra Norge. Mange av selskapene i norsk metallindustri er lokale hj\u00f8rnesteinsbedrifter p\u00e5 steder som Sauda og Bremanger.<\/p>\n","protected":false},"excerpt":{"rendered":"\u2013 Det er et helt reelt scenario, sier Marcus Gavelli i Pareto Securities til avisa. \u00c5rsaken er if\u00f8lge&hellip;\n","protected":false},"author":2,"featured_media":89778,"comment_status":"","ping_status":"","sticky":false,"template":"","format":"standard","meta":{"footnotes":""},"categories":[10],"tags":[20,21,24,25,15,22,23,13,30,28,29,14,16,26,27],"class_list":{"0":"post-89777","1":"post","2":"type-post","3":"status-publish","4":"format-standard","5":"has-post-thumbnail","7":"category-norge","8":"tag-breaking-news","9":"tag-breakingnews","10":"tag-featured-news","11":"tag-featurednews","12":"tag-headlines","13":"tag-latest-news","14":"tag-latestnews","15":"tag-news","16":"tag-no","17":"tag-norge","18":"tag-norway","19":"tag-nyheter","20":"tag-overskrifter","21":"tag-top-stories","22":"tag-topstories"},"share_on_mastodon":{"url":"https:\/\/pubeurope.com\/@no\/115569206424151136","error":""},"_links":{"self":[{"href":"https:\/\/www.europesays.com\/no\/wp-json\/wp\/v2\/posts\/89777","targetHints":{"allow":["GET"]}}],"collection":[{"href":"https:\/\/www.europesays.com\/no\/wp-json\/wp\/v2\/posts"}],"about":[{"href":"https:\/\/www.europesays.com\/no\/wp-json\/wp\/v2\/types\/post"}],"author":[{"embeddable":true,"href":"https:\/\/www.europesays.com\/no\/wp-json\/wp\/v2\/users\/2"}],"replies":[{"embeddable":true,"href":"https:\/\/www.europesays.com\/no\/wp-json\/wp\/v2\/comments?post=89777"}],"version-history":[{"count":0,"href":"https:\/\/www.europesays.com\/no\/wp-json\/wp\/v2\/posts\/89777\/revisions"}],"wp:featuredmedia":[{"embeddable":true,"href":"https:\/\/www.europesays.com\/no\/wp-json\/wp\/v2\/media\/89778"}],"wp:attachment":[{"href":"https:\/\/www.europesays.com\/no\/wp-json\/wp\/v2\/media?parent=89777"}],"wp:term":[{"taxonomy":"category","embeddable":true,"href":"https:\/\/www.europesays.com\/no\/wp-json\/wp\/v2\/categories?post=89777"},{"taxonomy":"post_tag","embeddable":true,"href":"https:\/\/www.europesays.com\/no\/wp-json\/wp\/v2\/tags?post=89777"}],"curies":[{"name":"wp","href":"https:\/\/api.w.org\/{rel}","templated":true}]}}