{"id":89806,"date":"2025-11-18T06:58:37","date_gmt":"2025-11-18T06:58:37","guid":{"rendered":"https:\/\/www.europesays.com\/no\/89806\/"},"modified":"2025-11-18T06:58:37","modified_gmt":"2025-11-18T06:58:37","slug":"fint-a-vaere-kvitt-spetalen","status":"publish","type":"post","link":"https:\/\/www.europesays.com\/no\/89806\/","title":{"rendered":"Fint \u00e5 v\u00e6re kvitt Spetalen"},"content":{"rendered":"<p>Norge taper p\u00e5 hjerneflukten, men Arbeiderpartiet og venstresiden tjener p\u00e5 den. De blir kvitt noen av sine farligste motstandere. Formuesskatten er v\u00e5rt lands skjulte eksilmekanisme for en del begavede og energiske opposisjonelle. \u00c5 oppheve den ville v\u00e6re bra for landet, men politisk selvskading for venstresiden.<\/p>\n<blockquote itemscope=\"itemscope\" itemtype=\"http:\/\/schema.org\/Quotation\" id=\"s-quote-4be07f120a3c2\" class=\"dp-plugin-element duplicate clear-none\"><p>Norge blir over tid mindre relevant for dem, og de mindre relevant for oss. <\/p><\/blockquote>\n<p>I mange \u00e5r har stjerneinvestoren \u00d8ystein Stray Spetalen st\u00e5tt for en n\u00e6ringslivsbasert kritikk av norsk politikk, s\u00e6rlig Ap i regjeringsposisjon. <a href=\"https:\/\/www.finansavisen.no\/samfunn\/2025\/11\/03\/8304491\/oystein-stray-spetalen-flytter-til-sveits\" rel=\"nofollow noopener\" target=\"_blank\">Endelig sendte formuesskatten ham i eksil<\/a>. Det m\u00e5 v\u00e6re deilig for Ap-ledelsen \u00e5 vite at Spetalens adresse n\u00e5 er Sveits. Finansmannen blir ikke borte fra debatten, men\u00a0\u2013 lik andre i skatteeksil\u00a0\u2013 vil vi h\u00f8re mindre til ham. Det blir som med andre hjerneflyktninger. Norge blir over tid mindre relevant for dem, og de mindre relevant for oss.<\/p>\n<p>Stoltenbergs fastholdelse av den urimelig harde exit-skatten kan peke i motsatt retning ved \u00e5 holde en del kritikere tilbake i Norge. Men en drakonisk flytteskatt for de produktive tvinger en del unge flinke til \u00e5 dra fra Norge tidlig. Dermed blir Ap kvitt en del talentfulle potensielle kritikere, jf. skolevalget, der Ap s\u00e6rlig taper hos ambisi\u00f8se gutter. Ingen kan p\u00e5st\u00e5 at venstresiden har skjerpet exit-skatten fordi de dermed f\u00e5r sendt yngre mulige kritikere i eksil. Men det kan sitte ekstra tungt inne \u00e5 lempe den siden de stemmetaktisk tjener p\u00e5 den.<\/p>\n<p>Andre mekanismer Norge taper p\u00e5, men der Ap og venstresiden vinner, er de 700.000 utenfor arbeidslivet p\u00e5 uf\u00f8retrygd og sykepenger\/arbeidsavklaring, samt et h\u00f8yt antall innvandrere. Disse grupper er avhengig av offentlige overf\u00f8ringer og vil ofte se seg tjent med venstresidens l\u00f8sninger.<\/p>\n<p>Tiltak som effektivt gj\u00f8r noe med dette utenforskapet, blir dermed for venstresiden politisk selvskading ved valg der hver stemme teller. Kanskje ikke s\u00e5 rart at St\u00f8re og Stoltenberg prioriterer t\u00f8ysetiltak som skattelotto med arbeidsfradrag og mindre lettelser i skatt, fremfor \u00e5 ta tak i de reglene som skaper utenforskapet \u2013 og stemmene.<\/p>\n<p>Den kvasireligi\u00f8se og irrasjonelle troen p\u00e5 at likhet er rettferdighet, gir en hjerneflukt Norge taper p\u00e5, men som samtidig l\u00e5ser landet politisk. Vi blir likere, men ogs\u00e5 fattigere og dermed sintere, og lettere ofre for ideologier som stempler v\u00e5re beste verdiskapere som v\u00e5re st\u00f8rste fiender.<\/p>\n<p><b>Ole Gjems-Onstad<\/b><\/p>\n<p>Professor emeritus i skatterett ved Handelsh\u00f8yskolen BI<\/p>\n","protected":false},"excerpt":{"rendered":"Norge taper p\u00e5 hjerneflukten, men Arbeiderpartiet og venstresiden tjener p\u00e5 den. De blir kvitt noen av sine farligste&hellip;\n","protected":false},"author":2,"featured_media":89807,"comment_status":"","ping_status":"","sticky":false,"template":"","format":"standard","meta":{"footnotes":""},"categories":[5],"tags":[20,21,24,25,15,19,22,23,17,18,13,30,28,29,14,16,26,27],"class_list":{"0":"post-89806","1":"post","2":"type-post","3":"status-publish","4":"format-standard","5":"has-post-thumbnail","7":"category-overskrifter","8":"tag-breaking-news","9":"tag-breakingnews","10":"tag-featured-news","11":"tag-featurednews","12":"tag-headlines","13":"tag-hovedoppslag","14":"tag-latest-news","15":"tag-latestnews","16":"tag-main-news","17":"tag-mainnews","18":"tag-news","19":"tag-no","20":"tag-norge","21":"tag-norway","22":"tag-nyheter","23":"tag-overskrifter","24":"tag-top-stories","25":"tag-topstories"},"share_on_mastodon":{"url":"https:\/\/pubeurope.com\/@no\/115569407031708365","error":""},"_links":{"self":[{"href":"https:\/\/www.europesays.com\/no\/wp-json\/wp\/v2\/posts\/89806","targetHints":{"allow":["GET"]}}],"collection":[{"href":"https:\/\/www.europesays.com\/no\/wp-json\/wp\/v2\/posts"}],"about":[{"href":"https:\/\/www.europesays.com\/no\/wp-json\/wp\/v2\/types\/post"}],"author":[{"embeddable":true,"href":"https:\/\/www.europesays.com\/no\/wp-json\/wp\/v2\/users\/2"}],"replies":[{"embeddable":true,"href":"https:\/\/www.europesays.com\/no\/wp-json\/wp\/v2\/comments?post=89806"}],"version-history":[{"count":0,"href":"https:\/\/www.europesays.com\/no\/wp-json\/wp\/v2\/posts\/89806\/revisions"}],"wp:featuredmedia":[{"embeddable":true,"href":"https:\/\/www.europesays.com\/no\/wp-json\/wp\/v2\/media\/89807"}],"wp:attachment":[{"href":"https:\/\/www.europesays.com\/no\/wp-json\/wp\/v2\/media?parent=89806"}],"wp:term":[{"taxonomy":"category","embeddable":true,"href":"https:\/\/www.europesays.com\/no\/wp-json\/wp\/v2\/categories?post=89806"},{"taxonomy":"post_tag","embeddable":true,"href":"https:\/\/www.europesays.com\/no\/wp-json\/wp\/v2\/tags?post=89806"}],"curies":[{"name":"wp","href":"https:\/\/api.w.org\/{rel}","templated":true}]}}