{"id":89819,"date":"2025-11-18T07:40:12","date_gmt":"2025-11-18T07:40:12","guid":{"rendered":"https:\/\/www.europesays.com\/no\/89819\/"},"modified":"2025-11-18T07:40:12","modified_gmt":"2025-11-18T07:40:12","slug":"kenza-zouiten-er-gravid-med-sitt-fjerde-barn","status":"publish","type":"post","link":"https:\/\/www.europesays.com\/no\/89819\/","title":{"rendered":"Kenza Zouiten er gravid med sitt fjerde barn"},"content":{"rendered":"\n<p class=\"_lead_o9xde_2 _lead_xtcu6_50 layout-component text-serif-m layout-normal text-serif-l layout-component layout-wide layout-padded _wide_17hqh_1 layout-padded\">Den svenske influenceren, som tidligere har v\u00e6rt \u00e5pen om fertilitetsproblemer, venter n\u00e5 sitt fjerde barn.<\/p>\n<p><img alt=\" Foto: Jessica Gow\/TT \/ TT Nyhetsbyr\u00e5n \/ NTB\" class=\"_image_qp4xg_65 layout-component layout-wide\" data-fullscreen- data-track-element-type=\"Article image fullscreen\" data-track-name=\"ImageFullscreen\" fetchpriority=\"high\" decoding=\"sync\" loading=\"eager\" height=\"5502\" itemprop=\"image\"  src=\"https:\/\/www.europesays.com\/no\/wp-content\/uploads\/2025\/11\/5f395ff5-bd6a-4675-a259-c38a3c155075\"  style=\"object-position:0% 0%\" width=\"5502\"\/> Foto: Jessica Gow\/TT \/ TT Nyhetsbyr\u00e5n \/ NTB<\/p>\n<ul aria-hidden=\"true\" class=\"_images_18f0k_111\">\n<li><a class=\"_link_18f0k_116\" href=\"https:\/\/www.vg.no\/forfatter\/hannah-solstad-klepp\" style=\"z-index:1\" title=\"Hannah Solstad Klepp\" rel=\"nofollow noopener\" target=\"_blank\"><img alt=\"Bilde av Hannah Solstad Klepp\" class=\"_image_18f0k_93\" fetchpriority=\"low\" loading=\"lazy\" decoding=\"async\" itemprop=\"image\"  src=\"https:\/\/www.europesays.com\/no\/wp-content\/uploads\/2025\/11\/1763451610_856_f811f9c1-64f7-4c50-9133-b5735831a650\"  width=\"480\"\/><\/a><\/li>\n<\/ul>\n<p> Oppdatert tirsdag 18. november kl. 08:06     <\/p>\n<p class=\"_paragraph_o9xde_4 _paragraph_xtcu6_10 layout-component text-serif-m layout-normal text-serif-m layout-padded\">Det avsl\u00f8rer hun p\u00e5 <a href=\"https:\/\/www.instagram.com\/p\/DRKsgoLigFE\/?img_index=1\" class=\"_link_o9xde_39\" rel=\"nofollow noopener\" target=\"_blank\">Instagram<\/a> for sine 1,7 millioner f\u00f8lgere, mandag kveld.<\/p>\n<p class=\"_paragraph_o9xde_4 _paragraph_xtcu6_10 layout-component text-serif-m layout-normal text-serif-m layout-padded\">Sammen med ektemannen, Aleksandar Subosic (40), har de tre s\u00f8nner fra f\u00f8r: Nikola, Danilo og Sasha.<\/p>\n<p class=\"_paragraph_o9xde_4 _paragraph_xtcu6_10 layout-component text-serif-m layout-normal text-serif-m layout-padded\">\u00abDr\u00f8mmen v\u00e5r om en stor familie er i ferd med \u00e5 f\u00e5 i oppfyllelse\u00bb, skriver hun under innlegget. <\/p>\n<p class=\"_paragraph_o9xde_4 _paragraph_xtcu6_10 layout-component text-serif-m layout-normal text-serif-m layout-padded\">\u00abDen siste brikken i puslespillet v\u00e5rt kommer i mai! Mamma, pappa og de tre storebr\u00f8drene dine gleder seg s\u00e5\u00e5\u00e5 mye til \u00e5 m\u00f8te deg, lille baby\u00bb, fortsetter hun.<\/p>\n<p><img alt=\"Foto: Anders Wiklund\/TT \/ TT Nyhetsbyr\u00e5n \/ NTB\" class=\"_image_qp4xg_65 layout-component layout-normal\" data-fullscreen- data-track-element-type=\"Article image fullscreen\" data-track-name=\"ImageFullscreen\" decoding=\"async\" loading=\"lazy\" height=\"3414\" itemprop=\"image\"  src=\"https:\/\/www.europesays.com\/no\/wp-content\/uploads\/2025\/11\/d3853d47-993a-4d6f-b32e-69c64ca71c3d\"  style=\"object-position:0% 0%\" width=\"3414\"\/>Foto: Anders Wiklund\/TT \/ TT Nyhetsbyr\u00e5n \/ NTB<\/p>\n<p class=\"_paragraph_o9xde_4 _paragraph_xtcu6_10 layout-component text-serif-m layout-normal text-serif-m layout-padded\">34-\u00e5ringen har v\u00e6rt popul\u00e6r i Sverige i mange \u00e5r, og er en av Skandinavias mest kjente influencere. <\/p>\n<p class=\"_paragraph_o9xde_4 _paragraph_xtcu6_10 layout-component text-serif-m layout-normal text-serif-m layout-padded\">Hun ble for alvor kjent gjennom bloggen sin som hun startet som 16-\u00e5ring. Bloggen hennes var en av Sveriges mest leste, og hun hadde over en million lesere i uken.<\/p>\n<p class=\"_paragraph_o9xde_4 _paragraph_xtcu6_10 layout-component text-serif-m layout-normal text-serif-m layout-padded\">I 2020 kunngjorde hun at hun etter 15 \u00e5r som blogger, ville ta en <a href=\"https:\/\/www.vg.no\/rampelys\/i\/Wb5oQQ\/svenske-kenza-tar-bloggpause-ikke-saa-goey-lenger\" data-track-element-type=\"Link\" data-track-id=\"link:Wb5oQQ\" class=\"_link_o9xde_39\" rel=\"nofollow noopener\" target=\"_blank\">pause fra bloggen<\/a> for \u00e5 fokusere p\u00e5 Instagram.<\/p>\n<p class=\"_paragraph_o9xde_4 _paragraph_xtcu6_10 layout-component text-serif-m layout-normal text-serif-m layout-padded\">Hun st\u00e5r ogs\u00e5 bak motemerket \u00abIvyRevel\u00bb som selges i 80 land.<\/p>\n<p><img alt=\"Kenza sammen med ektemannen Aleksandar Subosic i 2023.  Foto: Christine Olsson\/TT \/ TT Nyhetsbyr\u00e5n \/ NTB\" class=\"_image_qp4xg_65 layout-component layout-normal\" data-fullscreen- data-track-element-type=\"Article image fullscreen\" data-track-name=\"ImageFullscreen\" decoding=\"async\" loading=\"lazy\" height=\"6000\" itemprop=\"image\"  src=\"https:\/\/www.europesays.com\/no\/wp-content\/uploads\/2025\/11\/9529f037-7f70-4cc5-878f-68956449802e\"  style=\"object-position:0% 0%\" width=\"4000\"\/>Kenza sammen med ektemannen Aleksandar Subosic i 2023.  Foto: Christine Olsson\/TT \/ TT Nyhetsbyr\u00e5n \/ NTB<\/p>\n<p class=\"_paragraph_o9xde_4 _paragraph_xtcu6_10 layout-component text-serif-m layout-normal text-serif-m layout-padded\">Zouiten har tidligere v\u00e6rt \u00e5pen om sine fertilitetsproblemer. Som 26-\u00e5ring fikk hun beskjed om at hun ville komme i overgangsalderen tidlig, og at sjansen for \u00e5 f\u00e5 biologiske barn var sv\u00e6rt liten. <\/p>\n<p class=\"_paragraph_o9xde_4 _paragraph_xtcu6_10 layout-component text-serif-m layout-normal text-serif-m layout-padded\">Etter flere mislykkede IVF-fors\u00f8kIVF-fors\u00f8kEt IVF-fors\u00f8k, eller pr\u00f8ver\u00f8rsfors\u00f8k, er en form for assistert befruktning der befruktningen skjer i et laboratorium. ble hun til slutt gravid med sitt f\u00f8rste barn, Nikola, p\u00e5 naturlig m\u00e5te. Da hun ble gravid med sitt andre barn, Danilo, var hun \u00e5pen om at hun <a href=\"https:\/\/www.vg.no\/i\/LAyxqQ\" data-track-element-type=\"Link\" data-track-id=\"link:LAyxqQ\" class=\"_link_o9xde_39\" rel=\"nofollow noopener\" target=\"_blank\">gikk p\u00e5 hormonbehandling<\/a>.<\/p>\n<p class=\"_paragraph_o9xde_4 _paragraph_xtcu6_10 layout-component text-serif-m layout-normal text-serif-m layout-padded\">\u00abMen det \u00e5 lage barn, er ikke noe som \u00abbare skjer\u00bb for oss. Vi trenger hjelp. Derfor var vi sjokkert over at det skjedde s\u00e5 fort denne gangen. Men vi er selvsagt S\u00c5 lykkelig og S\u00c5 takknemlige. Dette hadde vi ikke kunnet forestille oss for to og et halvt \u00e5r siden\u00bb, skrev hun p\u00e5 Instagram den gang.<\/p>\n<p>Les ogs\u00e5<br \/>\n    <script async src=\"\/\/www.instagram.com\/embed.js\"><\/script><\/p>\n","protected":false},"excerpt":{"rendered":"Den svenske influenceren, som tidligere har v\u00e6rt \u00e5pen om fertilitetsproblemer, venter n\u00e5 sitt fjerde barn. Foto: Jessica Gow\/TT&hellip;\n","protected":false},"author":2,"featured_media":89820,"comment_status":"","ping_status":"","sticky":false,"template":"","format":"standard","meta":{"footnotes":""},"categories":[12],"tags":[20,21,24,25,3011,15,829,22,23,13,30,28,29,14,16,26,27,42,43,44,45],"class_list":{"0":"post-89819","1":"post","2":"type-post","3":"status-publish","4":"format-standard","5":"has-post-thumbnail","7":"category-verden","8":"tag-breaking-news","9":"tag-breakingnews","10":"tag-featured-news","11":"tag-featurednews","12":"tag-graviditet","13":"tag-headlines","14":"tag-influencer","15":"tag-latest-news","16":"tag-latestnews","17":"tag-news","18":"tag-no","19":"tag-norge","20":"tag-norway","21":"tag-nyheter","22":"tag-overskrifter","23":"tag-top-stories","24":"tag-topstories","25":"tag-verden","26":"tag-world","27":"tag-world-news","28":"tag-worldnews"},"share_on_mastodon":{"url":"https:\/\/pubeurope.com\/@no\/115569572282980375","error":""},"_links":{"self":[{"href":"https:\/\/www.europesays.com\/no\/wp-json\/wp\/v2\/posts\/89819","targetHints":{"allow":["GET"]}}],"collection":[{"href":"https:\/\/www.europesays.com\/no\/wp-json\/wp\/v2\/posts"}],"about":[{"href":"https:\/\/www.europesays.com\/no\/wp-json\/wp\/v2\/types\/post"}],"author":[{"embeddable":true,"href":"https:\/\/www.europesays.com\/no\/wp-json\/wp\/v2\/users\/2"}],"replies":[{"embeddable":true,"href":"https:\/\/www.europesays.com\/no\/wp-json\/wp\/v2\/comments?post=89819"}],"version-history":[{"count":0,"href":"https:\/\/www.europesays.com\/no\/wp-json\/wp\/v2\/posts\/89819\/revisions"}],"wp:featuredmedia":[{"embeddable":true,"href":"https:\/\/www.europesays.com\/no\/wp-json\/wp\/v2\/media\/89820"}],"wp:attachment":[{"href":"https:\/\/www.europesays.com\/no\/wp-json\/wp\/v2\/media?parent=89819"}],"wp:term":[{"taxonomy":"category","embeddable":true,"href":"https:\/\/www.europesays.com\/no\/wp-json\/wp\/v2\/categories?post=89819"},{"taxonomy":"post_tag","embeddable":true,"href":"https:\/\/www.europesays.com\/no\/wp-json\/wp\/v2\/tags?post=89819"}],"curies":[{"name":"wp","href":"https:\/\/api.w.org\/{rel}","templated":true}]}}