{"id":89821,"date":"2025-11-18T07:43:10","date_gmt":"2025-11-18T07:43:10","guid":{"rendered":"https:\/\/www.europesays.com\/no\/89821\/"},"modified":"2025-11-18T07:43:10","modified_gmt":"2025-11-18T07:43:10","slug":"landslaget-stale-solbakken-solbakken-har-fatt-mange-rorende-meldinger-etter-brorens-kommentar","status":"publish","type":"post","link":"https:\/\/www.europesays.com\/no\/89821\/","title":{"rendered":"Landslaget, St\u00e5le Solbakken | Solbakken har f\u00e5tt mange r\u00f8rende meldinger etter brorens kommentar"},"content":{"rendered":"\n<p>I en <a href=\"https:\/\/www.tv2.no\/mening_og_analyse\/vi-kom-til-vm-mamma\/18289820\/\" rel=\"nofollow noopener\" target=\"_blank\">kommentar <\/a> beskriver Solbakkens bror, TV 2-journalisten Espen Solbakken, tiden etter morens bortgang, samtidig som han gir et innblikk fra oppveksten i et hjem der hun var den eneste som ikke var fotballidiot.<\/p>\n<p>\u00abVi kom til VM, mamma!\u00bb, er tittelen p\u00e5 den r\u00f8rende \u00ab\u00e5rsberetningen\u00bb om alt som har skjedd etter at hun d\u00f8de.<\/p>\n<p>\u00abDet hadde ikke endret livet ditt at vi omsider kom oss til VM, men her koker det. Kanskje hadde vi trengt den kalde kluten i panna fra guttedagene for \u00e5 f\u00e5 ned feberen en grad eller to. Om du syntes det var for mye fotball f\u00f8r, skulle du h\u00f8rt oss n\u00e5\u00bb, skriver landslagssjefens bror.<\/p>\n<p><b>Les ogs\u00e5: <a rel=\"Follow nofollow noopener\" href=\"https:\/\/www.nettavisen.no\/sport\/kjell-kaspersen-er-dod\/s\/5-95-2732127\" target=\"_blank\">Kjell Kaspersen er d\u00f8d<\/a><\/b><\/p>\n<p>F\u00e5tt mange meldinger<\/p>\n<p>St\u00e5le Solbakken hadde ikke rukket \u00e5 lese brorens kommentar da han m\u00f8tte pressen p\u00e5 spillerhotellet p\u00e5 Storo mandag ettermiddag.<\/p>\n<p>\u2013 Jeg har f\u00e5tt mange tekstmeldinger om at den var bra, s\u00e5 da f\u00e5r jeg gj\u00f8re det da, sa han.<\/p>\n<p><b>Les ogs\u00e5: <a href=\"https:\/\/www.nettavisen.no\/sport\/tirsdagens-premier-league-rykter\/s\/5-95-2733387\" rel=\"Follow nofollow noopener\" target=\"_blank\">Tirsdagens Premier League-rykter<\/a><\/b><\/p>\n<p>Solbakkens mor gikk bort i februar. En m\u00e5ned senere innledet Norge VM-kvalifiseringen, som til slutt endte med plass i mesterskapet neste \u00e5r.<\/p>\n<p>\u2013 Det var t\u00f8ft den samlingen da det hadde skjedd like f\u00f8r, men det g\u00e5r seg til p\u00e5 en m\u00e5te. Hun er med meg, fortsatte han p\u00e5 sp\u00f8rsm\u00e5l fra NTB.<\/p>\n<p>\u2013 Vi har v\u00e6rt en tett familie. Vi har nok v\u00e6rt en familie som alle andre som vokste opp p\u00e5 70-tallet. Vi har kanskje kommet enda n\u00e6rmere dette \u00e5ret mamma har v\u00e6rt borte. Da jeg ringte han (faren) f\u00f8r i tiden var det stort sett 98 prosent fotballprat. N\u00e5 er det mer andre ting ogs\u00e5, som er mer hverdagslige, fortsetter Solbakken til pressen.<\/p>\n<p><b>Les ogs\u00e5: <a rel=\"Follow nofollow noopener\" href=\"https:\/\/www.nettavisen.no\/sport\/nordmenn-gar-amok-for-vm-billetter-pris-spiller-ingen-rolle\/s\/5-95-2731652\" target=\"_blank\">Ville VM-summer. Nordmenn g\u00e5r amok<\/a><\/b><\/p>\n<p>    Vil du se neste video?<\/p>\n<p>    <a href=\"https:\/\/www.nettavisen.no\/nyheter\/vladimir-putin-video-vekker-oppsikt-hva-feiler-det-han\/v\/5-95-2720433\" class=\"recommend-poster\" data-adp-clicklabel=\"video-recommend\" data-adp-clickvalue=\"poster\" rel=\"nofollow noopener\" target=\"_blank\"><br \/>\n      <img decoding=\"async\" width=\"200\" height=\"200\" loading=\"lazy\" src=\"https:\/\/www.europesays.com\/no\/wp-content\/uploads\/2025\/11\/1763407993_253_Putin+til+cue.jpg\" alt=\"\" class=\"brick-c-cFOWSL\" style=\"--brick-image-ratio: 200 \/ 200;\"\/><\/p>\n<p>Putin-video vekker oppsikt: \u2013 Hva feiler det han?0:48<\/p>\n<p>    <\/a><\/p>\n<p>Ikke snakket med faren<\/p>\n<p>Han hadde imidlertid ikke f\u00e5tt tid til \u00e5 snakke med faren etter den utrolige 4-1-seieren over Italia p\u00e5 San Siro s\u00f8ndag.<\/p>\n<p>\u2013 Jeg har ikke f\u00e5tt ringt han heller. Jeg har litt d\u00e5rlig samvittighet, men det har g\u00e5tt i ett. Jeg f\u00e5r vente til i morgen og ta en stille og rolig samtale da, la han til.<\/p>\n<p>(\u00a9NTB)<\/p>\n","protected":false},"excerpt":{"rendered":"I en kommentar beskriver Solbakkens bror, TV 2-journalisten Espen Solbakken, tiden etter morens bortgang, samtidig som han gir&hellip;\n","protected":false},"author":2,"featured_media":89822,"comment_status":"","ping_status":"","sticky":false,"template":"","format":"standard","meta":{"footnotes":""},"categories":[59],"tags":[30,28,29,83,82],"class_list":{"0":"post-89821","1":"post","2":"type-post","3":"status-publish","4":"format-standard","5":"has-post-thumbnail","7":"category-sport","8":"tag-no","9":"tag-norge","10":"tag-norway","11":"tag-sport","12":"tag-sports"},"share_on_mastodon":{"url":"https:\/\/pubeurope.com\/@no\/115569584039789598","error":""},"_links":{"self":[{"href":"https:\/\/www.europesays.com\/no\/wp-json\/wp\/v2\/posts\/89821","targetHints":{"allow":["GET"]}}],"collection":[{"href":"https:\/\/www.europesays.com\/no\/wp-json\/wp\/v2\/posts"}],"about":[{"href":"https:\/\/www.europesays.com\/no\/wp-json\/wp\/v2\/types\/post"}],"author":[{"embeddable":true,"href":"https:\/\/www.europesays.com\/no\/wp-json\/wp\/v2\/users\/2"}],"replies":[{"embeddable":true,"href":"https:\/\/www.europesays.com\/no\/wp-json\/wp\/v2\/comments?post=89821"}],"version-history":[{"count":0,"href":"https:\/\/www.europesays.com\/no\/wp-json\/wp\/v2\/posts\/89821\/revisions"}],"wp:featuredmedia":[{"embeddable":true,"href":"https:\/\/www.europesays.com\/no\/wp-json\/wp\/v2\/media\/89822"}],"wp:attachment":[{"href":"https:\/\/www.europesays.com\/no\/wp-json\/wp\/v2\/media?parent=89821"}],"wp:term":[{"taxonomy":"category","embeddable":true,"href":"https:\/\/www.europesays.com\/no\/wp-json\/wp\/v2\/categories?post=89821"},{"taxonomy":"post_tag","embeddable":true,"href":"https:\/\/www.europesays.com\/no\/wp-json\/wp\/v2\/tags?post=89821"}],"curies":[{"name":"wp","href":"https:\/\/api.w.org\/{rel}","templated":true}]}}